{"id":13025,"date":"2024-11-05T09:20:28","date_gmt":"2024-11-05T12:20:28","guid":{"rendered":"https:\/\/www.paparazzinews.com.br\/?p=13025"},"modified":"2024-11-05T09:20:29","modified_gmt":"2024-11-05T12:20:29","slug":"operacao-sp-sem-fogo-fase-vermelha-chega-ao-fim-com-maior-investimento-no-combate-aereo-da-historia","status":"publish","type":"post","link":"https:\/\/www.paparazzinews.com.br\/?p=13025","title":{"rendered":"Opera\u00e7\u00e3o SP Sem Fogo: Fase vermelha chega ao fim com maior investimento no combate a\u00e9reo da hist\u00f3ria"},"content":{"rendered":"\n<p>A fase vermelha da Opera\u00e7\u00e3o SP Sem Fogo deste ano chega ao fim tendo realizado a maior opera\u00e7\u00e3o a\u00e9rea da hist\u00f3ria. Ao todo, o Governo de SP investiu R$ 18,8 milh\u00f5es na contrata\u00e7\u00e3o de avi\u00f5es, helic\u00f3pteros e compra de querosene para o combate aos focos de inc\u00eandio. Somente a Defesa Civil investiu 76% a mais na contrata\u00e7\u00e3o de aeronaves quando comparado com o valor total investido nos \u00faltimos 9 anos. Inclusive, esta foi a primeira vez em que a Funda\u00e7\u00e3o Florestal e a Defesa Civil contrataram helic\u00f3pteros para combater queimadas durante o per\u00edodo da estiagem.<\/p>\n\n\n\n<p>A opera\u00e7\u00e3o a\u00e9rea coordenada pelo gabinete de crise da Opera\u00e7\u00e3o SP Sem Fogo contou com o emprego das aeronaves contratadas pela Defesa Civil, Secretaria do Meio Ambiente, Infraestrutura e Log\u00edstica, Funda\u00e7\u00e3o Florestal e os helic\u00f3pteros \u00c1guia do Comando de Avia\u00e7\u00e3o da Pol\u00edcia Militar. Durante o per\u00edodo de atua\u00e7\u00e3o do gabinete, as aeronaves totalizaram 1.598 horas de voo e lan\u00e7aram mais de 7,38 milh\u00f5es de litros de \u00e1gua sobre os focos de inc\u00eandio.<\/p>\n\n\n\n<p>Para a contrata\u00e7\u00e3o de avi\u00f5es e helic\u00f3pteros, a Defesa Civil destinou cerca de R$ 7,9 milh\u00f5es, enquanto a Funda\u00e7\u00e3o Florestal investiu R$ 4,8 milh\u00f5es e, a Secretaria do Meio Ambiente, Infraestrutura e Log\u00edstica, R$ 2,3 milh\u00f5es. O Comando de Avia\u00e7\u00e3o da PM gastou cerca de R$ 3,8 milh\u00f5es na compra de combust\u00edvel e manuten\u00e7\u00e3o dos helic\u00f3pteros \u00c1guia.<\/p>\n\n\n\n<p>No dia 14 de setembro, quando os focos de inc\u00eandios atingiram as regi\u00f5es centro-oeste, norte e Vale do Para\u00edba, foi desencadeada a maior opera\u00e7\u00e3o a\u00e9rea da hist\u00f3ria do estado de SP, com o uso de 20 aeronaves atuando ao mesmo tempo, em um esfor\u00e7o conjunto para o combate \u00e0s queimadas.<\/p>\n\n\n\n<p>Al\u00e9m do valor investido na contrata\u00e7\u00e3o de aeronaves, o Governo de SP destinou outros R$ 10 milh\u00f5es para a\u00e7\u00f5es emergenciais e repasse aos munic\u00edpios para a contrata\u00e7\u00e3o de caminh\u00f5es pipa e obras de infraestrutura para o reestabelecimento do servi\u00e7o de abastecimento de \u00e1gua \u00e0 popula\u00e7\u00e3o.<\/p>\n\n\n\n<figure class=\"wp-block-image\"><img data-recalc-dims=\"1\" height=\"472\" width=\"708\" decoding=\"async\" src=\"https:\/\/i0.wp.com\/www.agenciasp.sp.gov.br\/wp-content\/uploads\/2024\/11\/aviao-SP-Sem-Fogo-1024x683.jpg?resize=708%2C472\" alt=\"\" class=\"wp-image-28361\"\/><figcaption class=\"wp-element-caption\">Opera\u00e7\u00e3o utilizou 20 aeronaves e teve in\u00edcio em setembro. Sandro Souza\/Governo do Estado de SP<\/figcaption><\/figure>\n\n\n\n<p>A atua\u00e7\u00e3o da Opera\u00e7\u00e3o SP Sem Fogo contou com o empenho de cerca de 15 mil pessoas, entre agentes da Defesa Civil, da Funda\u00e7\u00e3o Florestal, do Corpo de Bombeiros, brigadistas do Departamento de Estradas e Rodagem (DER) e da iniciativa privada, al\u00e9m de volunt\u00e1rios. Por terra, foram utilizados quase 2,5 mil ve\u00edculos, entre viaturas, caminh\u00f5es-pipa e ve\u00edculos das empresas agr\u00edcolas, al\u00e9m de diversas a\u00e7\u00f5es preventivas que foram implementadas, incluindo vistorias em \u00e1reas vulner\u00e1veis a queimadas, constru\u00e7\u00e3o de aceiros e campanhas de conscientiza\u00e7\u00e3o voltadas para a popula\u00e7\u00e3o.<\/p>\n\n\n\n<p>\u201cEste ano enfrentamos a pior estiagem da hist\u00f3ria do estado de S\u00e3o Paulo. O cen\u00e1rio exigiu uma enorme uni\u00e3o do poder p\u00fablico e da iniciativa privada no enfrentamento \u00e0s queimadas. A cria\u00e7\u00e3o do gabinete de crise logo no in\u00edcio dos inc\u00eandios permitiu uma atua\u00e7\u00e3o sist\u00eamica e integrada e isso foi crucial para controlarmos o fogo em S\u00e3o Paulo\u201d, destacou o Coronel PM Henguel Ricardo Pereira, Coordenador Estadual de Prote\u00e7\u00e3o e Defesa Civil.<\/p>\n\n\n\n<h2 class=\"wp-block-heading\">Tecnologia e conscientiza\u00e7\u00e3o<\/h2>\n\n\n\n<p>Meses antes do per\u00edodo da estiagem a Opera\u00e7\u00e3o SP Fogo iniciou uma campanha sobre a conscientiza\u00e7\u00e3o da preven\u00e7\u00e3o \u00e0s queimadas em S\u00e3o Paulo. V\u00eddeos foram exibidos em salas de cinema, canais de tv e m\u00eddia outdoor. J\u00e1 durante o per\u00edodo mais cr\u00edtico das queimadas, a Defesa Civil distribuiu cerca de 500 mil panfletos nas regi\u00f5es mais afetadas pelo fogo, como Ribeir\u00e3o Preto, Franca, Presidente Prudente, Barretos e Vale do Para\u00edba.<\/p>\n\n\n\n<p>A Defesa Civil utilizou o Sistema de Monitoramento e Alerta Climatempo (SMAC), que faz o acompanhamento dos focos ativos de todo o estado em tempo real, permitindo a atua\u00e7\u00e3o dos agentes de modo imediato, j\u00e1 que os sat\u00e9lites conseguem identificar o foco desde seu in\u00edcio.<\/p>\n\n\n\n<p>Outra importante ferramenta foi o Mapa de Risco de inc\u00eandio, que utiliza algoritmos que cruzam dados como umidade do ar e do solo, temperatura, velocidade do vento e previs\u00e3o meteorol\u00f3gica. Com isso, o software aponta as regi\u00f5es do estado com maior risco para queimadas, escalonado em quatro n\u00edveis, que vai de baixo at\u00e9 n\u00edvel de emerg\u00eancia.<\/p>\n\n\n\n<p>Drones com c\u00e2meras termais foram essenciais no monitoramento dentro dos parques florestais e esta\u00e7\u00f5es ecol\u00f3gicas. Os t\u00e9cnicos da Funda\u00e7\u00e3o Florestal empregaram a tecnologia para auxiliar os brigadistas, identificando os pontos de calor e direcionando o esfor\u00e7o nos pontos exatos do fogo.<\/p>\n\n\n\n<h2 class=\"wp-block-heading\">SP Sem Fogo<\/h2>\n\n\n\n<p>A Opera\u00e7\u00e3o SP Sem Fogo visa, entre outras a\u00e7\u00f5es, diminuir os riscos associados aos focos de inc\u00eandio no Estado, principalmente durante o per\u00edodo mais seco do ano, de junho a outubro na regi\u00e3o Sudeste do pa\u00eds.<\/p>\n\n\n\n<p>A opera\u00e7\u00e3o \u00e9 uma parceria entre as Secretarias de Meio Ambiente, Infraestrutura e Log\u00edstica (Semil), Seguran\u00e7a P\u00fablica e Defesa Civil do Estado. Al\u00e9m disso, conta tamb\u00e9m com a\u00e7\u00f5es e investimentos do Corpo de Bombeiros, Pol\u00edcia Militar Ambiental, Companhia Ambiental do Estado de S\u00e3o Paulo (CETESB), Departamento de Estradas de Rodagem (DER), Funda\u00e7\u00e3o Florestal (FF), Coordenadoria de Fiscaliza\u00e7\u00e3o e Biodiversidade (CFB) e Secretaria de Agricultura e Abastecimento (SAA).<\/p>\n\n\n\n<p><strong><em><strong><em><strong><em><strong><em><strong><em><strong><em><strong><em><strong><em><strong>Siga nossas redes sociais no\u00a0<a href=\"https:\/\/www.instagram.com\/ronipaparazzi\/\">Instagram\u00a0<\/a>e\u00a0<a href=\"https:\/\/www.facebook.com\/ronipaparazzicomvoce\">Facebook<\/a>\u00a0participe da nossa comunidade do Canal Roni Paparazzi no Whatsapp e receba as principais not\u00edcias da regi\u00e3o de Ara\u00e7atuba do dia direto no seu celular.<\/strong>\u00a0<a href=\"https:\/\/chat.whatsapp.com\/GsG1XKo0jPOEfjzudWQcml\" target=\"_blank\" rel=\"noreferrer noopener\">\u00a0Clique aqui e se inscreva.<\/a><\/em><\/strong><\/em><\/strong><\/em><\/strong><\/em><\/strong><\/em><\/strong><\/em><\/strong><\/em><\/strong><\/em><\/strong><\/p>\n","protected":false},"excerpt":{"rendered":"<p>A fase vermelha da Opera\u00e7\u00e3o SP Sem Fogo deste ano chega ao fim tendo realizado a maior opera\u00e7\u00e3o a\u00e9rea da hist\u00f3ria. Ao todo, o Governo de SP investiu R$ 18,8 milh\u00f5es na contrata\u00e7\u00e3o de avi\u00f5es, helic\u00f3pteros e compra de querosene para o combate aos focos de inc\u00eandio. Somente a Defesa Civil investiu 76% a mais &hellip;<\/p>\n","protected":false},"author":1,"featured_media":13026,"comment_status":"open","ping_status":"open","sticky":false,"template":"","format":"standard","meta":{"_jetpack_memberships_contains_paid_content":false,"footnotes":"","jetpack_publicize_message":"","jetpack_publicize_feature_enabled":true,"jetpack_social_post_already_shared":false,"jetpack_social_options":{"image_generator_settings":{"template":"highway","default_image_id":0,"enabled":false},"version":2}},"categories":[4],"tags":[],"class_list":["post-13025","post","type-post","status-publish","format-standard","has-post-thumbnail","hentry","category-regiao"],"jetpack_publicize_connections":[],"jetpack_featured_media_url":"https:\/\/i0.wp.com\/www.paparazzinews.com.br\/wp-content\/uploads\/2024\/11\/operacao-aerea-1536x1024-1.jpg?fit=1536%2C1024&ssl=1","views":"1256","jetpack_likes_enabled":true,"jetpack_sharing_enabled":true,"_links":{"self":[{"href":"https:\/\/www.paparazzinews.com.br\/index.php?rest_route=\/wp\/v2\/posts\/13025","targetHints":{"allow":["GET"]}}],"collection":[{"href":"https:\/\/www.paparazzinews.com.br\/index.php?rest_route=\/wp\/v2\/posts"}],"about":[{"href":"https:\/\/www.paparazzinews.com.br\/index.php?rest_route=\/wp\/v2\/types\/post"}],"author":[{"embeddable":true,"href":"https:\/\/www.paparazzinews.com.br\/index.php?rest_route=\/wp\/v2\/users\/1"}],"replies":[{"embeddable":true,"href":"https:\/\/www.paparazzinews.com.br\/index.php?rest_route=%2Fwp%2Fv2%2Fcomments&post=13025"}],"version-history":[{"count":1,"href":"https:\/\/www.paparazzinews.com.br\/index.php?rest_route=\/wp\/v2\/posts\/13025\/revisions"}],"predecessor-version":[{"id":13027,"href":"https:\/\/www.paparazzinews.com.br\/index.php?rest_route=\/wp\/v2\/posts\/13025\/revisions\/13027"}],"wp:featuredmedia":[{"embeddable":true,"href":"https:\/\/www.paparazzinews.com.br\/index.php?rest_route=\/wp\/v2\/media\/13026"}],"wp:attachment":[{"href":"https:\/\/www.paparazzinews.com.br\/index.php?rest_route=%2Fwp%2Fv2%2Fmedia&parent=13025"}],"wp:term":[{"taxonomy":"category","embeddable":true,"href":"https:\/\/www.paparazzinews.com.br\/index.php?rest_route=%2Fwp%2Fv2%2Fcategories&post=13025"},{"taxonomy":"post_tag","embeddable":true,"href":"https:\/\/www.paparazzinews.com.br\/index.php?rest_route=%2Fwp%2Fv2%2Ftags&post=13025"}],"curies":[{"name":"wp","href":"https:\/\/api.w.org\/{rel}","templated":true}]}}