{"id":12988,"date":"2024-11-04T12:33:43","date_gmt":"2024-11-04T15:33:43","guid":{"rendered":"https:\/\/www.paparazzinews.com.br\/?p=12988"},"modified":"2024-11-04T12:33:43","modified_gmt":"2024-11-04T15:33:43","slug":"camara-municipal-de-nova-independencia-sp-lanca-edital-para-licitacao-de-veiculo-de-quase-200-mil","status":"publish","type":"post","link":"https:\/\/www.paparazzinews.com.br\/?p=12988","title":{"rendered":"C\u00e2mara Municipal de Nova Independ\u00eancia\/SP Lan\u00e7a Edital para Licita\u00e7\u00e3o de Ve\u00edculo de quase 200 mil"},"content":{"rendered":"\n<p>A C\u00e2mara Municipal de Nova Independ\u00eancia, em S\u00e3o Paulo, sob a presidente de Geraldo Juniti Oguri, lan\u00e7ou um edital para licita\u00e7\u00e3o p\u00fablica, objetivando a contrata\u00e7\u00e3o de uma empresa para a aquisi\u00e7\u00e3o de um ve\u00edculo sedan, zero km, ano 2024, com capacidade para cinco lugares. O valor estimado para a contrata\u00e7\u00e3o \u00e9 de R$ 174.345,00. A informa\u00e7\u00e3o \u00e9 de Roni Paparazzi.<\/p>\n\n\n\n<p>Detalhes da Licita\u00e7\u00e3o:<\/p>\n\n\n\n<ul class=\"wp-block-list\">\n<li>N\u00famero do Preg\u00e3o: 01\/2024<\/li>\n\n\n\n<li>N\u00famero do Processo Administrativo: 03\/2024<\/li>\n\n\n\n<li>Crit\u00e9rio de Julgamento: Menor pre\u00e7o<\/li>\n\n\n\n<li>Modo de Disputa: Fechado e aberto<\/li>\n\n\n\n<li>Credenciamento: At\u00e9 08h30min do dia 21 de novembro de 2024 (hor\u00e1rio de Bras\u00edlia)<\/li>\n\n\n\n<li>Abertura e Julgamento das Propostas: 10h00min do dia 21 de novembro de 2024 (hor\u00e1rio de Bras\u00edlia)<\/li>\n\n\n\n<li>Local: Plen\u00e1rio da C\u00e2mara Municipal<\/li>\n<\/ul>\n\n\n\n<p>Informa\u00e7\u00f5es Adicionais:<\/p>\n\n\n\n<ul class=\"wp-block-list\">\n<li>Endere\u00e7o da C\u00e2mara Municipal: Rua Manoel Jose da Silva, n\u00ba 975, Centro \u2013 CEP 16.940-009 \u2013 Nova Independ\u00eancia\/SP<\/li>\n\n\n\n<li>Consultas ao Edital: No site (link unavailable)<\/li>\n\n\n\n<li>Esclarecimentos: Pelo e-mail cmnindependencia@uol.com.br<\/li>\n<\/ul>\n\n\n\n<p>Empresas interessadas devem se credenciar at\u00e9 o dia 21 de novembro de 2024, e as propostas ser\u00e3o abertas e julgadas no mesmo dia, \u00e0s 10h00min, no Plen\u00e1rio da C\u00e2mara Municipal.<\/p>\n\n\n\n<p><strong><em><strong><em><strong><em><strong><em><strong><em><strong><em><strong><em><strong><em><strong>Siga nossas redes sociais no\u00a0<a href=\"https:\/\/www.instagram.com\/ronipaparazzi\/\">Instagram\u00a0<\/a>e\u00a0<a href=\"https:\/\/www.facebook.com\/ronipaparazzicomvoce\">Facebook<\/a>\u00a0participe da nossa comunidade do Canal Roni Paparazzi no Whatsapp e receba as principais not\u00edcias da regi\u00e3o de Ara\u00e7atuba do dia direto no seu celular.<\/strong>\u00a0<a href=\"https:\/\/chat.whatsapp.com\/GsG1XKo0jPOEfjzudWQcml\" target=\"_blank\" rel=\"noreferrer noopener\">\u00a0Clique aqui e se inscreva.<\/a><\/em><\/strong><\/em><\/strong><\/em><\/strong><\/em><\/strong><\/em><\/strong><\/em><\/strong><\/em><\/strong><\/em><\/strong><\/p>\n","protected":false},"excerpt":{"rendered":"<p>A C\u00e2mara Municipal de Nova Independ\u00eancia, em S\u00e3o Paulo, sob a presidente de Geraldo Juniti Oguri, lan\u00e7ou um edital para licita\u00e7\u00e3o p\u00fablica, objetivando a contrata\u00e7\u00e3o de uma empresa para a aquisi\u00e7\u00e3o de um ve\u00edculo sedan, zero km, ano 2024, com capacidade para cinco lugares. O valor estimado para a contrata\u00e7\u00e3o \u00e9 de R$ 174.345,00. A &hellip;<\/p>\n","protected":false},"author":1,"featured_media":12989,"comment_status":"open","ping_status":"open","sticky":false,"template":"","format":"standard","meta":{"_jetpack_memberships_contains_paid_content":false,"footnotes":"","jetpack_publicize_message":"","jetpack_publicize_feature_enabled":true,"jetpack_social_post_already_shared":false,"jetpack_social_options":{"image_generator_settings":{"template":"highway","default_image_id":0,"enabled":false},"version":2}},"categories":[7],"tags":[],"class_list":["post-12988","post","type-post","status-publish","format-standard","has-post-thumbnail","hentry","category-politica"],"jetpack_publicize_connections":[],"jetpack_featured_media_url":"https:\/\/i0.wp.com\/www.paparazzinews.com.br\/wp-content\/uploads\/2024\/11\/images.jpeg?fit=300%2C168&ssl=1","views":"1305","jetpack_likes_enabled":true,"jetpack_sharing_enabled":true,"_links":{"self":[{"href":"https:\/\/www.paparazzinews.com.br\/index.php?rest_route=\/wp\/v2\/posts\/12988","targetHints":{"allow":["GET"]}}],"collection":[{"href":"https:\/\/www.paparazzinews.com.br\/index.php?rest_route=\/wp\/v2\/posts"}],"about":[{"href":"https:\/\/www.paparazzinews.com.br\/index.php?rest_route=\/wp\/v2\/types\/post"}],"author":[{"embeddable":true,"href":"https:\/\/www.paparazzinews.com.br\/index.php?rest_route=\/wp\/v2\/users\/1"}],"replies":[{"embeddable":true,"href":"https:\/\/www.paparazzinews.com.br\/index.php?rest_route=%2Fwp%2Fv2%2Fcomments&post=12988"}],"version-history":[{"count":1,"href":"https:\/\/www.paparazzinews.com.br\/index.php?rest_route=\/wp\/v2\/posts\/12988\/revisions"}],"predecessor-version":[{"id":12990,"href":"https:\/\/www.paparazzinews.com.br\/index.php?rest_route=\/wp\/v2\/posts\/12988\/revisions\/12990"}],"wp:featuredmedia":[{"embeddable":true,"href":"https:\/\/www.paparazzinews.com.br\/index.php?rest_route=\/wp\/v2\/media\/12989"}],"wp:attachment":[{"href":"https:\/\/www.paparazzinews.com.br\/index.php?rest_route=%2Fwp%2Fv2%2Fmedia&parent=12988"}],"wp:term":[{"taxonomy":"category","embeddable":true,"href":"https:\/\/www.paparazzinews.com.br\/index.php?rest_route=%2Fwp%2Fv2%2Fcategories&post=12988"},{"taxonomy":"post_tag","embeddable":true,"href":"https:\/\/www.paparazzinews.com.br\/index.php?rest_route=%2Fwp%2Fv2%2Ftags&post=12988"}],"curies":[{"name":"wp","href":"https:\/\/api.w.org\/{rel}","templated":true}]}}