{"id":12977,"date":"2024-11-04T11:43:12","date_gmt":"2024-11-04T14:43:12","guid":{"rendered":"https:\/\/www.paparazzinews.com.br\/?p=12977"},"modified":"2024-11-04T11:43:13","modified_gmt":"2024-11-04T14:43:13","slug":"municipio-de-murutinga-do-sul-declara-luto-oficial-por-3-dias-em-homenagem-ao-ex-prefeito-osvaldo-assis","status":"publish","type":"post","link":"https:\/\/www.paparazzinews.com.br\/?p=12977","title":{"rendered":"Munic\u00edpio de Murutinga do Sul Declara Luto Oficial por 3 dias em Homenagem ao Ex-Prefeito Osvaldo Assis"},"content":{"rendered":"\n<p>O prefeito Cristiano Eleuterio Soares da Silva decretou luto oficial por tr\u00eas dias no Munic\u00edpio de Murutinga do Sul, em S\u00e3o Paulo, em raz\u00e3o do falecimento do ex-prefeito Osvaldo Assis, ocorrido em 31 de outubro de 2024. A informa\u00e7\u00e3o \u00e9 de Roni Paparazzi e a foto \u00e9 divulga\u00e7\u00e3o.<\/p>\n\n\n\n<p>O decreto n\u00famero 068, de 1 de novembro de 2024, reconhece os relevantes servi\u00e7os prestados por Osvaldo Assis \u00e0 comunidade local, que incluem sua atua\u00e7\u00e3o como ex-prefeito, vereador e presidente da C\u00e2mara de Vereadores.<\/p>\n\n\n\n<p>Durante sua vida, Osvaldo Assis construiu uma ampla rede de amizades com pessoas de diversos setores da sociedade, deixando um legado de dedica\u00e7\u00e3o e compromisso com o bem-estar da comunidade murutinguense.<\/p>\n\n\n\n<p>Com essa declara\u00e7\u00e3o de luto oficial, o Munic\u00edpio de Murutinga do Sul presta uma justa homenagem ao ex-prefeito, reconhecendo sua contribui\u00e7\u00e3o para o desenvolvimento e crescimento da regi\u00e3o.<\/p>\n\n\n\n<p><strong><em><strong><em><strong><em><strong><em><strong><em><strong><em><strong><em><strong><em><strong>Siga nossas redes sociais no\u00a0<a href=\"https:\/\/www.instagram.com\/ronipaparazzi\/\">Instagram\u00a0<\/a>e\u00a0<a href=\"https:\/\/www.facebook.com\/ronipaparazzicomvoce\">Facebook<\/a>\u00a0participe da nossa comunidade do Canal Roni Paparazzi no Whatsapp e receba as principais not\u00edcias da regi\u00e3o de Ara\u00e7atuba do dia direto no seu celular.<\/strong>\u00a0<a href=\"https:\/\/chat.whatsapp.com\/GsG1XKo0jPOEfjzudWQcml\" target=\"_blank\" rel=\"noreferrer noopener\">\u00a0Clique aqui e se inscreva.<\/a><\/em><\/strong><\/em><\/strong><\/em><\/strong><\/em><\/strong><\/em><\/strong><\/em><\/strong><\/em><\/strong><\/em><\/strong><\/p>\n","protected":false},"excerpt":{"rendered":"<p>O prefeito Cristiano Eleuterio Soares da Silva decretou luto oficial por tr\u00eas dias no Munic\u00edpio de Murutinga do Sul, em S\u00e3o Paulo, em raz\u00e3o do falecimento do ex-prefeito Osvaldo Assis, ocorrido em 31 de outubro de 2024. A informa\u00e7\u00e3o \u00e9 de Roni Paparazzi e a foto \u00e9 divulga\u00e7\u00e3o. O decreto n\u00famero 068, de 1 de &hellip;<\/p>\n","protected":false},"author":1,"featured_media":12978,"comment_status":"open","ping_status":"open","sticky":false,"template":"","format":"standard","meta":{"_jetpack_memberships_contains_paid_content":false,"footnotes":"","jetpack_publicize_message":"","jetpack_publicize_feature_enabled":true,"jetpack_social_post_already_shared":false,"jetpack_social_options":{"image_generator_settings":{"template":"highway","default_image_id":0,"enabled":false},"version":2}},"categories":[4],"tags":[],"class_list":["post-12977","post","type-post","status-publish","format-standard","has-post-thumbnail","hentry","category-regiao"],"jetpack_publicize_connections":[],"jetpack_featured_media_url":"https:\/\/i0.wp.com\/www.paparazzinews.com.br\/wp-content\/uploads\/2024\/11\/osvaldo-p-assis3-1600x1324-1.jpg?fit=1600%2C1324&ssl=1","views":"1345","jetpack_likes_enabled":true,"jetpack_sharing_enabled":true,"_links":{"self":[{"href":"https:\/\/www.paparazzinews.com.br\/index.php?rest_route=\/wp\/v2\/posts\/12977","targetHints":{"allow":["GET"]}}],"collection":[{"href":"https:\/\/www.paparazzinews.com.br\/index.php?rest_route=\/wp\/v2\/posts"}],"about":[{"href":"https:\/\/www.paparazzinews.com.br\/index.php?rest_route=\/wp\/v2\/types\/post"}],"author":[{"embeddable":true,"href":"https:\/\/www.paparazzinews.com.br\/index.php?rest_route=\/wp\/v2\/users\/1"}],"replies":[{"embeddable":true,"href":"https:\/\/www.paparazzinews.com.br\/index.php?rest_route=%2Fwp%2Fv2%2Fcomments&post=12977"}],"version-history":[{"count":1,"href":"https:\/\/www.paparazzinews.com.br\/index.php?rest_route=\/wp\/v2\/posts\/12977\/revisions"}],"predecessor-version":[{"id":12979,"href":"https:\/\/www.paparazzinews.com.br\/index.php?rest_route=\/wp\/v2\/posts\/12977\/revisions\/12979"}],"wp:featuredmedia":[{"embeddable":true,"href":"https:\/\/www.paparazzinews.com.br\/index.php?rest_route=\/wp\/v2\/media\/12978"}],"wp:attachment":[{"href":"https:\/\/www.paparazzinews.com.br\/index.php?rest_route=%2Fwp%2Fv2%2Fmedia&parent=12977"}],"wp:term":[{"taxonomy":"category","embeddable":true,"href":"https:\/\/www.paparazzinews.com.br\/index.php?rest_route=%2Fwp%2Fv2%2Fcategories&post=12977"},{"taxonomy":"post_tag","embeddable":true,"href":"https:\/\/www.paparazzinews.com.br\/index.php?rest_route=%2Fwp%2Fv2%2Ftags&post=12977"}],"curies":[{"name":"wp","href":"https:\/\/api.w.org\/{rel}","templated":true}]}}