{"id":12940,"date":"2024-11-04T09:37:23","date_gmt":"2024-11-04T12:37:23","guid":{"rendered":"https:\/\/www.paparazzinews.com.br\/?p=12940"},"modified":"2024-11-04T09:37:23","modified_gmt":"2024-11-04T12:37:23","slug":"ultimos-dias-de-inscricoes-para-o-concurso-moda-inclusiva-2024","status":"publish","type":"post","link":"https:\/\/www.paparazzinews.com.br\/?p=12940","title":{"rendered":"\u00daltimos dias de inscri\u00e7\u00f5es para o Concurso Moda Inclusiva 2024"},"content":{"rendered":"\n<p>O Governo de S\u00e3o Paulo oferece uma oportunidade para estudantes de moda. A Secretaria de Estado dos Direitos da Pessoa com Defici\u00eancia abriu inscri\u00e7\u00f5es para o Concurso Moda Inclusiva Edi\u00e7\u00e3o 2024. Uma iniciativa voltada para estudantes de p\u00f3s-gradua\u00e7\u00e3o, mestrado e doutorado matriculados em institui\u00e7\u00f5es de ensino superior e nas Faculdades de Tecnologia Estaduais (Fatecs) na \u00e1rea de moda, a competi\u00e7\u00e3o prop\u00f5e a cria\u00e7\u00e3o de roupas para pessoas com defici\u00eancia. As inscri\u00e7\u00f5es devem ser feitas at\u00e9 ter\u00e7a-feira (5), pela\u00a0<a href=\"https:\/\/docs.google.com\/forms\/d\/e\/1FAIpQLSc3wTgVHvxo0DuC8RPyznhXNyNivWJzZQm1Bn9LHare3_u3gA\/viewform\" target=\"_blank\" rel=\"noreferrer noopener\">internet<\/a>. A informa\u00e7\u00e3o \u00e9 da Ag\u00eancia SP.<\/p>\n\n\n\n<p>Em parceria com a Escola de Artes, Ci\u00eancias e Humanidades da Universidade de S\u00e3o Paulo (USP), o concurso abrange quatro categorias: Esporte, Infantil, Social Masculino e Social Feminino. Em uma primeira fase, 20 finalistas ser\u00e3o selecionados \u2013 cinco em cada categoria. Os crit\u00e9rios s\u00e3o: adequa\u00e7\u00e3o \u00e0 categoria e \u00e0 defici\u00eancia selecionada; pesquisa, desenvolvimento e inova\u00e7\u00e3o; criatividade; originalidade das solu\u00e7\u00f5es apresentadas; estilo e linguagem de moda.<\/p>\n\n\n\n<p>Os finalistas devem desenhar e confeccionar as pe\u00e7as, que ser\u00e3o apresentadas em um desfile no dia 2 de dezembro. Os tr\u00eas primeiros lugares receber\u00e3o pr\u00eamios em dinheiro: 3 mil, 6 mil e 8 mil, respectivamente.&nbsp;<a href=\"https:\/\/www.pessoacomdeficiencia.sp.gov.br\/wp-content\/uploads\/2024\/09\/Edital-assinado-17-09-2024.pdf\" target=\"_blank\" rel=\"noreferrer noopener\">Confira edital<\/a>.<\/p>\n\n\n\n<p><strong><em><strong><em><strong><em><strong><em><strong><em><strong><em><strong><em><strong><em><strong>Siga nossas redes sociais no\u00a0<a href=\"https:\/\/www.instagram.com\/ronipaparazzi\/\">Instagram\u00a0<\/a>e\u00a0<a href=\"https:\/\/www.facebook.com\/ronipaparazzicomvoce\">Facebook<\/a>\u00a0participe da nossa comunidade do Canal Roni Paparazzi no Whatsapp e receba as principais not\u00edcias da regi\u00e3o de Ara\u00e7atuba do dia direto no seu celular.<\/strong>\u00a0<a href=\"https:\/\/chat.whatsapp.com\/GsG1XKo0jPOEfjzudWQcml\" target=\"_blank\" rel=\"noreferrer noopener\">\u00a0Clique aqui e se inscreva.<\/a><\/em><\/strong><\/em><\/strong><\/em><\/strong><\/em><\/strong><\/em><\/strong><\/em><\/strong><\/em><\/strong><\/em><\/strong><\/p>\n","protected":false},"excerpt":{"rendered":"<p>O Governo de S\u00e3o Paulo oferece uma oportunidade para estudantes de moda. A Secretaria de Estado dos Direitos da Pessoa com Defici\u00eancia abriu inscri\u00e7\u00f5es para o Concurso Moda Inclusiva Edi\u00e7\u00e3o 2024. Uma iniciativa voltada para estudantes de p\u00f3s-gradua\u00e7\u00e3o, mestrado e doutorado matriculados em institui\u00e7\u00f5es de ensino superior e nas Faculdades de Tecnologia Estaduais (Fatecs) na &hellip;<\/p>\n","protected":false},"author":1,"featured_media":12941,"comment_status":"open","ping_status":"open","sticky":false,"template":"","format":"standard","meta":{"_jetpack_memberships_contains_paid_content":false,"footnotes":"","jetpack_publicize_message":"","jetpack_publicize_feature_enabled":true,"jetpack_social_post_already_shared":false,"jetpack_social_options":{"image_generator_settings":{"template":"highway","default_image_id":0,"enabled":false},"version":2}},"categories":[4],"tags":[],"class_list":["post-12940","post","type-post","status-publish","format-standard","has-post-thumbnail","hentry","category-regiao"],"jetpack_publicize_connections":[],"jetpack_featured_media_url":"https:\/\/i0.wp.com\/www.paparazzinews.com.br\/wp-content\/uploads\/2024\/11\/full-shot-young-woman-with-prosthesis-2-e1730475796730.jpg?fit=1200%2C722&ssl=1","views":"1234","jetpack_likes_enabled":true,"jetpack_sharing_enabled":true,"_links":{"self":[{"href":"https:\/\/www.paparazzinews.com.br\/index.php?rest_route=\/wp\/v2\/posts\/12940","targetHints":{"allow":["GET"]}}],"collection":[{"href":"https:\/\/www.paparazzinews.com.br\/index.php?rest_route=\/wp\/v2\/posts"}],"about":[{"href":"https:\/\/www.paparazzinews.com.br\/index.php?rest_route=\/wp\/v2\/types\/post"}],"author":[{"embeddable":true,"href":"https:\/\/www.paparazzinews.com.br\/index.php?rest_route=\/wp\/v2\/users\/1"}],"replies":[{"embeddable":true,"href":"https:\/\/www.paparazzinews.com.br\/index.php?rest_route=%2Fwp%2Fv2%2Fcomments&post=12940"}],"version-history":[{"count":1,"href":"https:\/\/www.paparazzinews.com.br\/index.php?rest_route=\/wp\/v2\/posts\/12940\/revisions"}],"predecessor-version":[{"id":12942,"href":"https:\/\/www.paparazzinews.com.br\/index.php?rest_route=\/wp\/v2\/posts\/12940\/revisions\/12942"}],"wp:featuredmedia":[{"embeddable":true,"href":"https:\/\/www.paparazzinews.com.br\/index.php?rest_route=\/wp\/v2\/media\/12941"}],"wp:attachment":[{"href":"https:\/\/www.paparazzinews.com.br\/index.php?rest_route=%2Fwp%2Fv2%2Fmedia&parent=12940"}],"wp:term":[{"taxonomy":"category","embeddable":true,"href":"https:\/\/www.paparazzinews.com.br\/index.php?rest_route=%2Fwp%2Fv2%2Fcategories&post=12940"},{"taxonomy":"post_tag","embeddable":true,"href":"https:\/\/www.paparazzinews.com.br\/index.php?rest_route=%2Fwp%2Fv2%2Ftags&post=12940"}],"curies":[{"name":"wp","href":"https:\/\/api.w.org\/{rel}","templated":true}]}}