{"id":1294,"date":"2022-11-25T12:00:16","date_gmt":"2022-11-25T15:00:16","guid":{"rendered":"https:\/\/www.paparazzinews.com.br\/?p=1294"},"modified":"2022-11-25T12:00:17","modified_gmt":"2022-11-25T15:00:17","slug":"assaltante-que-usava-caminhonete-do-amigo-e-preso-em-andradina","status":"publish","type":"post","link":"https:\/\/www.paparazzinews.com.br\/?p=1294","title":{"rendered":"Assaltante que usava caminhonete do amigo \u00e9 preso em Andradina"},"content":{"rendered":"\n<p>No \u00faltimo dia 20 ocorreram dois roubos na cidade de Andradina-SP, ambos na Vila Mineira, tendo como v\u00edtimas A.E.L.S (41 anos, do lar) e L.S.S (62 anos, do lar), as quais residem naquele bairro. Segundo registrado nos boletins de ocorr\u00eancia, elas foram abordadas, no per\u00edodo da manh\u00e3, por um indiv\u00edduo que gesticulava como se estivesse portando uma arma de fogo. Da v\u00edtima A.E.L.S, o alvo levou um telefone celular e uma alian\u00e7a. Da v\u00edtima L.S.S, o autor levou consigo a sua bolsa. As v\u00edtimas apontaram um detalhe peculiar do criminoso, ele dirigia uma camionete de cor branca.<\/p>\n\n\n\n<p>Ap\u00f3s conhecimento dos roubos, os policiais civis da DIG de Andradina iniciaram as investiga\u00e7\u00f5es e obtiveram \u00eaxito em esclarecer que o suspeito de ter praticado os roubos seria o Sr. R.O.A (31 anos, desempregado), residente no Jardim Brasil e j\u00e1 conhecido dos meios policiais. Apurou-se, tamb\u00e9m, que o ve\u00edculo usado pelo suspeito pertencia a um amigo, o qual havia emprestado a caminhonete, sem saber das inten\u00e7\u00f5es criminosas de R.O.A.<\/p>\n\n\n\n<p>Dessa feita, al\u00e9m de instaurar Inqu\u00e9rito Policial, o Delegado titular da DIG, no dia 22 de novembro, representou pela pris\u00e3o tempor\u00e1ria de R.O.A.<\/p>\n\n\n\n<p>R.O.A, em um primeiro momento, n\u00e3o foi encontrado pelos investigadores da DIG. Contudo, na manh\u00e3 de hoje, policiais militares efetuaram a pris\u00e3o de R.O.A, o qual estava a caminho de Tr\u00eas Lagoas-MS, provavelmente com a inten\u00e7\u00e3o de se esconder naquela cidade. Por fim, o preso foi encaminhado \u00e0 Cadeia P\u00fablica de Pereira Barreto, onde ficar\u00e1 \u00e0 disposi\u00e7\u00e3o da Justi\u00e7a.<\/p>\n","protected":false},"excerpt":{"rendered":"<p>No \u00faltimo dia 20 ocorreram dois roubos na cidade de Andradina-SP, ambos na Vila Mineira, tendo como v\u00edtimas A.E.L.S (41 anos, do lar) e L.S.S (62 anos, do lar), as quais residem naquele bairro. Segundo registrado nos boletins de ocorr\u00eancia, elas foram abordadas, no per\u00edodo da manh\u00e3, por um indiv\u00edduo que gesticulava como se estivesse &hellip;<\/p>\n","protected":false},"author":1,"featured_media":1295,"comment_status":"open","ping_status":"open","sticky":false,"template":"","format":"standard","meta":{"_jetpack_memberships_contains_paid_content":false,"footnotes":"","jetpack_publicize_message":"","jetpack_publicize_feature_enabled":true,"jetpack_social_post_already_shared":false,"jetpack_social_options":{"image_generator_settings":{"template":"highway","default_image_id":0,"enabled":false},"version":2}},"categories":[3],"tags":[],"class_list":["post-1294","post","type-post","status-publish","format-standard","has-post-thumbnail","hentry","category-policial"],"jetpack_publicize_connections":[],"jetpack_featured_media_url":"https:\/\/i0.wp.com\/www.paparazzinews.com.br\/wp-content\/uploads\/2022\/11\/20180414_124757-scaled-e1669388400147.jpg?fit=1000%2C486&ssl=1","views":"4672","jetpack_likes_enabled":true,"jetpack_sharing_enabled":true,"_links":{"self":[{"href":"https:\/\/www.paparazzinews.com.br\/index.php?rest_route=\/wp\/v2\/posts\/1294","targetHints":{"allow":["GET"]}}],"collection":[{"href":"https:\/\/www.paparazzinews.com.br\/index.php?rest_route=\/wp\/v2\/posts"}],"about":[{"href":"https:\/\/www.paparazzinews.com.br\/index.php?rest_route=\/wp\/v2\/types\/post"}],"author":[{"embeddable":true,"href":"https:\/\/www.paparazzinews.com.br\/index.php?rest_route=\/wp\/v2\/users\/1"}],"replies":[{"embeddable":true,"href":"https:\/\/www.paparazzinews.com.br\/index.php?rest_route=%2Fwp%2Fv2%2Fcomments&post=1294"}],"version-history":[{"count":1,"href":"https:\/\/www.paparazzinews.com.br\/index.php?rest_route=\/wp\/v2\/posts\/1294\/revisions"}],"predecessor-version":[{"id":1296,"href":"https:\/\/www.paparazzinews.com.br\/index.php?rest_route=\/wp\/v2\/posts\/1294\/revisions\/1296"}],"wp:featuredmedia":[{"embeddable":true,"href":"https:\/\/www.paparazzinews.com.br\/index.php?rest_route=\/wp\/v2\/media\/1295"}],"wp:attachment":[{"href":"https:\/\/www.paparazzinews.com.br\/index.php?rest_route=%2Fwp%2Fv2%2Fmedia&parent=1294"}],"wp:term":[{"taxonomy":"category","embeddable":true,"href":"https:\/\/www.paparazzinews.com.br\/index.php?rest_route=%2Fwp%2Fv2%2Fcategories&post=1294"},{"taxonomy":"post_tag","embeddable":true,"href":"https:\/\/www.paparazzinews.com.br\/index.php?rest_route=%2Fwp%2Fv2%2Ftags&post=1294"}],"curies":[{"name":"wp","href":"https:\/\/api.w.org\/{rel}","templated":true}]}}