{"id":12937,"date":"2024-11-04T09:35:33","date_gmt":"2024-11-04T12:35:33","guid":{"rendered":"https:\/\/www.paparazzinews.com.br\/?p=12937"},"modified":"2024-11-04T09:35:34","modified_gmt":"2024-11-04T12:35:34","slug":"black-friday-procon-sp-tera-reforco-de-postos-todas-as-sextas-de-novembro","status":"publish","type":"post","link":"https:\/\/www.paparazzinews.com.br\/?p=12937","title":{"rendered":"Black Friday: Procon-SP ter\u00e1 refor\u00e7o de postos todas as sextas de novembro"},"content":{"rendered":"\n<p>O Procon-SP ter\u00e1 uma s\u00e9rie de postos espalhados pelo estado de S\u00e3o Paulo para orientar consumidores e fornecedores no per\u00edodo da Black Friday. O objetivo \u00e9 reduzir a quantidade de problemas e reclama\u00e7\u00f5es formalizadas na plataforma do Procon. A informa\u00e7\u00e3o \u00e9 da Ag\u00eancia SP.<\/p>\n\n\n\n<p>\u201cO Procon-SP vem investindo bastante na preven\u00e7\u00e3o e na orienta\u00e7\u00e3o de fornecedores e consumidores, com o objetivo reduzir as reclama\u00e7\u00f5es e melhorar as rela\u00e7\u00f5es de consumo em todo o estado. E continua acompanhando os grandes eventos para evitar pr\u00e1ticas abusivas e o n\u00e3o cumprimento do C\u00f3digo de Defesa do Consumidor\u201d, afirma Luiz Orsatti Filho, diretor Executivo do Procon-SP.<\/p>\n\n\n\n<h2 class=\"wp-block-heading\"><strong>Na capital<\/strong><\/h2>\n\n\n\n<p>Na cidade de S\u00e3o Paulo, em parceria com a Secretaria dos Transportes Metropolitanos, os consumidores poder\u00e3o tirar d\u00favidas e formalizar reclama\u00e7\u00f5es em postos montados nas esta\u00e7\u00f5es Tatuap\u00e9 (CPTM), Sacom\u00e3 (Metr\u00f4) e Jabaquara (EMTU), em todas as sextas-feiras de novembro (exceto no feriado do dia 15, nesta semana o atendimento ser\u00e1 na quinta-feira, 14), com especialistas do Procon-SP tamb\u00e9m recebendo reclama\u00e7\u00f5es das 9h \u00e0s 16h.<\/p>\n\n\n\n<h2 class=\"wp-block-heading\"><strong>Interior e no litoral<\/strong><\/h2>\n\n\n\n<p>J\u00e1 os consumidores do interior e do litoral, poder\u00e3o buscar orienta\u00e7\u00e3o nos micro-\u00f4nibus do Procon M\u00f3vel, que estar\u00e3o em diversas cidades, com destaque para os casos da Black Friday tamb\u00e9m nas sextas-feiras de novembro, das 9h \u00e0s 16h \u2013 exceto no dia 15, a a\u00e7\u00e3o acontecer\u00e1 na quinta-feira, 14, com atendimento em Santos, no bairro do Gonzaga.<\/p>\n\n\n\n<figure class=\"wp-block-table\"><table class=\"has-fixed-layout\"><tbody><tr><td>1\u00ba\/11 \u2013 Sexta-feira<\/td><td>08\/11 \u2013 Sexta-feira<\/td><td>14\/11 \u2013 Quinta-feira<\/td><td>22\/11 \u2013 Sexta-feira<\/td><td>29\/11 \u2013 Sexta-feira<\/td><\/tr><tr><td>Presidente Prudente<\/td><td>Jundia\u00ed<\/td><td>Santos<\/td><td>Votuporanga<\/td><td>S\u00e3o Jos\u00e9 dos Campos<\/td><\/tr><tr><td>Pra\u00e7a Nove de Julho<\/td><td>Pra\u00e7a Governador Pedro de Toledo<\/td><td>Bairro Gonzaga \u2013 local a definir<\/td><td>Pra\u00e7a C\u00edvica Benedito Lopes de Oliveira&nbsp;<\/td><td>Pra\u00e7a Afonso Pena<\/td><\/tr><\/tbody><\/table><\/figure>\n\n\n\n<p>Al\u00e9m das a\u00e7\u00f5es presenciais, o Procon-SP estar\u00e1 divulgando, ao longo de todo o m\u00eas de novembro em suas redes, v\u00eddeos, cards, dicas e recomenda\u00e7\u00f5es para os consumidores n\u00e3o serem enganados com ofertas desvantajosas, ou para evitarem cair em golpes, que tamb\u00e9m aumentam neste per\u00edodo de grande demanda por compras.<\/p>\n\n\n\n<p>Procons municipais conveniados tamb\u00e9m ser\u00e3o convidados a compartilhar estes materiais, amplificando a divulga\u00e7\u00e3o para alcan\u00e7ar o m\u00e1ximo poss\u00edvel de consumidores em todo o estado de S\u00e3o Paulo.<\/p>\n\n\n\n<p>Na \u00faltima semana da promo\u00e7\u00e3o o Procon-SP divulgar\u00e1, diariamente \u00e0s 17h, relat\u00f3rios parciais com as principais reclama\u00e7\u00f5es dos consumidores em sua plataforma e um balan\u00e7o (mesmo com situa\u00e7\u00f5es pendentes) na segunda-feira (2).<\/p>\n\n\n\n<h2 class=\"wp-block-heading\">Aten\u00e7\u00e3o na Black Friday<\/h2>\n\n\n\n<p>Al\u00e9m disso, o Procon-SP monitora pre\u00e7os de 60 produtos em mais de 10 sites de e-commerce, desde outubro, para identificar eventuais pr\u00e1ticas abusivas ou de ofertas indevidas durante a Black Friday, que se tornou um dos per\u00edodos de vendas mais relevantes para o com\u00e9rcio brasileiro.<\/p>\n\n\n\n<p>Como em todos os anos o n\u00famero de reclama\u00e7\u00f5es aumenta, o&nbsp;<a href=\"https:\/\/www.procon.sp.gov.br\/\" target=\"_blank\" rel=\"noreferrer noopener\">Procon-SP<\/a>&nbsp;adota uma pol\u00edtica de monitoramento pr\u00e9vio de pre\u00e7os, criando um repert\u00f3rio de informa\u00e7\u00f5es para servirem de compara\u00e7\u00e3o e de refer\u00eancia para casos em que os consumidores relatarem situa\u00e7\u00f5es de ofertas enganosas.<\/p>\n\n\n\n<p>Tamb\u00e9m de forma preventiva, o Procon-SP enviou para empresas com muitas reclama\u00e7\u00f5es e entidades representativas dos fornecedores, recomenda\u00e7\u00f5es sobre como agir e evitar a repeti\u00e7\u00e3o dos problemas, com base nas queixas feitas durante a Black Friday do ano passado.<\/p>\n\n\n\n<p><strong><em><strong><em><strong><em><strong><em><strong><em><strong><em><strong><em><strong><em><strong>Siga nossas redes sociais no&nbsp;<a href=\"https:\/\/www.instagram.com\/ronipaparazzi\/\">Instagram&nbsp;<\/a>e&nbsp;<a href=\"https:\/\/www.facebook.com\/ronipaparazzicomvoce\">Facebook<\/a>&nbsp;participe da nossa comunidade do Canal Roni Paparazzi no Whatsapp e receba as principais not\u00edcias da regi\u00e3o de Ara\u00e7atuba do dia direto no seu celular.<\/strong>&nbsp;<a href=\"https:\/\/chat.whatsapp.com\/GsG1XKo0jPOEfjzudWQcml\" target=\"_blank\" rel=\"noreferrer noopener\">&nbsp;Clique aqui e se inscreva.<\/a><\/em><\/strong><\/em><\/strong><\/em><\/strong><\/em><\/strong><\/em><\/strong><\/em><\/strong><\/em><\/strong><\/em><\/strong><\/p>\n\n\n\n<p><a href=\"https:\/\/www.paparazzinews.com.br\/wp-admin\/post.php?post=12934&amp;action=edit\"><\/a><\/p>\n","protected":false},"excerpt":{"rendered":"<p>O Procon-SP ter\u00e1 uma s\u00e9rie de postos espalhados pelo estado de S\u00e3o Paulo para orientar consumidores e fornecedores no per\u00edodo da Black Friday. O objetivo \u00e9 reduzir a quantidade de problemas e reclama\u00e7\u00f5es formalizadas na plataforma do Procon. A informa\u00e7\u00e3o \u00e9 da Ag\u00eancia SP. \u201cO Procon-SP vem investindo bastante na preven\u00e7\u00e3o e na orienta\u00e7\u00e3o de &hellip;<\/p>\n","protected":false},"author":1,"featured_media":12938,"comment_status":"open","ping_status":"open","sticky":false,"template":"","format":"standard","meta":{"_jetpack_memberships_contains_paid_content":false,"footnotes":"","jetpack_publicize_message":"","jetpack_publicize_feature_enabled":true,"jetpack_social_post_already_shared":false,"jetpack_social_options":{"image_generator_settings":{"template":"highway","default_image_id":0,"enabled":false},"version":2}},"categories":[4],"tags":[],"class_list":["post-12937","post","type-post","status-publish","format-standard","has-post-thumbnail","hentry","category-regiao"],"jetpack_publicize_connections":[],"jetpack_featured_media_url":"https:\/\/i0.wp.com\/www.paparazzinews.com.br\/wp-content\/uploads\/2024\/11\/atendimento-liberdade-10-1536x1024-1.jpg?fit=1536%2C1024&ssl=1","views":"753","jetpack_likes_enabled":true,"jetpack_sharing_enabled":true,"_links":{"self":[{"href":"https:\/\/www.paparazzinews.com.br\/index.php?rest_route=\/wp\/v2\/posts\/12937","targetHints":{"allow":["GET"]}}],"collection":[{"href":"https:\/\/www.paparazzinews.com.br\/index.php?rest_route=\/wp\/v2\/posts"}],"about":[{"href":"https:\/\/www.paparazzinews.com.br\/index.php?rest_route=\/wp\/v2\/types\/post"}],"author":[{"embeddable":true,"href":"https:\/\/www.paparazzinews.com.br\/index.php?rest_route=\/wp\/v2\/users\/1"}],"replies":[{"embeddable":true,"href":"https:\/\/www.paparazzinews.com.br\/index.php?rest_route=%2Fwp%2Fv2%2Fcomments&post=12937"}],"version-history":[{"count":1,"href":"https:\/\/www.paparazzinews.com.br\/index.php?rest_route=\/wp\/v2\/posts\/12937\/revisions"}],"predecessor-version":[{"id":12939,"href":"https:\/\/www.paparazzinews.com.br\/index.php?rest_route=\/wp\/v2\/posts\/12937\/revisions\/12939"}],"wp:featuredmedia":[{"embeddable":true,"href":"https:\/\/www.paparazzinews.com.br\/index.php?rest_route=\/wp\/v2\/media\/12938"}],"wp:attachment":[{"href":"https:\/\/www.paparazzinews.com.br\/index.php?rest_route=%2Fwp%2Fv2%2Fmedia&parent=12937"}],"wp:term":[{"taxonomy":"category","embeddable":true,"href":"https:\/\/www.paparazzinews.com.br\/index.php?rest_route=%2Fwp%2Fv2%2Fcategories&post=12937"},{"taxonomy":"post_tag","embeddable":true,"href":"https:\/\/www.paparazzinews.com.br\/index.php?rest_route=%2Fwp%2Fv2%2Ftags&post=12937"}],"curies":[{"name":"wp","href":"https:\/\/api.w.org\/{rel}","templated":true}]}}