{"id":12928,"date":"2024-11-04T09:28:42","date_gmt":"2024-11-04T12:28:42","guid":{"rendered":"https:\/\/www.paparazzinews.com.br\/?p=12928"},"modified":"2024-11-04T09:28:43","modified_gmt":"2024-11-04T12:28:43","slug":"sp-disponibiliza-r-100-mi-em-credito-emergencial-para-lojistas-do-bras-afetados-por-incendio","status":"publish","type":"post","link":"https:\/\/www.paparazzinews.com.br\/?p=12928","title":{"rendered":"SP disponibiliza R$ 100 mi em cr\u00e9dito emergencial para lojistas do Br\u00e1s afetados por inc\u00eandio"},"content":{"rendered":"\n<p>Para auxiliar os lojistas na recupera\u00e7\u00e3o dos preju\u00edzos causados pelo inc\u00eandio que atingiu um shopping na regi\u00e3o do Br\u00e1s, no centro da capital, na \u00faltima quarta-feira (30), o Governo de S\u00e3o Paulo estendeu aos comerciantes atingidos o cr\u00e9dito emergencial da Desenvolve SP que\u00a0<a href=\"https:\/\/www.agenciasp.sp.gov.br\/governo-de-sp-oferece-linhas-de-credito-de-ate-r-300-mil-para-comerciantes-atingidos-por-falta-de-luz\/\">j\u00e1 atendia aos afetados pelo \u00faltimo apag\u00e3o na cidade.<\/a> A informa\u00e7\u00e3o \u00e9 da Ag\u00eancia SP.<\/p>\n\n\n\n<p>S\u00e3o duas linhas de cr\u00e9dito da Desenvolve SP oferecidas aos lojistas no valor total de R$ 100 milh\u00f5es. A partir da pr\u00f3xima semana, os afetados pelo inc\u00eandio no Br\u00e1s j\u00e1 poder\u00e3o solicitar o acesso.<\/p>\n\n\n\n<p>\u201cNossa ideia \u00e9 ajudar o pequeno lojista e aquele inquilino que ficou sem local de trabalho e perdeu seu material. Vamos oferecer duas linhas de cr\u00e9ditos. Todos o inquilinos atingidos diretamente e tamb\u00e9m aqueles do per\u00edmetro que foram afetados poder\u00e3o acessar as linhas a partir de segunda-feira. Justamente para dar esse impulso no per\u00edodo de compras de final de ano, que \u00e9 muito importante\u201d, afirmou o governador Tarc\u00edsio de Freitas.<\/p>\n\n\n\n<p>Nesta sexta-feira (1), Tarc\u00edsio realizou uma vistoria no edif\u00edcio comercial atingido pelas chamas. Al\u00e9m da visita ao local, o governador se reuniu com o prefeito de S\u00e3o Paulo, Ricardo Nunes, com o presidente da Federa\u00e7\u00e3o dos Varejistas e Atacadistas do Br\u00e1s (Fevabr\u00e1s), Gustavo Dedivitis, e com o presidente da Associa\u00e7\u00e3o de Lojistas do Br\u00e1s (Alobr\u00e1s), Fauze Yunes.<\/p>\n\n\n\n<p>O objetivo foi debater medidas para ajudar na recupera\u00e7\u00e3o e alavancar o turismo comercial no Br\u00e1s. A regi\u00e3o re\u00fane 6 mil lojas de com\u00e9rcio popular e o preju\u00edzo nos \u00faltimos 2 dias \u00e9 estimado em R$ 25 milh\u00f5es, segundo associa\u00e7\u00e3o local. Ao todo, 600 inquilinos do Shopping 25 foram atingidos.<\/p>\n\n\n\n<p>\u201cQueremos ouvir dos lojistas o que pode ser feito para melhorar o ambiente de com\u00e9rcio no Br\u00e1s e diminuir os riscos. O Br\u00e1s \u00e9 um pulm\u00e3o comercial, tur\u00edstico e religioso da cidade. \u00c9 uma \u00e1rea que temos que ter toda a aten\u00e7\u00e3o\u201d, completou o governador.<\/p>\n\n\n\n<p>Tamb\u00e9m estiveram presentes na reuni\u00e3o o secret\u00e1rio-chefe da Casa Militar e coordenador estadual de Prote\u00e7\u00e3o e Defesa Civil, Henguel Ricardo Pereira; o presidente da Desenvolve SP, Ricardo Dias Brito; o secret\u00e1rio de Turismo e Viagens, Roberto de Lucena; representantes das for\u00e7as de seguran\u00e7a; entre outras autoridades do Estado e do munic\u00edpio.<\/p>\n\n\n\n<h2 class=\"wp-block-heading\">Cr\u00e9dito emergencial<\/h2>\n\n\n\n<p>Uma das linhas de cr\u00e9dito oferecidas pela Desenvolve SP \u00e9 voltada para investimento e outra para capital de giro. Em ambas, as taxas de juros s\u00e3o a partir de 0,95% ao m\u00eas. A linha para investimentos tem limite de at\u00e9 R$ 300 mil por empresa e ser\u00e1 voltada para investimento com prazo de at\u00e9 60 meses de pagamento, com 12 meses de car\u00eancia.<\/p>\n\n\n\n<p>J\u00e1 a linha de capital de giro ter\u00e1 at\u00e9 36 meses para pagamento e 6 meses de car\u00eancia, com libera\u00e7\u00e3o de at\u00e9 R$ 100 mil por com\u00e9rcio. Para ter acesso ao cr\u00e9dito, o empreendedor n\u00e3o pode ter restri\u00e7\u00e3o em CND, CADIN ou CRF e precisa estar em conformidade com a pol\u00edtica de cr\u00e9dito.<\/p>\n\n\n\n<h2 class=\"wp-block-heading\">Hist\u00f3rico do inc\u00eandio<\/h2>\n\n\n\n<p>O fogo no Shopping 25 come\u00e7ou por volta das 6h30 na Rua Bar\u00e3o de Lad\u00e1rio. O Corpo de Bombeiros de S\u00e3o Paulo chegou ao local oito minutos ap\u00f3s o in\u00edcio da ocorr\u00eancia, atendendo ao padr\u00e3o internacional de 10 minutos.<\/p>\n\n\n\n<p>Ao todo, 151 bombeiros atuaram e 29 caminh\u00f5es foram usados simultaneamente para conter o inc\u00eandio. As chamas foram extintas ap\u00f3s mais de 15 horas de combate. A Defesa Civil e o Samu tamb\u00e9m foram acionados. O caso foi registrado como inc\u00eandio no 8\u00ba Distrito Policial (Br\u00e1s).<\/p>\n\n\n\n<p>As chamas atingiram uma \u00e1rea de aproximadamente 18.600 m\u00b2, resultando no colapso do telhado. N\u00e3o houve feridos, mas tr\u00eas pessoas foram atendidas por inala\u00e7\u00e3o de fuma\u00e7a.<\/p>\n\n\n\n<p>Os bombeiros seguem monitorando a situa\u00e7\u00e3o para liberar o acesso aos im\u00f3veis e lojas do entorno sem risco de novos acidentes. Na manh\u00e3 desta sexta (1), o Corpo de Bombeiros fez varreduras na regi\u00e3o, inclusive com drones, para assegurar o acesso seguro aos com\u00e9rcios do per\u00edmetro.<\/p>\n\n\n\n<p>De acordo com o Corpo de Bombeiros, o Auto de Vistoria do espa\u00e7o estava vencido desde agosto deste ano. Caso um estabelecimento n\u00e3o tenha o AVCB, \u00e9 poss\u00edvel denunciar pelo site do Corpo de Bombeiros, acessando a se\u00e7\u00e3o \u201cFale Conosco\u201d e selecionando a op\u00e7\u00e3o \u201cDen\u00fancia\u201d. Ap\u00f3s o registro, uma Ordem de Fiscaliza\u00e7\u00e3o ser\u00e1 emitida para vistoria no local. Determina\u00e7\u00f5es judiciais, como as do Minist\u00e9rio P\u00fablico, tamb\u00e9m podem gerar fiscaliza\u00e7\u00f5es.<\/p>\n\n\n\n<p>Em 2023, a corpora\u00e7\u00e3o promoveu 14 mil fiscaliza\u00e7\u00f5es de AVCB em todo o estado. \u201cO trabalho de fiscaliza\u00e7\u00e3o j\u00e1 vinha acontecendo e envolve o Corpo de Bombeiros, o Minist\u00e9rio P\u00fablico e a prefeitura. \u00c9 um trabalho de identifica\u00e7\u00e3o de \u00e1reas cr\u00edticas e de determinadas instala\u00e7\u00f5es de risco. 71% das pend\u00eancias encontradas j\u00e1 foram resolvidas\u201d, afirmou o governador.<\/p>\n\n\n\n<h2 class=\"wp-block-heading\">Inqu\u00e9rito investiga ocorr\u00eancia<\/h2>\n\n\n\n<p>Policiais civis do 12\u00ba DP (Pari) investigam por meio de inqu\u00e9rito policial o inc\u00eandio ocorrido em um shopping na manh\u00e3 de quarta-feira (30), na Rua Bar\u00e3o de Lad\u00e1rio, no Br\u00e1s. A autoridade realiza dilig\u00eancias e intimou testemunhas e os respons\u00e1veis pelo estabelecimento para serem ouvidos na pr\u00f3xima semana. O local j\u00e1 foi vistoriado e ser\u00e1 liberado nas pr\u00f3ximas horas para a realiza\u00e7\u00e3o da per\u00edcia.<\/p>\n\n\n\n<p><strong><em><strong><em><strong><em><strong><em><strong><em><strong><em><strong><em><strong><em><strong>Siga nossas redes sociais no\u00a0<a href=\"https:\/\/www.instagram.com\/ronipaparazzi\/\">Instagram\u00a0<\/a>e\u00a0<a href=\"https:\/\/www.facebook.com\/ronipaparazzicomvoce\">Facebook<\/a>\u00a0participe da nossa comunidade do Canal Roni Paparazzi no Whatsapp e receba as principais not\u00edcias da regi\u00e3o de Ara\u00e7atuba do dia direto no seu celular.<\/strong>\u00a0<a href=\"https:\/\/chat.whatsapp.com\/GsG1XKo0jPOEfjzudWQcml\" target=\"_blank\" rel=\"noreferrer noopener\">\u00a0Clique aqui e se inscreva.<\/a><\/em><\/strong><\/em><\/strong><\/em><\/strong><\/em><\/strong><\/em><\/strong><\/em><\/strong><\/em><\/strong><\/em><\/strong><\/p>\n","protected":false},"excerpt":{"rendered":"<p>Para auxiliar os lojistas na recupera\u00e7\u00e3o dos preju\u00edzos causados pelo inc\u00eandio que atingiu um shopping na regi\u00e3o do Br\u00e1s, no centro da capital, na \u00faltima quarta-feira (30), o Governo de S\u00e3o Paulo estendeu aos comerciantes atingidos o cr\u00e9dito emergencial da Desenvolve SP que\u00a0j\u00e1 atendia aos afetados pelo \u00faltimo apag\u00e3o na cidade. A informa\u00e7\u00e3o \u00e9 da &hellip;<\/p>\n","protected":false},"author":1,"featured_media":12929,"comment_status":"open","ping_status":"open","sticky":false,"template":"","format":"standard","meta":{"_jetpack_memberships_contains_paid_content":false,"footnotes":"","jetpack_publicize_message":"","jetpack_publicize_feature_enabled":true,"jetpack_social_post_already_shared":false,"jetpack_social_options":{"image_generator_settings":{"template":"highway","default_image_id":0,"enabled":false},"version":2}},"categories":[4],"tags":[],"class_list":["post-12928","post","type-post","status-publish","format-standard","has-post-thumbnail","hentry","category-regiao"],"jetpack_publicize_connections":[],"jetpack_featured_media_url":"https:\/\/i0.wp.com\/www.paparazzinews.com.br\/wp-content\/uploads\/2024\/11\/Visita-ao-predio-do-Bras-pelo-governador-Tarcisio-de-Freitas-1536x1025-1.jpg?fit=1536%2C1025&ssl=1","views":"1257","jetpack_likes_enabled":true,"jetpack_sharing_enabled":true,"_links":{"self":[{"href":"https:\/\/www.paparazzinews.com.br\/index.php?rest_route=\/wp\/v2\/posts\/12928","targetHints":{"allow":["GET"]}}],"collection":[{"href":"https:\/\/www.paparazzinews.com.br\/index.php?rest_route=\/wp\/v2\/posts"}],"about":[{"href":"https:\/\/www.paparazzinews.com.br\/index.php?rest_route=\/wp\/v2\/types\/post"}],"author":[{"embeddable":true,"href":"https:\/\/www.paparazzinews.com.br\/index.php?rest_route=\/wp\/v2\/users\/1"}],"replies":[{"embeddable":true,"href":"https:\/\/www.paparazzinews.com.br\/index.php?rest_route=%2Fwp%2Fv2%2Fcomments&post=12928"}],"version-history":[{"count":1,"href":"https:\/\/www.paparazzinews.com.br\/index.php?rest_route=\/wp\/v2\/posts\/12928\/revisions"}],"predecessor-version":[{"id":12930,"href":"https:\/\/www.paparazzinews.com.br\/index.php?rest_route=\/wp\/v2\/posts\/12928\/revisions\/12930"}],"wp:featuredmedia":[{"embeddable":true,"href":"https:\/\/www.paparazzinews.com.br\/index.php?rest_route=\/wp\/v2\/media\/12929"}],"wp:attachment":[{"href":"https:\/\/www.paparazzinews.com.br\/index.php?rest_route=%2Fwp%2Fv2%2Fmedia&parent=12928"}],"wp:term":[{"taxonomy":"category","embeddable":true,"href":"https:\/\/www.paparazzinews.com.br\/index.php?rest_route=%2Fwp%2Fv2%2Fcategories&post=12928"},{"taxonomy":"post_tag","embeddable":true,"href":"https:\/\/www.paparazzinews.com.br\/index.php?rest_route=%2Fwp%2Fv2%2Ftags&post=12928"}],"curies":[{"name":"wp","href":"https:\/\/api.w.org\/{rel}","templated":true}]}}