{"id":1287,"date":"2022-11-25T11:19:11","date_gmt":"2022-11-25T14:19:11","guid":{"rendered":"https:\/\/www.paparazzinews.com.br\/?p=1287"},"modified":"2022-11-25T11:19:12","modified_gmt":"2022-11-25T14:19:12","slug":"praca-japao-sofre-vandalismo-em-andradina","status":"publish","type":"post","link":"https:\/\/www.paparazzinews.com.br\/?p=1287","title":{"rendered":"Pra\u00e7a Jap\u00e3o sofre vandalismo em Andradina"},"content":{"rendered":"\n<p>A Prefeitura de Andradina pede a colabora\u00e7\u00e3o de toda a popula\u00e7\u00e3o para manter o patrim\u00f4nio p\u00fablico do munic\u00edpio. O objetivo \u00e9 conscientizar a popula\u00e7\u00e3o de que vandalismo \u00e9 crime e que \u00e9 necess\u00e1rio denunciar este tipo de a\u00e7\u00e3o.<\/p>\n\n\n\n<p>Al\u00e9m de causar preju\u00edzos financeiros \u00e0 administra\u00e7\u00e3o p\u00fablica, gerando gastos desnecess\u00e1rios, a depreda\u00e7\u00e3o de pr\u00e9dios e equipamentos p\u00fablicos \u00e9 um ato criminoso e provoca grandes danos sociais.<br>O \u00faltimo ataque de v\u00e2ndalos aconteceu na Pra\u00e7a Jap\u00e3o com a destrui\u00e7\u00e3o parcial de um painel com motivos japoneses na fonte da pra\u00e7a. A pra\u00e7a foi a primeira a receber investimentos para tornar-se uma atra\u00e7\u00e3o para mun\u00edcipes e turistas. A pra\u00e7a foi constru\u00edda para homenagear a col\u00f4nia japonesa e nos \u00faltimos meses recebeu reformas, playground, mesas e at\u00e9 o plantio de \u00e1rvores da variedade Cerejeira de Okinawa.<\/p>\n\n\n\n<p>Todo dinheiro investido para manter os espa\u00e7os p\u00fablicos, vem dos impostos pagos pela popula\u00e7\u00e3o.. Os bens danificados por algumas pessoas acabam prejudicando toda a coletividade, j\u00e1 que a popula\u00e7\u00e3o fica sem usufruir dos servi\u00e7os e estruturas dos espa\u00e7os que tem altos investimentos para proporcionar bem-estar de toda popula\u00e7\u00e3o.<\/p>\n\n\n\n<p>S\u00e3o alvos dessas a\u00e7\u00f5es, pr\u00e9dios p\u00fablicos, placas de tr\u00e2nsito, ilumina\u00e7\u00e3o, fia\u00e7\u00f5es, pra\u00e7as e parques.<br>Desde o come\u00e7o do mandato da atual administra\u00e7\u00e3o, a cidade vem sofrendo com in\u00fameras depreda\u00e7\u00f5es nos espa\u00e7os p\u00fablicos como picha\u00e7\u00f5es, roubo de fia\u00e7\u00e3o, destrui\u00e7\u00e3o de paredes, portas, mobili\u00e1rios e objetos instalados nos locais.<\/p>\n\n\n\n<p>Para evitar esses transtornos, a Prefeitura de Andradina recomenda aos cidad\u00e3os fazerem bom uso e ajudarem a preservar os espa\u00e7os p\u00fablicos e denunciar qualquer atividade suspeita. A pr\u00e1tica \u00e9 considerada um ato criminoso previsto no Art. 163 do C\u00f3digo Penal. Em caso de flagrante, o acusado ser\u00e1 detido e encaminhado \u00e0 Delegacia de Pol\u00edcia para registro de ocorr\u00eancia.<\/p>\n","protected":false},"excerpt":{"rendered":"<p>A Prefeitura de Andradina pede a colabora\u00e7\u00e3o de toda a popula\u00e7\u00e3o para manter o patrim\u00f4nio p\u00fablico do munic\u00edpio. O objetivo \u00e9 conscientizar a popula\u00e7\u00e3o de que vandalismo \u00e9 crime e que \u00e9 necess\u00e1rio denunciar este tipo de a\u00e7\u00e3o. Al\u00e9m de causar preju\u00edzos financeiros \u00e0 administra\u00e7\u00e3o p\u00fablica, gerando gastos desnecess\u00e1rios, a depreda\u00e7\u00e3o de pr\u00e9dios e equipamentos &hellip;<\/p>\n","protected":false},"author":1,"featured_media":1288,"comment_status":"open","ping_status":"open","sticky":false,"template":"","format":"standard","meta":{"_jetpack_memberships_contains_paid_content":false,"footnotes":"","jetpack_publicize_message":"","jetpack_publicize_feature_enabled":true,"jetpack_social_post_already_shared":false,"jetpack_social_options":{"image_generator_settings":{"template":"highway","default_image_id":0,"enabled":false},"version":2}},"categories":[3],"tags":[],"class_list":["post-1287","post","type-post","status-publish","format-standard","has-post-thumbnail","hentry","category-policial"],"jetpack_publicize_connections":[],"jetpack_featured_media_url":"https:\/\/i0.wp.com\/www.paparazzinews.com.br\/wp-content\/uploads\/2022\/11\/8895496f-0140-4aaa-96d6-61313875188f-e1669385928944.jpg?fit=1000%2C750&ssl=1","views":"2538","jetpack_likes_enabled":true,"jetpack_sharing_enabled":true,"_links":{"self":[{"href":"https:\/\/www.paparazzinews.com.br\/index.php?rest_route=\/wp\/v2\/posts\/1287","targetHints":{"allow":["GET"]}}],"collection":[{"href":"https:\/\/www.paparazzinews.com.br\/index.php?rest_route=\/wp\/v2\/posts"}],"about":[{"href":"https:\/\/www.paparazzinews.com.br\/index.php?rest_route=\/wp\/v2\/types\/post"}],"author":[{"embeddable":true,"href":"https:\/\/www.paparazzinews.com.br\/index.php?rest_route=\/wp\/v2\/users\/1"}],"replies":[{"embeddable":true,"href":"https:\/\/www.paparazzinews.com.br\/index.php?rest_route=%2Fwp%2Fv2%2Fcomments&post=1287"}],"version-history":[{"count":1,"href":"https:\/\/www.paparazzinews.com.br\/index.php?rest_route=\/wp\/v2\/posts\/1287\/revisions"}],"predecessor-version":[{"id":1289,"href":"https:\/\/www.paparazzinews.com.br\/index.php?rest_route=\/wp\/v2\/posts\/1287\/revisions\/1289"}],"wp:featuredmedia":[{"embeddable":true,"href":"https:\/\/www.paparazzinews.com.br\/index.php?rest_route=\/wp\/v2\/media\/1288"}],"wp:attachment":[{"href":"https:\/\/www.paparazzinews.com.br\/index.php?rest_route=%2Fwp%2Fv2%2Fmedia&parent=1287"}],"wp:term":[{"taxonomy":"category","embeddable":true,"href":"https:\/\/www.paparazzinews.com.br\/index.php?rest_route=%2Fwp%2Fv2%2Fcategories&post=1287"},{"taxonomy":"post_tag","embeddable":true,"href":"https:\/\/www.paparazzinews.com.br\/index.php?rest_route=%2Fwp%2Fv2%2Ftags&post=1287"}],"curies":[{"name":"wp","href":"https:\/\/api.w.org\/{rel}","templated":true}]}}