{"id":12868,"date":"2024-10-30T15:30:44","date_gmt":"2024-10-30T18:30:44","guid":{"rendered":"https:\/\/www.paparazzinews.com.br\/?p=12868"},"modified":"2024-10-30T15:30:45","modified_gmt":"2024-10-30T18:30:45","slug":"centro-paula-souza-promove-acoes-contra-queimadas-em-sao-paulo","status":"publish","type":"post","link":"https:\/\/www.paparazzinews.com.br\/?p=12868","title":{"rendered":"Centro Paula Souza promove a\u00e7\u00f5es contra queimadas em S\u00e3o Paulo"},"content":{"rendered":"\n<p>O Centro Paula Souza (CPS) organiza uma s\u00e9rie de a\u00e7\u00f5es voltadas \u00e0 conscientiza\u00e7\u00e3o ambiental em todo o Estado de S\u00e3o Paulo, com a participa\u00e7\u00e3o de alunos, professores e funcion\u00e1rios das Escolas T\u00e9cnicas (Etecs) e Faculdades de Tecnologia do Estado (Fatecs). As atividades incluem projetos de plantio de \u00e1rvores e iniciativas de educa\u00e7\u00e3o ambiental, com o objetivo de reduzir os impactos das queimadas e preservar o meio ambiente. A informa\u00e7\u00e3o \u00e9 da Ag\u00eancia SP.<\/p>\n\n\n\n<h2 class=\"wp-block-heading\"><strong>Cravinhos<\/strong><\/h2>\n\n\n\n<p>Na Etec de Cravinhos, o professor Jonathan Matheus Senhor da Silva abordou, em sala de aula, as&nbsp;<a href=\"https:\/\/www.agenciasp.sp.gov.br\/etecs-e-fatecs-contam-com-especialistas-em-mudancas-climaticas\/\">mudan\u00e7as clim\u00e1ticas<\/a>&nbsp;e suas implica\u00e7\u00f5es para a qualidade de vida. O tema foi discutido com as turmas de primeira s\u00e9rie do Ensino M\u00e9dio integrado ao T\u00e9cnico em Administra\u00e7\u00e3o e Log\u00edstica, destacando as consequ\u00eancias das a\u00e7\u00f5es humanas.<\/p>\n\n\n\n<h2 class=\"wp-block-heading\"><strong>Ribeir\u00e3o Preto<\/strong><\/h2>\n\n\n\n<p>A Etec Jos\u00e9 Martimiano da Silva, de Ribeir\u00e3o Preto, lidera o projeto&nbsp;Arboriza\u00e7\u00e3o Urbana, com o plantio de \u00e1rvores frut\u00edferas. Os alunos da primeira s\u00e9rie do Ensino M\u00e9dio integrado ao T\u00e9cnico em Secretariado plantaram mudas nas imedia\u00e7\u00f5es do Teatro Municipal, local escolhido pela proximidade da escola, o que facilita os cuidados para o desenvolvimento e conserva\u00e7\u00e3o dessas esp\u00e9cies.<\/p>\n\n\n\n<h2 class=\"wp-block-heading\"><strong>Santa Rita do Passa Quatro<\/strong><\/h2>\n\n\n\n<p>Na Etec de Santa Rita do Passa Quatro, foi realizado um bate-papo com os alunos do Ensino M\u00e9dio integrado ao T\u00e9cnico em Agropecu\u00e1ria e Inform\u00e1tica para Internet. Batizado de&nbsp;Opera\u00e7\u00e3o Corta Fogo, o evento abordou a&nbsp;<a href=\"https:\/\/www.agenciasp.sp.gov.br\/incendios-florestais-entenda-por-que-sp-fechou-unidades-de-conservacao-para-prevenir-queimadas\/\">import\u00e2ncia dos parques de conserva\u00e7\u00e3o e da preven\u00e7\u00e3o \u00e0s queimadas<\/a>, al\u00e9m de formas de acolher animais em emerg\u00eancia. Durante a atividade, foram distribu\u00eddos panfletos informativos e convocados alunos para se tornarem volunt\u00e1rios em projetos ambientais.<\/p>\n\n\n\n<h2 class=\"wp-block-heading\"><strong>Tatu\u00ed<\/strong><\/h2>\n\n\n\n<p>A Fatec de Tatu\u00ed participou das comemora\u00e7\u00f5es do Dia da \u00c1rvore, realizando um plantio de diversas mudas em colabora\u00e7\u00e3o com o Lions Clube e a Prefeitura local. Foram plantadas 10 \u00e1rvores, incluindo esp\u00e9cies nativas como ip\u00ea e pau-brasil, contribuindo para a preserva\u00e7\u00e3o ambiental na regi\u00e3o.<\/p>\n\n\n\n<p><strong><em><strong><em><strong><em><strong><em><strong><em><strong><em><strong><em><strong><em><strong>Siga nossas redes sociais no\u00a0<a href=\"https:\/\/www.instagram.com\/ronipaparazzi\/\">Instagram\u00a0<\/a>e\u00a0<a href=\"https:\/\/www.facebook.com\/ronipaparazzicomvoce\">Facebook<\/a>\u00a0participe da nossa comunidade do Canal Roni Paparazzi no Whatsapp e receba as principais not\u00edcias da regi\u00e3o de Ara\u00e7atuba do dia direto no seu celular.<\/strong>\u00a0<a href=\"https:\/\/chat.whatsapp.com\/GsG1XKo0jPOEfjzudWQcml\" target=\"_blank\" rel=\"noreferrer noopener\">\u00a0Clique aqui e se inscreva.<\/a><\/em><\/strong><\/em><\/strong><\/em><\/strong><\/em><\/strong><\/em><\/strong><\/em><\/strong><\/em><\/strong><\/em><\/strong><\/p>\n","protected":false},"excerpt":{"rendered":"<p>O Centro Paula Souza (CPS) organiza uma s\u00e9rie de a\u00e7\u00f5es voltadas \u00e0 conscientiza\u00e7\u00e3o ambiental em todo o Estado de S\u00e3o Paulo, com a participa\u00e7\u00e3o de alunos, professores e funcion\u00e1rios das Escolas T\u00e9cnicas (Etecs) e Faculdades de Tecnologia do Estado (Fatecs). As atividades incluem projetos de plantio de \u00e1rvores e iniciativas de educa\u00e7\u00e3o ambiental, com o &hellip;<\/p>\n","protected":false},"author":1,"featured_media":12869,"comment_status":"open","ping_status":"open","sticky":false,"template":"","format":"standard","meta":{"_jetpack_memberships_contains_paid_content":false,"footnotes":"","jetpack_publicize_message":"","jetpack_publicize_feature_enabled":true,"jetpack_social_post_already_shared":false,"jetpack_social_options":{"image_generator_settings":{"template":"highway","default_image_id":0,"enabled":false},"version":2}},"categories":[4],"tags":[],"class_list":["post-12868","post","type-post","status-publish","format-standard","has-post-thumbnail","hentry","category-regiao"],"jetpack_publicize_connections":[],"jetpack_featured_media_url":"https:\/\/i0.wp.com\/www.paparazzinews.com.br\/wp-content\/uploads\/2024\/10\/Fatec-Tatui.jpeg?fit=1149%2C766&ssl=1","views":"1357","jetpack_likes_enabled":true,"jetpack_sharing_enabled":true,"_links":{"self":[{"href":"https:\/\/www.paparazzinews.com.br\/index.php?rest_route=\/wp\/v2\/posts\/12868","targetHints":{"allow":["GET"]}}],"collection":[{"href":"https:\/\/www.paparazzinews.com.br\/index.php?rest_route=\/wp\/v2\/posts"}],"about":[{"href":"https:\/\/www.paparazzinews.com.br\/index.php?rest_route=\/wp\/v2\/types\/post"}],"author":[{"embeddable":true,"href":"https:\/\/www.paparazzinews.com.br\/index.php?rest_route=\/wp\/v2\/users\/1"}],"replies":[{"embeddable":true,"href":"https:\/\/www.paparazzinews.com.br\/index.php?rest_route=%2Fwp%2Fv2%2Fcomments&post=12868"}],"version-history":[{"count":1,"href":"https:\/\/www.paparazzinews.com.br\/index.php?rest_route=\/wp\/v2\/posts\/12868\/revisions"}],"predecessor-version":[{"id":12870,"href":"https:\/\/www.paparazzinews.com.br\/index.php?rest_route=\/wp\/v2\/posts\/12868\/revisions\/12870"}],"wp:featuredmedia":[{"embeddable":true,"href":"https:\/\/www.paparazzinews.com.br\/index.php?rest_route=\/wp\/v2\/media\/12869"}],"wp:attachment":[{"href":"https:\/\/www.paparazzinews.com.br\/index.php?rest_route=%2Fwp%2Fv2%2Fmedia&parent=12868"}],"wp:term":[{"taxonomy":"category","embeddable":true,"href":"https:\/\/www.paparazzinews.com.br\/index.php?rest_route=%2Fwp%2Fv2%2Fcategories&post=12868"},{"taxonomy":"post_tag","embeddable":true,"href":"https:\/\/www.paparazzinews.com.br\/index.php?rest_route=%2Fwp%2Fv2%2Ftags&post=12868"}],"curies":[{"name":"wp","href":"https:\/\/api.w.org\/{rel}","templated":true}]}}