{"id":12865,"date":"2024-10-30T15:24:03","date_gmt":"2024-10-30T18:24:03","guid":{"rendered":"https:\/\/www.paparazzinews.com.br\/?p=12865"},"modified":"2024-10-30T15:24:04","modified_gmt":"2024-10-30T18:24:04","slug":"estado-de-sp-reforca-a-importancia-da-vacinacao-contra-o-sarampo","status":"publish","type":"post","link":"https:\/\/www.paparazzinews.com.br\/?p=12865","title":{"rendered":"Estado de SP refor\u00e7a a import\u00e2ncia da vacina\u00e7\u00e3o contra o sarampo"},"content":{"rendered":"\n<p>O Centro de Vigil\u00e2ncia Epidemiol\u00f3gico (CVE) da Secretaria de Estado da Sa\u00fade (SES-SP) alerta a popula\u00e7\u00e3o do estado de S\u00e3o Paulo para a vacina\u00e7\u00e3o contra o sarampo, ap\u00f3s a capital confirmar, neste m\u00eas de outubro, dois casos importados da doen\u00e7a. S\u00e3o dois pacientes adultos, uma mulher de 35 e um homem de 37 anos, que possuem hist\u00f3rico recente de viagem ao exterior. A informa\u00e7\u00e3o \u00e9 da Ag\u00eancia SP.<\/p>\n\n\n\n<p>\u201cO sarampo \u00e9 uma doen\u00e7a viral, altamente transmiss\u00edvel, que pode ter uma apresenta\u00e7\u00e3o grave e at\u00e9 levar \u00e0 morte. A transmiss\u00e3o ocorre pela tosse, fala, espirro ou pela aspers\u00e3o de got\u00edculas de saliva de uma pessoa doente. A vacina\u00e7\u00e3o \u00e9 a maneira mais efetiva de evitar a infec\u00e7\u00e3o\u201d, explica a diretora do CVE, Tatiana Lang.<\/p>\n\n\n\n<p>Como uma das medidas de preven\u00e7\u00e3o, a SES emitiu um alerta aos profissionais de sa\u00fade para aten\u00e7\u00e3o aos casos de febre com manchas pelo corpo, para verificarem se s\u00e3o suspeitas de sarampo e, se necess\u00e1rio, implementa\u00e7\u00e3o oportuna das medidas de controle, al\u00e9m de recomendar a vacina\u00e7\u00e3o contra o sarampo, al\u00e9m de buscas ativas de casos.<\/p>\n\n\n\n<p>A detec\u00e7\u00e3o do v\u00edrus em qualquer lugar do Estado alerta a popula\u00e7\u00e3o sobre o risco de transmiss\u00e3o local e de dissemina\u00e7\u00e3o para novas \u00e1reas.<\/p>\n\n\n\n<p>\u201cAo viajante que retorna, deve manter a aten\u00e7\u00e3o ao aparecimento de sintomas em at\u00e9 21 dias. Caso apresente febre e vermelhid\u00e3o na pele, evite o contato com outras pessoas, at\u00e9 ser avaliado por um profissional da sa\u00fade\u201d, informa a diretora.<\/p>\n\n\n\n<p>Vale lembrar que na rotina dos servi\u00e7os de sa\u00fade, todas as pessoas de 12 meses a 59 anos de idade t\u00eam indica\u00e7\u00e3o para serem vacinadas contra o sarampo. Adolescentes e adultos n\u00e3o vacinados ou com esquema incompleto devem iniciar ou completar o esquema vacinal de acordo com a situa\u00e7\u00e3o encontrada.<\/p>\n\n\n\n<h2 class=\"wp-block-heading\">Saiba como identificar os sintomas de sarampo:<\/h2>\n\n\n\n<p>\u2013 Exantema (manchas vermelhas) no corpo e febre alta (acima de 38,5\u00b0) acompanhada de um ou mais dos seguintes sintomas:<\/p>\n\n\n\n<p>\u2013 Tosse seca;<\/p>\n\n\n\n<p>\u2013 Irrita\u00e7\u00e3o nos olhos (conjuntivite);<\/p>\n\n\n\n<p>\u2013 Nariz escorrendo ou entupido.<\/p>\n\n\n\n<h2 class=\"wp-block-heading\">Vacina 100 D\u00favidas<\/h2>\n\n\n\n<p>Neste m\u00eas de outubro, o Governo de SP lan\u00e7ou uma campanha publicit\u00e1ria para esclarecer d\u00favidas sobre a vacina\u00e7\u00e3o, com o slogan \u201cT\u00e1 com d\u00favidas sobre vacinas? Chama o VARcina\u201d. Inspirada no sistema que auxilia \u00e1rbitros de futebol, a a\u00e7\u00e3o promove o site&nbsp;<a href=\"https:\/\/www.vacina100duvidas.sp.gov.br\/\">https:\/\/www.vacina100duvidas.sp.gov.br\/<\/a>, que oferece respostas simples sobre as vacinas dispon\u00edveis no Sistema \u00danico de Sa\u00fade (SUS) e no calend\u00e1rio vacinal.<\/p>\n\n\n\n<p><strong><em><strong><em><strong><em><strong><em><strong><em><strong><em><strong><em><strong><em><strong>Siga nossas redes sociais no&nbsp;<a href=\"https:\/\/www.instagram.com\/ronipaparazzi\/\">Instagram&nbsp;<\/a>e&nbsp;<a href=\"https:\/\/www.facebook.com\/ronipaparazzicomvoce\">Facebook<\/a>&nbsp;participe da nossa comunidade do Canal Roni Paparazzi no Whatsapp e receba as principais not\u00edcias da regi\u00e3o de Ara\u00e7atuba do dia direto no seu celular.<\/strong>&nbsp;<a href=\"https:\/\/chat.whatsapp.com\/GsG1XKo0jPOEfjzudWQcml\" target=\"_blank\" rel=\"noreferrer noopener\">&nbsp;Clique aqui e se inscreva.<\/a><\/em><\/strong><\/em><\/strong><\/em><\/strong><\/em><\/strong><\/em><\/strong><\/em><\/strong><\/em><\/strong><\/em><\/strong><\/p>\n","protected":false},"excerpt":{"rendered":"<p>O Centro de Vigil\u00e2ncia Epidemiol\u00f3gico (CVE) da Secretaria de Estado da Sa\u00fade (SES-SP) alerta a popula\u00e7\u00e3o do estado de S\u00e3o Paulo para a vacina\u00e7\u00e3o contra o sarampo, ap\u00f3s a capital confirmar, neste m\u00eas de outubro, dois casos importados da doen\u00e7a. S\u00e3o dois pacientes adultos, uma mulher de 35 e um homem de 37 anos, que &hellip;<\/p>\n","protected":false},"author":1,"featured_media":12866,"comment_status":"open","ping_status":"open","sticky":false,"template":"","format":"standard","meta":{"_jetpack_memberships_contains_paid_content":false,"footnotes":"","jetpack_publicize_message":"","jetpack_publicize_feature_enabled":true,"jetpack_social_post_already_shared":false,"jetpack_social_options":{"image_generator_settings":{"template":"highway","default_image_id":0,"enabled":false},"version":2}},"categories":[4],"tags":[],"class_list":["post-12865","post","type-post","status-publish","format-standard","has-post-thumbnail","hentry","category-regiao"],"jetpack_publicize_connections":[],"jetpack_featured_media_url":"https:\/\/i0.wp.com\/www.paparazzinews.com.br\/wp-content\/uploads\/2024\/10\/Idoso-sendo-vacinado-1.jpg?fit=750%2C500&ssl=1","views":"1415","jetpack_likes_enabled":true,"jetpack_sharing_enabled":true,"_links":{"self":[{"href":"https:\/\/www.paparazzinews.com.br\/index.php?rest_route=\/wp\/v2\/posts\/12865","targetHints":{"allow":["GET"]}}],"collection":[{"href":"https:\/\/www.paparazzinews.com.br\/index.php?rest_route=\/wp\/v2\/posts"}],"about":[{"href":"https:\/\/www.paparazzinews.com.br\/index.php?rest_route=\/wp\/v2\/types\/post"}],"author":[{"embeddable":true,"href":"https:\/\/www.paparazzinews.com.br\/index.php?rest_route=\/wp\/v2\/users\/1"}],"replies":[{"embeddable":true,"href":"https:\/\/www.paparazzinews.com.br\/index.php?rest_route=%2Fwp%2Fv2%2Fcomments&post=12865"}],"version-history":[{"count":1,"href":"https:\/\/www.paparazzinews.com.br\/index.php?rest_route=\/wp\/v2\/posts\/12865\/revisions"}],"predecessor-version":[{"id":12867,"href":"https:\/\/www.paparazzinews.com.br\/index.php?rest_route=\/wp\/v2\/posts\/12865\/revisions\/12867"}],"wp:featuredmedia":[{"embeddable":true,"href":"https:\/\/www.paparazzinews.com.br\/index.php?rest_route=\/wp\/v2\/media\/12866"}],"wp:attachment":[{"href":"https:\/\/www.paparazzinews.com.br\/index.php?rest_route=%2Fwp%2Fv2%2Fmedia&parent=12865"}],"wp:term":[{"taxonomy":"category","embeddable":true,"href":"https:\/\/www.paparazzinews.com.br\/index.php?rest_route=%2Fwp%2Fv2%2Fcategories&post=12865"},{"taxonomy":"post_tag","embeddable":true,"href":"https:\/\/www.paparazzinews.com.br\/index.php?rest_route=%2Fwp%2Fv2%2Ftags&post=12865"}],"curies":[{"name":"wp","href":"https:\/\/api.w.org\/{rel}","templated":true}]}}