{"id":12798,"date":"2024-10-29T17:22:54","date_gmt":"2024-10-29T20:22:54","guid":{"rendered":"https:\/\/www.paparazzinews.com.br\/?p=12798"},"modified":"2024-10-29T17:22:55","modified_gmt":"2024-10-29T20:22:55","slug":"feira-do-produtor-rural-aconteceu-no-centro-cultural-de-andradina","status":"publish","type":"post","link":"https:\/\/www.paparazzinews.com.br\/?p=12798","title":{"rendered":"Feira do Produtor Rural aconteceu no Centro Cultural de Andradina"},"content":{"rendered":"\n<p>Centenas de pessoas passaram pela Feira do Produtor Rural realizada na \u00faltima sexta-feira (25) pelo Sindicato Rural de Andradina, o SENAR \u2013 Servi\u00e7o Nacional de Aprendizagem Rural \u2013 administra\u00e7\u00e3o regional de S\u00e3o Paulo, SEBRAE Ara\u00e7atuba e ITESP. A informa\u00e7\u00e3o \u00e9 do Governo de Andradina.<\/p>\n\n\n\n<p>A feira realizada no Centro Cultural Pioneiros de Andradina marcou a forma\u00e7\u00e3o de 16 produtores rurais atrav\u00e9s do programa Feira do Produtor Rural.<\/p>\n\n\n\n<p><a><\/a>Segundo o presidente do Sindicato, Livanei Carvalho de Oliveira, o objetivo do programa feira do produtor rural \u00e9 preparar o pequeno produtor rural para comercializar sua produ\u00e7\u00e3o diretamente ao consumidor final, agregando valor a propriedade rural.<\/p>\n\n\n\n<p>A feira ter\u00e1 quatro edi\u00e7\u00f5es tendo o acompanhamento do SENAR\/SP nas<\/p>\n\n\n\n<p>e depois o grupo ganha a sua autonomia e passar\u00e1 a ser coordenado pela comiss\u00e3o gestora.<\/p>\n\n\n\n<p><strong><em><strong><em><strong><em><strong><em><strong><em><strong><em><strong><em><strong><em><strong>Siga nossas redes sociais no\u00a0<a href=\"https:\/\/www.instagram.com\/ronipaparazzi\/\">Instagram\u00a0<\/a>e\u00a0<a href=\"https:\/\/www.facebook.com\/ronipaparazzicomvoce\">Facebook<\/a>\u00a0participe da nossa comunidade do Canal Roni Paparazzi no Whatsapp e receba as principais not\u00edcias da regi\u00e3o de Ara\u00e7atuba do dia direto no seu celular.<\/strong>\u00a0<a href=\"https:\/\/chat.whatsapp.com\/GsG1XKo0jPOEfjzudWQcml\" target=\"_blank\" rel=\"noreferrer noopener\">\u00a0Clique aqui e se inscreva.<\/a><\/em><\/strong><\/em><\/strong><\/em><\/strong><\/em><\/strong><\/em><\/strong><\/em><\/strong><\/em><\/strong><\/em><\/strong><\/p>\n","protected":false},"excerpt":{"rendered":"<p>Centenas de pessoas passaram pela Feira do Produtor Rural realizada na \u00faltima sexta-feira (25) pelo Sindicato Rural de Andradina, o SENAR \u2013 Servi\u00e7o Nacional de Aprendizagem Rural \u2013 administra\u00e7\u00e3o regional de S\u00e3o Paulo, SEBRAE Ara\u00e7atuba e ITESP. A informa\u00e7\u00e3o \u00e9 do Governo de Andradina. A feira realizada no Centro Cultural Pioneiros de Andradina marcou a &hellip;<\/p>\n","protected":false},"author":1,"featured_media":12799,"comment_status":"open","ping_status":"open","sticky":false,"template":"","format":"standard","meta":{"_jetpack_memberships_contains_paid_content":false,"footnotes":"","jetpack_publicize_message":"","jetpack_publicize_feature_enabled":true,"jetpack_social_post_already_shared":false,"jetpack_social_options":{"image_generator_settings":{"template":"highway","default_image_id":0,"enabled":false},"version":2}},"categories":[4],"tags":[],"class_list":["post-12798","post","type-post","status-publish","format-standard","has-post-thumbnail","hentry","category-regiao"],"jetpack_publicize_connections":[],"jetpack_featured_media_url":"https:\/\/i0.wp.com\/www.paparazzinews.com.br\/wp-content\/uploads\/2024\/10\/464841718_843124227994698_5461204718768773560_n.jpg?fit=800%2C533&ssl=1","views":"1476","jetpack_likes_enabled":true,"jetpack_sharing_enabled":true,"_links":{"self":[{"href":"https:\/\/www.paparazzinews.com.br\/index.php?rest_route=\/wp\/v2\/posts\/12798","targetHints":{"allow":["GET"]}}],"collection":[{"href":"https:\/\/www.paparazzinews.com.br\/index.php?rest_route=\/wp\/v2\/posts"}],"about":[{"href":"https:\/\/www.paparazzinews.com.br\/index.php?rest_route=\/wp\/v2\/types\/post"}],"author":[{"embeddable":true,"href":"https:\/\/www.paparazzinews.com.br\/index.php?rest_route=\/wp\/v2\/users\/1"}],"replies":[{"embeddable":true,"href":"https:\/\/www.paparazzinews.com.br\/index.php?rest_route=%2Fwp%2Fv2%2Fcomments&post=12798"}],"version-history":[{"count":1,"href":"https:\/\/www.paparazzinews.com.br\/index.php?rest_route=\/wp\/v2\/posts\/12798\/revisions"}],"predecessor-version":[{"id":12800,"href":"https:\/\/www.paparazzinews.com.br\/index.php?rest_route=\/wp\/v2\/posts\/12798\/revisions\/12800"}],"wp:featuredmedia":[{"embeddable":true,"href":"https:\/\/www.paparazzinews.com.br\/index.php?rest_route=\/wp\/v2\/media\/12799"}],"wp:attachment":[{"href":"https:\/\/www.paparazzinews.com.br\/index.php?rest_route=%2Fwp%2Fv2%2Fmedia&parent=12798"}],"wp:term":[{"taxonomy":"category","embeddable":true,"href":"https:\/\/www.paparazzinews.com.br\/index.php?rest_route=%2Fwp%2Fv2%2Fcategories&post=12798"},{"taxonomy":"post_tag","embeddable":true,"href":"https:\/\/www.paparazzinews.com.br\/index.php?rest_route=%2Fwp%2Fv2%2Ftags&post=12798"}],"curies":[{"name":"wp","href":"https:\/\/api.w.org\/{rel}","templated":true}]}}