{"id":12771,"date":"2024-10-29T16:44:45","date_gmt":"2024-10-29T19:44:45","guid":{"rendered":"https:\/\/www.paparazzinews.com.br\/?p=12771"},"modified":"2024-10-29T16:44:46","modified_gmt":"2024-10-29T19:44:46","slug":"etecs-de-sp-divulgam-calendario-do-vestibulinho-para-o-primeiro-semestre-de-2025","status":"publish","type":"post","link":"https:\/\/www.paparazzinews.com.br\/?p=12771","title":{"rendered":"Etecs de SP divulgam calend\u00e1rio do Vestibulinho para o primeiro semestre de 2025"},"content":{"rendered":"\n<p>Quem deseja estudar em uma Escola T\u00e9cnica Estadual (Etec) do Centro Paula Souza (CPS) no primeiro semestre de 2025 j\u00e1 pode consultar o calend\u00e1rio do processo seletivo pelo site\u00a0<a href=\"https:\/\/www.cps.sp.gov.br\/etec\/vestibulinho\/\" target=\"_blank\" rel=\"noreferrer noopener\">cps.sp.gov.br\/etec\/vestibulinho<\/a>. O per\u00edodo de inscri\u00e7\u00e3o para o Vestibulinho das Etecs come\u00e7a na pr\u00f3xima quinta-feira (31). A prova ser\u00e1 realizada no dia 15 de dezembro. A informa\u00e7\u00e3o \u00e9 da Ag\u00eancia SP.<\/p>\n\n\n\n<p>O per\u00edodo para solicitar a redu\u00e7\u00e3o de 50% da taxa de inscri\u00e7\u00e3o ser\u00e1 entre os dias 29 e 30. O pedido dever\u00e1 ser feito pelo site&nbsp;<a href=\"http:\/\/www.vestibulinhoetec.com.br\/\" target=\"_blank\" rel=\"noreferrer noopener\">vestibulinhoetec.com.br<\/a>. O valor integral da inscri\u00e7\u00e3o \u00e9 de R$ 39,85.<\/p>\n\n\n\n<p>O Vestibulinho das Etecs para o primeiro semestre de 2025 oferece vagas para&nbsp;<a href=\"https:\/\/www.cps.sp.gov.br\/etec\/cursos-oferecidos-pelas-etecs\/\" target=\"_blank\" rel=\"noreferrer noopener\">cursos<\/a>&nbsp;T\u00e9cnico, Ensino M\u00e9dio integrado ao T\u00e9cnico, Ensino M\u00e9dio em diferentes itiner\u00e1rios formativos, Articula\u00e7\u00e3o da Forma\u00e7\u00e3o Profissional M\u00e9dia e Superior (AMS) e Especializa\u00e7\u00e3o T\u00e9cnica. Nos pr\u00f3ximos dias, ser\u00e3o divulgadas as vagas e os cursos para cada unidade.<\/p>\n\n\n\n<p>Veja o cronograma do processo seletivo:<\/p>\n\n\n\n<ul class=\"wp-block-list\">\n<li><strong>29 e 30 de outubro:<\/strong>\u00a0prazo para solicitar redu\u00e7\u00e3o da taxa de inscri\u00e7\u00e3o;<\/li>\n\n\n\n<li><strong>31 de outubro a 26 de novembro \u2013 at\u00e9 15h:<\/strong>\u00a0inscri\u00e7\u00f5es do Vestibulinho das Etecs;<\/li>\n\n\n\n<li><strong>5 de novembro \u2013 a partir das 15h:<\/strong>\u00a0resultado dos pedidos de redu\u00e7\u00e3o de taxa;<\/li>\n\n\n\n<li><strong>11 de dezembro \u2013 a partir das 15h:<\/strong>\u00a0divulga\u00e7\u00e3o dos locais de prova;<\/li>\n\n\n\n<li><strong>15 de dezembro \u2013 \u00e0s 13h30:<\/strong>\u00a0prova do Vestibulinho;<\/li>\n\n\n\n<li><strong>18 de dezembro \u2013 a partir das 15h:<\/strong>\u00a0divulga\u00e7\u00e3o dos gabaritos;<\/li>\n\n\n\n<li><strong>13 de janeiro \u2013 a partir das 15h:<\/strong>\u00a0divulga\u00e7\u00e3o da classifica\u00e7\u00e3o geral.<\/li>\n<\/ul>\n\n\n\n<h2 class=\"wp-block-heading\"><strong>Vestibular das Fatecs<\/strong><\/h2>\n\n\n\n<p>Em breve, ser\u00e3o divulgados o calend\u00e1rio e as informa\u00e7\u00f5es do Vestibular das Faculdades de Tecnologia do Estado (Fatecs) para o primeiro semestre de 2025. O processo seletivo contar\u00e1 com vagas para os cursos superiores de tecnologia presenciais e a dist\u00e2ncia.<\/p>\n\n\n\n<p><strong><em><strong><em><strong><em><strong><em><strong><em><strong><em><strong><em><strong><em><strong>Siga nossas redes sociais no\u00a0<a href=\"https:\/\/www.instagram.com\/ronipaparazzi\/\">Instagram\u00a0<\/a>e\u00a0<a href=\"https:\/\/www.facebook.com\/ronipaparazzicomvoce\">Facebook<\/a>\u00a0participe da nossa comunidade do Canal Roni Paparazzi no Whatsapp e receba as principais not\u00edcias da regi\u00e3o de Ara\u00e7atuba do dia direto no seu celular.<\/strong>\u00a0<a href=\"https:\/\/chat.whatsapp.com\/GsG1XKo0jPOEfjzudWQcml\" target=\"_blank\" rel=\"noreferrer noopener\">\u00a0Clique aqui e se inscreva.<\/a><\/em><\/strong><\/em><\/strong><\/em><\/strong><\/em><\/strong><\/em><\/strong><\/em><\/strong><\/em><\/strong><\/em><\/strong><\/p>\n\n\n\n<p><\/p>\n","protected":false},"excerpt":{"rendered":"<p>Quem deseja estudar em uma Escola T\u00e9cnica Estadual (Etec) do Centro Paula Souza (CPS) no primeiro semestre de 2025 j\u00e1 pode consultar o calend\u00e1rio do processo seletivo pelo site\u00a0cps.sp.gov.br\/etec\/vestibulinho. O per\u00edodo de inscri\u00e7\u00e3o para o Vestibulinho das Etecs come\u00e7a na pr\u00f3xima quinta-feira (31). A prova ser\u00e1 realizada no dia 15 de dezembro. A informa\u00e7\u00e3o \u00e9 &hellip;<\/p>\n","protected":false},"author":1,"featured_media":12772,"comment_status":"open","ping_status":"open","sticky":false,"template":"","format":"standard","meta":{"_jetpack_memberships_contains_paid_content":false,"footnotes":"","jetpack_publicize_message":"","jetpack_publicize_feature_enabled":true,"jetpack_social_post_already_shared":false,"jetpack_social_options":{"image_generator_settings":{"template":"highway","default_image_id":0,"enabled":false},"version":2}},"categories":[4],"tags":[],"class_list":["post-12771","post","type-post","status-publish","format-standard","has-post-thumbnail","hentry","category-regiao"],"jetpack_publicize_connections":[],"jetpack_featured_media_url":"https:\/\/i0.wp.com\/www.paparazzinews.com.br\/wp-content\/uploads\/2024\/10\/Etec-Pq-Juventude_Vestibulinho_fotog-Roberto-Sungi-47-scaled-1-1536x1022-1.jpg?fit=1536%2C1022&ssl=1","views":"1381","jetpack_likes_enabled":true,"jetpack_sharing_enabled":true,"_links":{"self":[{"href":"https:\/\/www.paparazzinews.com.br\/index.php?rest_route=\/wp\/v2\/posts\/12771","targetHints":{"allow":["GET"]}}],"collection":[{"href":"https:\/\/www.paparazzinews.com.br\/index.php?rest_route=\/wp\/v2\/posts"}],"about":[{"href":"https:\/\/www.paparazzinews.com.br\/index.php?rest_route=\/wp\/v2\/types\/post"}],"author":[{"embeddable":true,"href":"https:\/\/www.paparazzinews.com.br\/index.php?rest_route=\/wp\/v2\/users\/1"}],"replies":[{"embeddable":true,"href":"https:\/\/www.paparazzinews.com.br\/index.php?rest_route=%2Fwp%2Fv2%2Fcomments&post=12771"}],"version-history":[{"count":1,"href":"https:\/\/www.paparazzinews.com.br\/index.php?rest_route=\/wp\/v2\/posts\/12771\/revisions"}],"predecessor-version":[{"id":12773,"href":"https:\/\/www.paparazzinews.com.br\/index.php?rest_route=\/wp\/v2\/posts\/12771\/revisions\/12773"}],"wp:featuredmedia":[{"embeddable":true,"href":"https:\/\/www.paparazzinews.com.br\/index.php?rest_route=\/wp\/v2\/media\/12772"}],"wp:attachment":[{"href":"https:\/\/www.paparazzinews.com.br\/index.php?rest_route=%2Fwp%2Fv2%2Fmedia&parent=12771"}],"wp:term":[{"taxonomy":"category","embeddable":true,"href":"https:\/\/www.paparazzinews.com.br\/index.php?rest_route=%2Fwp%2Fv2%2Fcategories&post=12771"},{"taxonomy":"post_tag","embeddable":true,"href":"https:\/\/www.paparazzinews.com.br\/index.php?rest_route=%2Fwp%2Fv2%2Ftags&post=12771"}],"curies":[{"name":"wp","href":"https:\/\/api.w.org\/{rel}","templated":true}]}}