{"id":12768,"date":"2024-10-29T16:40:26","date_gmt":"2024-10-29T19:40:26","guid":{"rendered":"https:\/\/www.paparazzinews.com.br\/?p=12768"},"modified":"2024-10-29T16:40:27","modified_gmt":"2024-10-29T19:40:27","slug":"provao-paulista-estudantes-da-3a-serie-do-ensino-medio-iniciam-provas-nesta-quarta-30","status":"publish","type":"post","link":"https:\/\/www.paparazzinews.com.br\/?p=12768","title":{"rendered":"Prov\u00e3o Paulista: estudantes da 3\u00aa s\u00e9rie do Ensino M\u00e9dio iniciam provas nesta quarta (30)"},"content":{"rendered":"\n<p>Estudantes da rede estadual\u00a0participam do primeiro dia de aplica\u00e7\u00e3o do Prov\u00e3o Paulista Seriado 2024 nesta quarta-feira (30). Os candidatos responder\u00e3o as quest\u00f5es de Linguagens e suas Tecnologias e de Ci\u00eancias da Natureza e suas Tecnologias, al\u00e9m da elabora\u00e7\u00e3o de uma reda\u00e7\u00e3o. Em todo o Estado, a prova ser\u00e1 aplicada no per\u00edodo da manh\u00e3, \u00e0s 8h, e os port\u00f5es das escolas fechar\u00e3o \u00e0s 7h45. A informa\u00e7\u00e3o \u00e9 da Ag\u00eancia SP.<\/p>\n\n\n\n<p>Est\u00e3o em disputa 15.390 vagas, sendo 1.500 para a Universidade de S\u00e3o Paulo (USP), 934 para a Universidade Estadual Paulista (Unesp), 325 para a Universidade Estadual de Campinas (Unicamp), 10.000 para as Faculdades de Tecnologia do Estado de S\u00e3o Paulo (Fatecs) e 2.631 para a Universidade Virtual do Estado de S\u00e3o Paulo (Univesp).<\/p>\n\n\n\n<p>Os itens do Prov\u00e3o foram elaborados de acordo com o Curr\u00edculo Paulista e buscam avaliar as diferentes habilidades que os estudantes desenvolveram ao longo de todo o Ensino M\u00e9dio. Dessa forma, ser\u00e1 exigido do candidato interpreta\u00e7\u00e3o de texto e quest\u00f5es contextualizadas, assim como aquelas mais diretas, em que o conhecimento de \u00e1rea \u00e9 mensurado em sua ess\u00eancia.<\/p>\n\n\n\n<p>No primeiro dia de aplica\u00e7\u00e3o duas \u00e1reas do conhecimento ser\u00e3o avaliadas. A de&nbsp;Linguagens e suas Tecnologias&nbsp;inclui as disciplinas de l\u00edngua portuguesa e l\u00edngua inglesa. J\u00e1&nbsp;Ci\u00eancias da Natureza e suas Tecnologias&nbsp;\u00e9 formada pelos componentes de f\u00edsica, qu\u00edmica e biologia.<\/p>\n\n\n\n<p>O dia segue com a prova de&nbsp;reda\u00e7\u00e3o, que exige a elabora\u00e7\u00e3o de um texto dissertativo-argumentativo. \u00c9 previsto um tema relevante e atual aos moldes do Enem e dos principais vestibulares do pa\u00eds.<\/p>\n\n\n\n<h2 class=\"wp-block-heading\"><strong>Corre\u00e7\u00e3o das provas&nbsp;<\/strong><\/h2>\n\n\n\n<p>As quest\u00f5es objetivas ser\u00e3o corrigidas por meio de leitor \u00f3ptico, no mesmo molde da edi\u00e7\u00e3o de 2023. No caso da reda\u00e7\u00e3o, a responsabilidade \u00e9 de uma equipe de colaboradores treinada pela<a href=\"https:\/\/www.vunesp.com.br\/\" target=\"_blank\" rel=\"noreferrer noopener\">&nbsp;Funda\u00e7\u00e3o Vunesp<\/a>, institui\u00e7\u00e3o organizadora da prova. A corre\u00e7\u00e3o do texto deve levar em conta crit\u00e9rios como uso da norma culta, compreens\u00e3o da proposta e capacidade de interpreta\u00e7\u00e3o das informa\u00e7\u00f5es.<\/p>\n\n\n\n<h2 class=\"wp-block-heading\"><strong>Como \u00e9 o c\u00e1lculo da nota<\/strong><\/h2>\n\n\n\n<p>Por ser um processo seriado, as notas conquistadas ao longo dos anos ter\u00e3o pesos crescentes. Para alunos matriculados na 3\u00aa s\u00e9rie, o c\u00e1lculo \u00e9 feito a partir do somat\u00f3rio da pontua\u00e7\u00e3o da 2\u00aa s\u00e9rie (em 2023) mais a da prova aplicada neste ano (2024). \u00c9 obrigat\u00f3ria a participa\u00e7\u00e3o na edi\u00e7\u00e3o passada. Caso o aluno n\u00e3o tenha realizado a prova (quando estava na 2\u00aa s\u00e9rie), ele estar\u00e1 automaticamente desclassificado.<\/p>\n\n\n\n<p>Cada institui\u00e7\u00e3o de ensino superior conveniada publicar\u00e1 a instru\u00e7\u00e3o normativa para definir o processo de matr\u00edcula e o ingresso do estudante em cada faculdade. O resultado do Prov\u00e3o Paulista e a primeira chamada para os futuros universit\u00e1rios est\u00e3o previstos para o dia 20 de janeiro de 2025.<\/p>\n\n\n\n<p><strong><em><strong><em><strong><em><strong><em><strong><em><strong><em><strong><em><strong><em><strong>Siga nossas redes sociais no\u00a0<a href=\"https:\/\/www.instagram.com\/ronipaparazzi\/\">Instagram\u00a0<\/a>e\u00a0<a href=\"https:\/\/www.facebook.com\/ronipaparazzicomvoce\">Facebook<\/a>\u00a0participe da nossa comunidade do Canal Roni Paparazzi no Whatsapp e receba as principais not\u00edcias da regi\u00e3o de Ara\u00e7atuba do dia direto no seu celular.<\/strong>\u00a0<a href=\"https:\/\/chat.whatsapp.com\/GsG1XKo0jPOEfjzudWQcml\" target=\"_blank\" rel=\"noreferrer noopener\">\u00a0Clique aqui e se inscreva.<\/a><\/em><\/strong><\/em><\/strong><\/em><\/strong><\/em><\/strong><\/em><\/strong><\/em><\/strong><\/em><\/strong><\/em><\/strong><\/p>\n","protected":false},"excerpt":{"rendered":"<p>Estudantes da rede estadual\u00a0participam do primeiro dia de aplica\u00e7\u00e3o do Prov\u00e3o Paulista Seriado 2024 nesta quarta-feira (30). Os candidatos responder\u00e3o as quest\u00f5es de Linguagens e suas Tecnologias e de Ci\u00eancias da Natureza e suas Tecnologias, al\u00e9m da elabora\u00e7\u00e3o de uma reda\u00e7\u00e3o. Em todo o Estado, a prova ser\u00e1 aplicada no per\u00edodo da manh\u00e3, \u00e0s 8h, &hellip;<\/p>\n","protected":false},"author":1,"featured_media":12769,"comment_status":"open","ping_status":"open","sticky":false,"template":"","format":"standard","meta":{"_jetpack_memberships_contains_paid_content":false,"footnotes":"","jetpack_publicize_message":"","jetpack_publicize_feature_enabled":true,"jetpack_social_post_already_shared":false,"jetpack_social_options":{"image_generator_settings":{"template":"highway","default_image_id":0,"enabled":false},"version":2}},"categories":[4],"tags":[],"class_list":["post-12768","post","type-post","status-publish","format-standard","has-post-thumbnail","hentry","category-regiao"],"jetpack_publicize_connections":[],"jetpack_featured_media_url":"https:\/\/i0.wp.com\/www.paparazzinews.com.br\/wp-content\/uploads\/2024\/10\/Provao-paulista-1536x1024-1.jpg?fit=1536%2C1024&ssl=1","views":"1362","jetpack_likes_enabled":true,"jetpack_sharing_enabled":true,"_links":{"self":[{"href":"https:\/\/www.paparazzinews.com.br\/index.php?rest_route=\/wp\/v2\/posts\/12768","targetHints":{"allow":["GET"]}}],"collection":[{"href":"https:\/\/www.paparazzinews.com.br\/index.php?rest_route=\/wp\/v2\/posts"}],"about":[{"href":"https:\/\/www.paparazzinews.com.br\/index.php?rest_route=\/wp\/v2\/types\/post"}],"author":[{"embeddable":true,"href":"https:\/\/www.paparazzinews.com.br\/index.php?rest_route=\/wp\/v2\/users\/1"}],"replies":[{"embeddable":true,"href":"https:\/\/www.paparazzinews.com.br\/index.php?rest_route=%2Fwp%2Fv2%2Fcomments&post=12768"}],"version-history":[{"count":1,"href":"https:\/\/www.paparazzinews.com.br\/index.php?rest_route=\/wp\/v2\/posts\/12768\/revisions"}],"predecessor-version":[{"id":12770,"href":"https:\/\/www.paparazzinews.com.br\/index.php?rest_route=\/wp\/v2\/posts\/12768\/revisions\/12770"}],"wp:featuredmedia":[{"embeddable":true,"href":"https:\/\/www.paparazzinews.com.br\/index.php?rest_route=\/wp\/v2\/media\/12769"}],"wp:attachment":[{"href":"https:\/\/www.paparazzinews.com.br\/index.php?rest_route=%2Fwp%2Fv2%2Fmedia&parent=12768"}],"wp:term":[{"taxonomy":"category","embeddable":true,"href":"https:\/\/www.paparazzinews.com.br\/index.php?rest_route=%2Fwp%2Fv2%2Fcategories&post=12768"},{"taxonomy":"post_tag","embeddable":true,"href":"https:\/\/www.paparazzinews.com.br\/index.php?rest_route=%2Fwp%2Fv2%2Ftags&post=12768"}],"curies":[{"name":"wp","href":"https:\/\/api.w.org\/{rel}","templated":true}]}}