{"id":12760,"date":"2024-10-29T16:23:53","date_gmt":"2024-10-29T19:23:53","guid":{"rendered":"https:\/\/www.paparazzinews.com.br\/?p=12760"},"modified":"2024-10-29T16:23:54","modified_gmt":"2024-10-29T19:23:54","slug":"dia-do-servidor-publico-conheca-historias-de-funcionarios-que-ha-decadas-fazem-a-diferenca","status":"publish","type":"post","link":"https:\/\/www.paparazzinews.com.br\/?p=12760","title":{"rendered":"Dia do Servidor P\u00fablico: conhe\u00e7a hist\u00f3rias de funcion\u00e1rios que h\u00e1 d\u00e9cadas fazem a diferen\u00e7a\u00a0"},"content":{"rendered":"\n<p>O Dia do Servidor P\u00fablico \u00e9 celebrado nesta segunda-feira, 28 de outubro. Em todo estado, s\u00e3o quase 540 mil agentes da administra\u00e7\u00e3o direta e i\u200bndireta servindo \u00e0 comunidade. S\u00e3o diversas as fun\u00e7\u00f5es, como professores, m\u00e9dicos, policiais, auditores, assessores e motoristas. As \u00e1reas com o maior n\u00famero de servidores s\u00e3o: educa\u00e7\u00e3o, seguran\u00e7a p\u00fablica, sa\u00fade e ci\u00eancia e tecnologia. Conhe\u00e7a algumas hist\u00f3rias desses funcion\u00e1rios que fazem a diferen\u00e7a para a popula\u00e7\u00e3o. A informa\u00e7\u00e3o \u00e9 da Ag\u00eancia SP.<\/p>\n\n\n\n<h2 class=\"wp-block-heading\"><strong>42 anos de dedica\u00e7\u00e3o ao Hospital Maternidade Leonor Mendes de Barros&nbsp;<\/strong><\/h2>\n\n\n\n<p>Rosana Negrizoli \u00e9 bi\u00f3loga, tem 65 anos e trabalha como funcion\u00e1ria p\u00fablica h\u00e1 42 anos no Hospital Maternidade Leonor Mendes de Barros, da Secretaria de Estado da Sa\u00fade (<a href=\"https:\/\/www.saude.sp.gov.br\/\" target=\"_blank\" rel=\"noreferrer noopener\">SES<\/a>). Na unidade, refer\u00eancia em todo o Estado de S\u00e3o Paulo pelo atendimento em sa\u00fade da mulher e do rec\u00e9m-nascido, ela construiu uma carreira, passando de oficial Administrativa de Laborat\u00f3rio para Diretora da Divis\u00e3o de Apoio Diagn\u00f3stico.<\/p>\n\n\n\n<p>A diretora aponta que a tecnologia foi uma transforma\u00e7\u00e3o que marcou as mais de quatro d\u00e9cadas de trabalho no hospital. \u201cAs coisas evolu\u00edram, tudo se tornou mais r\u00e1pido com a internet. Atualmente, os pacientes conseguem agendar consultas, exames, tudo de uma forma muito mais f\u00e1cil. A primeira vez que vi um computador na frente eu me assustei e hoje a gente n\u00e3o vive sem ele\u201d, relembra.<\/p>\n\n\n\n<p>Rosana testemunhou diferentes fases do hospital e acabou criando uma fam\u00edlia com os colegas de trabalho. \u201cNo funcionalismo p\u00fablico, n\u00f3s trabalhamos muitos anos com as mesmas pessoas e eles acabam se tornando membros da nossa fam\u00edlia. Quando voc\u00ea tem esse contato, essa amizade, fica muito mais f\u00e1cil de trabalhar e voc\u00ea passa para o paciente um ambiente melhor e mais acolhedor\u201d, comenta.<\/p>\n\n\n\n<p>Toda a dedica\u00e7\u00e3o gerou frutos e, hoje, a unidade \u00e9 refer\u00eancia em sa\u00fade da mulher e maternidade. \u201cEu tenho muito orgulho de fazer parte da fam\u00edlia Leonor. Somos premiados como maternidade segura, aleitamento materno, consult\u00f3rios de rua e outros projetos de sucesso, como o Outubro Rosa\u201d, comemora.<\/p>\n\n\n\n<p>Rosana admite que sofre ao pensar na aposentadoria. \u201cTento me preparar psicologicamente porque eu sei que n\u00e3o vai ser f\u00e1cil. Eu amo o que eu fa\u00e7o. Eu amo ser servidora p\u00fablica. Eu amo o Leonor!\u201d.<\/p>\n\n\n\n<h2 class=\"wp-block-heading\"><strong>31 anos fazendo o que gosta<\/strong><\/h2>\n\n\n\n<figure class=\"wp-block-image\"><img data-recalc-dims=\"1\" height=\"472\" width=\"708\" decoding=\"async\" src=\"https:\/\/i0.wp.com\/www.agenciasp.sp.gov.br\/wp-content\/uploads\/2024\/10\/54093284599_9b53abbded_k-1024x683.jpg?resize=708%2C472\" alt=\"\" class=\"wp-image-26929\"\/><figcaption class=\"wp-element-caption\">Gl\u00f3ria In\u00eas, diretora t\u00e9cnica II no setor de RH da Secretaria da Cultura, Economia e Ind\u00fastria Criativas. Foto Pablo Jacob\/Governo de SP<\/figcaption><\/figure>\n\n\n\n<p>Gl\u00f3ria In\u00eas Barbosa dos Santos come\u00e7ou a trabalhar na Secretaria da Cultura, Economia e Ind\u00fastria Criativas de S\u00e3o Paulo ainda estagi\u00e1ria, em 1993, no setor de Recursos Humanos, pela antiga Funda\u00e7\u00e3o de Desenvolvimento Administrativo. De l\u00e1, passou por diferentes \u00e1reas, como Conselho Estadual de Cultura, na antiga Universidade Livre de M\u00fasica&nbsp; do Estado de S\u00e3o Paulo, Orquestra Jazz Sinf\u00f4nica e at\u00e9 na produ\u00e7\u00e3o do Festival de Inverno em Campos do Jord\u00e3o.&nbsp;<\/p>\n\n\n\n<p>Depois de passar por diferentes \u00e1reas, h\u00e1 15 anos, ela retornou ao setor de RH como diretora t\u00e9cnica II, se efetivando no servi\u00e7o p\u00fablico em 2012. \u201cPara mim, ser servidora p\u00fablica \u00e9 uma experi\u00eancia muito gratificante porque tudo que eu tenho eu devo a ser servidora p\u00fablica. Eu consegui estudar, construir a minha fam\u00edlia e me aperfei\u00e7oar. Eu me realizo fazendo o que eu fa\u00e7o, porque fa\u00e7o o que gosto que \u00e9 atender, acolher e ajudar\u201d, afirma Gl\u00f3ria.&nbsp;<\/p>\n\n\n\n<p>LEIA TAMB\u00c9M:&nbsp;<a href=\"https:\/\/www.agenciasp.sp.gov.br\/dia-do-servidor-publico-confira-o-funcionamento-dos-servicos-estaduais\/\" target=\"_blank\" rel=\"noreferrer noopener\">Dia do Servidor P\u00fablico: confira o funcionamento dos servi\u00e7os estaduais<\/a><\/p>\n\n\n\n<p>Durante os 31 anos na Secretaria da Cultura, a diretora t\u00e9cnica tamb\u00e9m se diz muito realizada em acompanhar de perto jovens que passaram por projetos da pasta e hoje s\u00e3o m\u00fasicos profissionais. \u201cEu conheci crian\u00e7as pequenas que come\u00e7aram com 8 anos e hoje est\u00e3o tocando nas maiores orquestras do mundo. Isso \u00e9 muito gratificante, voc\u00ea trabalhar em uma secretaria que pode proporcionar cultura de boa qualidade e ainda incentivar uma outra pessoa a ter uma profiss\u00e3o\u201d, ressalta.&nbsp;<\/p>\n\n\n\n<p>Gloria ainda deixa o recado para quem est\u00e1 chegando no servi\u00e7o p\u00fablico. \u201cA estabilidade \u00e9 um benef\u00edcio, mas o verdadeiro valor est\u00e1 na oportunidade de contribuir diretamente para o funcionamento da sociedade. Esteja sempre disposto a aprender e se adaptar, porque o servi\u00e7o p\u00fablico pode ser muito din\u00e2mico e desafiador. Temos muitas oportunidades de desenvolvimento e aperfei\u00e7oamento nas nossas atividades. O Governo disponibiliza v\u00e1rios cursos que permitem uma maior especializa\u00e7\u00e3o e qualifica\u00e7\u00e3o profissional.\u201d&nbsp;<\/p>\n\n\n\n<h2 class=\"wp-block-heading\"><strong>Tr\u00eas gera\u00e7\u00f5es na pol\u00edcia de S\u00e3o Paulo<\/strong><\/h2>\n\n\n\n<figure class=\"wp-block-image\"><img data-recalc-dims=\"1\" decoding=\"async\" src=\"https:\/\/i0.wp.com\/www.agenciasp.sp.gov.br\/wp-content\/uploads\/2024\/10\/WhatsApp-Image-2024-10-25-at-12.57.16.jpeg?w=708\" alt=\"\" class=\"wp-image-26931\"\/><figcaption class=\"wp-element-caption\">Jeferson Barboza, Investigador da Pol\u00edcia Civil de S\u00e3o Paulo. Foto: Secretaria de Seguran\u00e7a P\u00fablica\/Governo de SP<\/figcaption><\/figure>\n\n\n\n<p>O investigador da Pol\u00edcia Civil de S\u00e3o Paulo Jeferson Barboza entrou para a corpora\u00e7\u00e3o em 2012, mas a rela\u00e7\u00e3o dele e de sua fam\u00edlia com o servi\u00e7o p\u00fablico de S\u00e3o Paulo come\u00e7ou h\u00e1 muitos anos. O av\u00f4 de Jeferson esteve na pol\u00edcia como investigador de 1935 a 1965. E seu pai, o sargento Jos\u00e9 Luiz Barboza, hoje veterano da Pol\u00edcia Militar, est\u00e1 na corpora\u00e7\u00e3o desde 1964.<\/p>\n\n\n\n<p>Segundo Jeferson, a paix\u00e3o pela pol\u00edcia passou de gera\u00e7\u00e3o para gera\u00e7\u00e3o, tendo in\u00edcio com o tatarav\u00f4. \u201cDesde o meu tatarav\u00f4, estamos envolvidos com a Seguran\u00e7a P\u00fablica. Inclusive o meu av\u00f4, que tamb\u00e9m foi Investigador de Pol\u00edcia, lutou na Revolu\u00e7\u00e3o de 32\u201d, afirma.&nbsp;<\/p>\n\n\n\n<p>Segundo Jeferson, o in\u00edcio na corpora\u00e7\u00e3o foi desafiador e de muito aprendizado. \u201cDe imediato, fui para o Plant\u00e3o Policial, que \u00e9 a porta da frente da Pol\u00edcia Judici\u00e1ria. No plant\u00e3o \u00e9 onde s\u00e3o apresentadas as diversas ocorr\u00eancias policiais, al\u00e9m de efetuar o atendimento da popula\u00e7\u00e3o\u201d. Para ele, ser um servidor p\u00fablico \u00e9 a ess\u00eancia de servir ao pr\u00f3ximo da melhor maneira poss\u00edvel, sem esperar nada em troca.&nbsp;<\/p>\n\n\n\n<p>No dia de sua posse, seu pai deixou o recado. \u201cNunca esque\u00e7a, na rua, \u00e9 preciso ter sempre olho vivo e p\u00e9 ligeiro.\u201d O investigador tamb\u00e9m deixa o recado para quem est\u00e1 chegando. \u201cTenham respeito, compromisso e lealdade: respeito para com todos sem exce\u00e7\u00e3o, compromisso com a sua equipe de trabalho, e lealdade com a sua honra, com os colegas de profiss\u00e3o e com o Estado de S\u00e3o Paulo. Afinal, somos os representantes do Estado perante a sociedade\u201d, afirma.<\/p>\n\n\n\n<h2 class=\"wp-block-heading\"><strong>Qualidade de ensino como legado<\/strong><\/h2>\n\n\n\n<figure class=\"wp-block-image\"><img data-recalc-dims=\"1\" height=\"407\" width=\"708\" decoding=\"async\" src=\"https:\/\/i0.wp.com\/www.agenciasp.sp.gov.br\/wp-content\/uploads\/2024\/10\/WhatsApp-Image-2024-10-25-at-10.56.39-1024x589.jpeg?resize=708%2C407\" alt=\"\" class=\"wp-image-26932\"\/><figcaption class=\"wp-element-caption\">Gennaro Soria, Assessor T\u00e9cnico de Gabinete II na Secretaria da Educa\u00e7\u00e3o. Foto: Secretaria da Educa\u00e7\u00e3o\/Governo de SP<\/figcaption><\/figure>\n\n\n\n<p>Gennaro Soria, 77 anos, trabalha na Secretaria da Educa\u00e7\u00e3o do Estado de S\u00e3o Paulo (Seduc-SP) h\u00e1 mais de 20 anos. Passando por diversos cargos administrativos, Gennaro teve experi\u00eancia como coordenador administrativo e diretor t\u00e9cnico de programas de ensino do Estado. Hoje, atua como assessor t\u00e9cnico na Coordenadoria de Infraestrutura de Servi\u00e7os Escolares (Cise), e busca seguir com sua miss\u00e3o de oferecer uma educa\u00e7\u00e3o de qualidade. \u201cEstar aqui me possibilita trabalhar com projetos e programas que ajudam as escolas\u201d, diz Gennaro.<\/p>\n\n\n\n<p>Com seus anos de servi\u00e7o, Gennaro afirma que o bom funcionamento das escolas tamb\u00e9m \u00e9 feito por funcion\u00e1rios que trabalham indiretamente para manter a melhor estrutura e ambiente escolar poss\u00edvel. \u201cUma boa aprendizagem para os alunos tamb\u00e9m significa manter o funcionamento da infraestrutura da escola, oferecer uma escola agrad\u00e1vel para as crian\u00e7as. Eu trabalho para isso: oferecer uma escola completa.\u201d<\/p>\n\n\n\n<p>Antes de se tornar servidor, o assessor tamb\u00e9m trabalhou em empresas privadas na \u00e1rea administrativa e aponta a maior diferen\u00e7a ao atuar como servidor: \u201cQuando eu tive a felicidade de vir trabalhar na secretaria, descobri que aqui tem servidores que s\u00e3o muito dedicados ao trabalho, muito competentes e buscam deixar um legado. Quero fazer o mesmo, entregar uma boa educa\u00e7\u00e3o para milhares de alunos.\u201d<\/p>\n\n\n\n<p><strong><em><strong><em><strong><em><strong><em><strong><em><strong><em><strong><em><strong><em><strong>Siga nossas redes sociais no\u00a0<a href=\"https:\/\/www.instagram.com\/ronipaparazzi\/\">Instagram\u00a0<\/a>e\u00a0<a href=\"https:\/\/www.facebook.com\/ronipaparazzicomvoce\">Facebook<\/a>\u00a0participe da nossa comunidade do Canal Roni Paparazzi no Whatsapp e receba as principais not\u00edcias da regi\u00e3o de Ara\u00e7atuba do dia direto no seu celular.<\/strong>\u00a0<a href=\"https:\/\/chat.whatsapp.com\/GsG1XKo0jPOEfjzudWQcml\" target=\"_blank\" rel=\"noreferrer noopener\">\u00a0Clique aqui e se inscreva.<\/a><\/em><\/strong><\/em><\/strong><\/em><\/strong><\/em><\/strong><\/em><\/strong><\/em><\/strong><\/em><\/strong><\/em><\/strong><\/p>\n","protected":false},"excerpt":{"rendered":"<p>O Dia do Servidor P\u00fablico \u00e9 celebrado nesta segunda-feira, 28 de outubro. Em todo estado, s\u00e3o quase 540 mil agentes da administra\u00e7\u00e3o direta e i\u200bndireta servindo \u00e0 comunidade. S\u00e3o diversas as fun\u00e7\u00f5es, como professores, m\u00e9dicos, policiais, auditores, assessores e motoristas. As \u00e1reas com o maior n\u00famero de servidores s\u00e3o: educa\u00e7\u00e3o, seguran\u00e7a p\u00fablica, sa\u00fade e ci\u00eancia &hellip;<\/p>\n","protected":false},"author":1,"featured_media":12761,"comment_status":"open","ping_status":"open","sticky":false,"template":"","format":"standard","meta":{"_jetpack_memberships_contains_paid_content":false,"footnotes":"","jetpack_publicize_message":"","jetpack_publicize_feature_enabled":true,"jetpack_social_post_already_shared":false,"jetpack_social_options":{"image_generator_settings":{"template":"highway","default_image_id":0,"enabled":false},"version":2}},"categories":[4],"tags":[],"class_list":["post-12760","post","type-post","status-publish","format-standard","has-post-thumbnail","hentry","category-regiao"],"jetpack_publicize_connections":[],"jetpack_featured_media_url":"https:\/\/i0.wp.com\/www.paparazzinews.com.br\/wp-content\/uploads\/2024\/10\/54091387009_e45f04cdab_k-1536x1024-1.jpg?fit=1536%2C1024&ssl=1","views":"1300","jetpack_likes_enabled":true,"jetpack_sharing_enabled":true,"_links":{"self":[{"href":"https:\/\/www.paparazzinews.com.br\/index.php?rest_route=\/wp\/v2\/posts\/12760","targetHints":{"allow":["GET"]}}],"collection":[{"href":"https:\/\/www.paparazzinews.com.br\/index.php?rest_route=\/wp\/v2\/posts"}],"about":[{"href":"https:\/\/www.paparazzinews.com.br\/index.php?rest_route=\/wp\/v2\/types\/post"}],"author":[{"embeddable":true,"href":"https:\/\/www.paparazzinews.com.br\/index.php?rest_route=\/wp\/v2\/users\/1"}],"replies":[{"embeddable":true,"href":"https:\/\/www.paparazzinews.com.br\/index.php?rest_route=%2Fwp%2Fv2%2Fcomments&post=12760"}],"version-history":[{"count":1,"href":"https:\/\/www.paparazzinews.com.br\/index.php?rest_route=\/wp\/v2\/posts\/12760\/revisions"}],"predecessor-version":[{"id":12762,"href":"https:\/\/www.paparazzinews.com.br\/index.php?rest_route=\/wp\/v2\/posts\/12760\/revisions\/12762"}],"wp:featuredmedia":[{"embeddable":true,"href":"https:\/\/www.paparazzinews.com.br\/index.php?rest_route=\/wp\/v2\/media\/12761"}],"wp:attachment":[{"href":"https:\/\/www.paparazzinews.com.br\/index.php?rest_route=%2Fwp%2Fv2%2Fmedia&parent=12760"}],"wp:term":[{"taxonomy":"category","embeddable":true,"href":"https:\/\/www.paparazzinews.com.br\/index.php?rest_route=%2Fwp%2Fv2%2Fcategories&post=12760"},{"taxonomy":"post_tag","embeddable":true,"href":"https:\/\/www.paparazzinews.com.br\/index.php?rest_route=%2Fwp%2Fv2%2Ftags&post=12760"}],"curies":[{"name":"wp","href":"https:\/\/api.w.org\/{rel}","templated":true}]}}