{"id":12757,"date":"2024-10-29T16:20:15","date_gmt":"2024-10-29T19:20:15","guid":{"rendered":"https:\/\/www.paparazzinews.com.br\/?p=12757"},"modified":"2024-10-29T16:20:16","modified_gmt":"2024-10-29T19:20:16","slug":"no-mes-das-criancas-procon-sp-lanca-cartilha-para-o-pequeno-consumidor","status":"publish","type":"post","link":"https:\/\/www.paparazzinews.com.br\/?p=12757","title":{"rendered":"No m\u00eas das crian\u00e7as, Procon-SP lan\u00e7a cartilha para o \u2018Pequeno Consumidor\u2019"},"content":{"rendered":"\n<p>Com o prop\u00f3sito de conscientizar as novas gera\u00e7\u00f5es sobre os princ\u00edpios e os valores do C\u00f3digo de Defesa do Consumidor, neste m\u00eas em que se comemora o Dia das Crian\u00e7as, o Procon-SP est\u00e1 lan\u00e7ando a cartilha \u2018Pequeno Consumidor\u2019. Esta iniciativa \u00e9 da \u00e1rea de Estudos e Pesquisas da Funda\u00e7\u00e3o de Prote\u00e7\u00e3o e Defesa do Consumidor, que desenvolve conte\u00fado relacionado \u00e0s rela\u00e7\u00f5es de consumo para os mais diversos grupos sociais.<\/p>\n\n\n\n<p>Com informa\u00e7\u00f5es em linguagem direcionada ao p\u00fablico infantil, o material j\u00e1 est\u00e1 dispon\u00edvel para download no&nbsp;<a href=\"https:\/\/www.procon.sp.gov.br\/wp-content\/uploads\/2024\/10\/CARTILHA_Pequeno_Consumidor_2024.pdf\" target=\"_blank\" rel=\"noreferrer noopener\">site da Funda\u00e7\u00e3o<\/a><a href=\"https:\/\/www.procon.sp.gov.br\/wp-content\/uploads\/2024\/10\/CARTILHA_Pequeno_Consumidor_2024.pdf\"><strong>.<\/strong><\/a><\/p>\n\n\n\n<p>Ao todo, s\u00e3o 16 p\u00e1ginas que explicam os direitos dos consumidores na compra de um produto e na contrata\u00e7\u00e3o de um servi\u00e7o, a defini\u00e7\u00e3o de quem \u00e9 o consumidor e o fornecedor. Ilustra\u00e7\u00f5es concebidas com aux\u00edlio de ferramentas de intelig\u00eancia artificial (IA) e textos com uma abordagem de f\u00e1cil compreens\u00e3o para p\u00fablico infantil, v\u00e3o ao encontro de uma did\u00e1tica apropriada a este p\u00fablico.<\/p>\n\n\n\n<p>Tamb\u00e9m consta na cartilha breves conceitos sobre o Estatuto da Crian\u00e7a e do Adolescente e a import\u00e2ncia do consumo sustent\u00e1vel: como evitar o desperd\u00edcio de \u00e1gua, a colabora\u00e7\u00e3o com a reciclagem de res\u00edduos e a economia de energia el\u00e9trica.<\/p>\n\n\n\n<p>Pela internet, a cartilha pode ser utilizada pela popula\u00e7\u00e3o de modo f\u00e1cil e l\u00fadico. Por sua vez, ela tamb\u00e9m ser\u00e1 distribu\u00edda em atividades do Procon-SP voltadas \u00e0s crian\u00e7as, como a Biblioteca Animada e o Teatro de Fantoches. Tamb\u00e9m estar\u00e1 dispon\u00edvel para educadores que participarem do projeto Saber Consumir, que estejam interessados em utilizar o material em salas de aula.<\/p>\n\n\n\n<p><strong><em><strong><em><strong><em><strong><em><strong><em><strong><em><strong><em><strong><em><strong>Siga nossas redes sociais no\u00a0<a href=\"https:\/\/www.instagram.com\/ronipaparazzi\/\">Instagram\u00a0<\/a>e\u00a0<a href=\"https:\/\/www.facebook.com\/ronipaparazzicomvoce\">Facebook<\/a>\u00a0participe da nossa comunidade do Canal Roni Paparazzi no Whatsapp e receba as principais not\u00edcias da regi\u00e3o de Ara\u00e7atuba do dia direto no seu celular.<\/strong>\u00a0<a href=\"https:\/\/chat.whatsapp.com\/GsG1XKo0jPOEfjzudWQcml\" target=\"_blank\" rel=\"noreferrer noopener\">\u00a0Clique aqui e se inscreva.<\/a><\/em><\/strong><\/em><\/strong><\/em><\/strong><\/em><\/strong><\/em><\/strong><\/em><\/strong><\/em><\/strong><\/em><\/strong><\/p>\n","protected":false},"excerpt":{"rendered":"<p>Com o prop\u00f3sito de conscientizar as novas gera\u00e7\u00f5es sobre os princ\u00edpios e os valores do C\u00f3digo de Defesa do Consumidor, neste m\u00eas em que se comemora o Dia das Crian\u00e7as, o Procon-SP est\u00e1 lan\u00e7ando a cartilha \u2018Pequeno Consumidor\u2019. Esta iniciativa \u00e9 da \u00e1rea de Estudos e Pesquisas da Funda\u00e7\u00e3o de Prote\u00e7\u00e3o e Defesa do Consumidor, &hellip;<\/p>\n","protected":false},"author":1,"featured_media":12758,"comment_status":"open","ping_status":"open","sticky":false,"template":"","format":"standard","meta":{"_jetpack_memberships_contains_paid_content":false,"footnotes":"","jetpack_publicize_message":"","jetpack_publicize_feature_enabled":true,"jetpack_social_post_already_shared":false,"jetpack_social_options":{"image_generator_settings":{"template":"highway","default_image_id":0,"enabled":false},"version":2}},"categories":[4],"tags":[],"class_list":["post-12757","post","type-post","status-publish","format-standard","has-post-thumbnail","hentry","category-regiao"],"jetpack_publicize_connections":[],"jetpack_featured_media_url":"https:\/\/i0.wp.com\/www.paparazzinews.com.br\/wp-content\/uploads\/2024\/10\/criancaa-scaled-1-1536x865-1.jpg?fit=1536%2C865&ssl=1","views":"1303","jetpack_likes_enabled":true,"jetpack_sharing_enabled":true,"_links":{"self":[{"href":"https:\/\/www.paparazzinews.com.br\/index.php?rest_route=\/wp\/v2\/posts\/12757","targetHints":{"allow":["GET"]}}],"collection":[{"href":"https:\/\/www.paparazzinews.com.br\/index.php?rest_route=\/wp\/v2\/posts"}],"about":[{"href":"https:\/\/www.paparazzinews.com.br\/index.php?rest_route=\/wp\/v2\/types\/post"}],"author":[{"embeddable":true,"href":"https:\/\/www.paparazzinews.com.br\/index.php?rest_route=\/wp\/v2\/users\/1"}],"replies":[{"embeddable":true,"href":"https:\/\/www.paparazzinews.com.br\/index.php?rest_route=%2Fwp%2Fv2%2Fcomments&post=12757"}],"version-history":[{"count":1,"href":"https:\/\/www.paparazzinews.com.br\/index.php?rest_route=\/wp\/v2\/posts\/12757\/revisions"}],"predecessor-version":[{"id":12759,"href":"https:\/\/www.paparazzinews.com.br\/index.php?rest_route=\/wp\/v2\/posts\/12757\/revisions\/12759"}],"wp:featuredmedia":[{"embeddable":true,"href":"https:\/\/www.paparazzinews.com.br\/index.php?rest_route=\/wp\/v2\/media\/12758"}],"wp:attachment":[{"href":"https:\/\/www.paparazzinews.com.br\/index.php?rest_route=%2Fwp%2Fv2%2Fmedia&parent=12757"}],"wp:term":[{"taxonomy":"category","embeddable":true,"href":"https:\/\/www.paparazzinews.com.br\/index.php?rest_route=%2Fwp%2Fv2%2Fcategories&post=12757"},{"taxonomy":"post_tag","embeddable":true,"href":"https:\/\/www.paparazzinews.com.br\/index.php?rest_route=%2Fwp%2Fv2%2Ftags&post=12757"}],"curies":[{"name":"wp","href":"https:\/\/api.w.org\/{rel}","templated":true}]}}