{"id":12751,"date":"2024-10-29T16:07:32","date_gmt":"2024-10-29T19:07:32","guid":{"rendered":"https:\/\/www.paparazzinews.com.br\/?p=12751"},"modified":"2024-10-29T16:07:33","modified_gmt":"2024-10-29T19:07:33","slug":"medicina-na-usp-aprovados-no-provao-paulista-criam-grupo-para-atrair-alunos-da-rede-publica","status":"publish","type":"post","link":"https:\/\/www.paparazzinews.com.br\/?p=12751","title":{"rendered":"Medicina na USP: aprovados no Prov\u00e3o Paulista criam grupo para atrair alunos da rede p\u00fablica"},"content":{"rendered":"\n<p>Em 25 de janeiro de 2024, Lara Sousa Christofaro, 18 anos, recebeu uma liga\u00e7\u00e3o que mudaria a sua vida n\u00e3o s\u00f3 durante este ano, mas para sempre. Ela estava entre as primeiras alunas aprovadas no\u00a0<a href=\"https:\/\/www.agenciasp.sp.gov.br\/provao-paulista-portal-de-escolha-de-cursos-para-alunos-e-aberto-nesta-segunda-7\/\" target=\"_blank\" rel=\"noreferrer noopener\">Prov\u00e3o Paulista Seriado<\/a>\u00a0e recebeu a not\u00edcia da convoca\u00e7\u00e3o para o curso de medicina na USP (Universidade de S\u00e3o Paulo) Bauru ao receber uma liga\u00e7\u00e3o do governador Tarc\u00edsio de Freitas. Em Bauru, ela se uniu \u00e0 tamb\u00e9m ex-aluna da rede estadual Maria Eduarda Bartholomeu de Souza e, agora, com a segunda edi\u00e7\u00e3o do \u201cvestibular\u201d da Educa\u00e7\u00e3o de SP, elas integram um grupo de estudantes e professores da USP criado para atrair alunos da rede p\u00fablica para o ensino superior. A informa\u00e7\u00e3o \u00e9 da Ag\u00eancia SP.<\/p>\n\n\n\n<p>\u201cO Prov\u00e3o Paulista foi, para mim, uma porta que eu jamais esperaria que pudesse se abrir. Estudar medicina na USP era muito al\u00e9m do que eu poderia imaginar para a minha vida, e hoje sou muito feliz em poder fazer o curso que sempre sonhei, numa universidade que est\u00e1 muito al\u00e9m do que eu almejava\u201d, conta a ex-aluna da Escola Estadual Monsenhor Sarrion, de Presidente Prudente, e hoje integrante do projeto de extens\u00e3o Ascender.<\/p>\n\n\n\n<p>Lara conta que a ideia partiu de seus colegas de turma no curso de medicina Maria Eduarda, ex-aluna da Escola Estadual Professor Baltazar de Godoy Moreira, de Mar\u00edlia, e Pedro Vidal durante est\u00e1gio na disciplina de Aten\u00e7\u00e3o Integral \u00e0 Sa\u00fade, em parceria com o Programa Sa\u00fade na Escola<em>.&nbsp;<\/em>\u201cN\u00f3s estivemos em uma escola para uma conversa com os estudantes do Ensino M\u00e9dio e, no final, apresentamos a eles o Prov\u00e3o como uma oportunidade \u00fanica no ingresso a uma universidade p\u00fablica. Alguns se mostraram muito interessados. Foi a\u00ed que meus colegas tiveram a ideia de criar o projeto Ascender, para atingir o interesse de ainda mais estudantes e fazer com que eles vejam que s\u00e3o capazes de realizar seus sonhos, assim como n\u00f3s conseguimos. Eles logo conversaram comigo e com nossos colegas que passaram pelo Prov\u00e3o, e ficamos muito entusiasmados\u201d, continua Lara.<\/p>\n\n\n\n<p>O projeto Ascender \u00e9 coordenado pela professora Agnes Pereira Cruvinel e pelo doutor Marcos Marton, tem Juliana Julianelli como receptora e \u00e9 formado ainda por outros estudantes de medicina, fonoaudiologia e de odontologia. Al\u00e9m de Lara, Maria Eduarda e Pedro, participam do Ascender os aprovados no Prov\u00e3o Paulista Jo\u00e3o Vitor Oliveira da Silva, Gabrielly Silva de Jesus, Beatriz Agulhari Fernandes, Lara Freitas Colafati, L\u00edvia Cristina Dias, Giovanna de Souza Campos, Flavia da Silva Colombo, F\u00e1bio de Souza Lima e Raissa Ellen Justo Ribeiro.&nbsp;<\/p>\n\n\n\n<p>Para esta edi\u00e7\u00e3o, os alunos j\u00e1 est\u00e3o compartilhando com estudantes da 3\u00aa s\u00e9rie a import\u00e2ncia de estar presente no exame e de registrar o curso de prefer\u00eancia e finalizar o processo de escolhas at\u00e9 o dia 29 de novembro. Cada aluno pode escolher at\u00e9 oito op\u00e7\u00f5es de cursos no portal do Prov\u00e3o, o&nbsp;<a href=\"https:\/\/provaopaulistaseriado.vunesp.com.br\/\" target=\"_blank\" rel=\"noreferrer noopener\">https:\/\/provaopaulistaseriado.vunesp.com.br\/<\/a>.&nbsp;&nbsp;<\/p>\n\n\n\n<p>\u201cO projeto ainda \u00e9 muito novo, estamos planejando nossas pr\u00f3ximas a\u00e7\u00f5es. Mas pretendemos continuar postando nas redes sociais para divulgar mais sobre o Prov\u00e3o Paulista e, a partir do ano que vem, ir a mais escolas e realizar sess\u00f5es de conversa sobre escolha de carreiras dos estudantes, apresentar o Prov\u00e3o, a pr\u00f3pria universidade e os cursos dispon\u00edveis, esclarecer d\u00favidas e estimular trocas de experi\u00eancia entre n\u00f3s, universit\u00e1rios, e os alunos, a fim de que eles tenham interesse na universidade p\u00fablica e na grande oportunidade que \u00e9 fazer o Prov\u00e3o\u201d, continua Lara.<\/p>\n\n\n\n<p>O Prov\u00e3o Paulista Seriado, avalia\u00e7\u00e3o da Secretaria da Educa\u00e7\u00e3o do Estado de S\u00e3o Paulo (Seduc-SP), garante 15.390 vagas na USP (Universidade de S\u00e3o Paulo), Unesp (Universidade Estadual Paulista), Unicamp (Universidade Estadual de Campinas), Fatecs (Faculdades de Tecnologia do Estado de S\u00e3o Paulo) e Univesp (Universidade Virtual do Estado de S\u00e3o Paulo). Apenas na USP s\u00e3o 1.500 vagas em 172 cursos diferentes.<\/p>\n\n\n\n<p>Al\u00e9m do campus de Bauru, a USP tamb\u00e9m tem campi nas cidades de S\u00e3o Paulo, Ribeir\u00e3o Preto, S\u00e3o Carlos, Piracicaba, Pirassununga e Lorena.<\/p>\n\n\n\n<p><a href=\"http:\/\/www.educacao.sp.gov.br\/wp-content\/uploads\/2024\/10\/Confira-a-lista-dos-172-cursos-dispon%C3%ADveis-na-USP-com-vagas-no-Prov%C3%A3o-Paulista-Seriado.pdf\" target=\"_blank\" rel=\"noreferrer noopener\">Clique aqui<\/a>&nbsp;e confira a lista dos 172 cursos dispon\u00edveis na USP com vagas no Prov\u00e3o Paulista Seriado.<\/p>\n\n\n\n<p><strong><em><strong><em><strong><em><strong><em><strong><em><strong><em><strong><em><strong><em><strong>Siga nossas redes sociais no\u00a0<a href=\"https:\/\/www.instagram.com\/ronipaparazzi\/\">Instagram\u00a0<\/a>e\u00a0<a href=\"https:\/\/www.facebook.com\/ronipaparazzicomvoce\">Facebook<\/a>\u00a0participe da nossa comunidade do Canal Roni Paparazzi no Whatsapp e receba as principais not\u00edcias da regi\u00e3o de Ara\u00e7atuba do dia direto no seu celular.<\/strong>\u00a0<a href=\"https:\/\/chat.whatsapp.com\/GsG1XKo0jPOEfjzudWQcml\" target=\"_blank\" rel=\"noreferrer noopener\">\u00a0Clique aqui e se inscreva.<\/a><\/em><\/strong><\/em><\/strong><\/em><\/strong><\/em><\/strong><\/em><\/strong><\/em><\/strong><\/em><\/strong><\/em><\/strong><\/p>\n","protected":false},"excerpt":{"rendered":"<p>Em 25 de janeiro de 2024, Lara Sousa Christofaro, 18 anos, recebeu uma liga\u00e7\u00e3o que mudaria a sua vida n\u00e3o s\u00f3 durante este ano, mas para sempre. Ela estava entre as primeiras alunas aprovadas no\u00a0Prov\u00e3o Paulista Seriado\u00a0e recebeu a not\u00edcia da convoca\u00e7\u00e3o para o curso de medicina na USP (Universidade de S\u00e3o Paulo) Bauru ao &hellip;<\/p>\n","protected":false},"author":1,"featured_media":12752,"comment_status":"open","ping_status":"open","sticky":false,"template":"","format":"standard","meta":{"_jetpack_memberships_contains_paid_content":false,"footnotes":"","jetpack_publicize_message":"","jetpack_publicize_feature_enabled":true,"jetpack_social_post_already_shared":false,"jetpack_social_options":{"image_generator_settings":{"template":"highway","default_image_id":0,"enabled":false},"version":2}},"categories":[4],"tags":[],"class_list":["post-12751","post","type-post","status-publish","format-standard","has-post-thumbnail","hentry","category-regiao"],"jetpack_publicize_connections":[],"jetpack_featured_media_url":"https:\/\/i0.wp.com\/www.paparazzinews.com.br\/wp-content\/uploads\/2024\/10\/Lara-Sousa-Christofaro_aluna-de-Presidente-Prudente-e1729889652384.jpeg?fit=1053%2C717&ssl=1","views":"1368","jetpack_likes_enabled":true,"jetpack_sharing_enabled":true,"_links":{"self":[{"href":"https:\/\/www.paparazzinews.com.br\/index.php?rest_route=\/wp\/v2\/posts\/12751","targetHints":{"allow":["GET"]}}],"collection":[{"href":"https:\/\/www.paparazzinews.com.br\/index.php?rest_route=\/wp\/v2\/posts"}],"about":[{"href":"https:\/\/www.paparazzinews.com.br\/index.php?rest_route=\/wp\/v2\/types\/post"}],"author":[{"embeddable":true,"href":"https:\/\/www.paparazzinews.com.br\/index.php?rest_route=\/wp\/v2\/users\/1"}],"replies":[{"embeddable":true,"href":"https:\/\/www.paparazzinews.com.br\/index.php?rest_route=%2Fwp%2Fv2%2Fcomments&post=12751"}],"version-history":[{"count":1,"href":"https:\/\/www.paparazzinews.com.br\/index.php?rest_route=\/wp\/v2\/posts\/12751\/revisions"}],"predecessor-version":[{"id":12753,"href":"https:\/\/www.paparazzinews.com.br\/index.php?rest_route=\/wp\/v2\/posts\/12751\/revisions\/12753"}],"wp:featuredmedia":[{"embeddable":true,"href":"https:\/\/www.paparazzinews.com.br\/index.php?rest_route=\/wp\/v2\/media\/12752"}],"wp:attachment":[{"href":"https:\/\/www.paparazzinews.com.br\/index.php?rest_route=%2Fwp%2Fv2%2Fmedia&parent=12751"}],"wp:term":[{"taxonomy":"category","embeddable":true,"href":"https:\/\/www.paparazzinews.com.br\/index.php?rest_route=%2Fwp%2Fv2%2Fcategories&post=12751"},{"taxonomy":"post_tag","embeddable":true,"href":"https:\/\/www.paparazzinews.com.br\/index.php?rest_route=%2Fwp%2Fv2%2Ftags&post=12751"}],"curies":[{"name":"wp","href":"https:\/\/api.w.org\/{rel}","templated":true}]}}