{"id":12709,"date":"2024-10-25T12:26:00","date_gmt":"2024-10-25T15:26:00","guid":{"rendered":"https:\/\/www.paparazzinews.com.br\/?p=12709"},"modified":"2024-10-25T12:26:01","modified_gmt":"2024-10-25T15:26:01","slug":"forca-tatica-prende-homem-em-tres-lagoas-que-comprou-2-carros-que-foram-furtados-e-roubados","status":"publish","type":"post","link":"https:\/\/www.paparazzinews.com.br\/?p=12709","title":{"rendered":"For\u00e7a T\u00e1tica prende homem em Tr\u00eas Lagoas que comprou 2 carros que foram furtados e roubados"},"content":{"rendered":"\n<p>Tr\u00eas Lagoas \u2013 MS, no dia 24 de outubro, os policiais militares do 2\u00ba Batalh\u00e3o de Pol\u00edcia Militar recuperaram 2 ve\u00edculos produto de roubo e furto e realizaram a pris\u00e3o do receptador.<\/p>\n\n\n\n<p>Nesta quinta-feira, uma guarni\u00e7\u00e3o da For\u00e7a T\u00e1tica do 2\u00ba BPM ap\u00f3s receber informa\u00e7\u00f5es da Pol\u00edcia Militar do Estado de S\u00e3o Paulo, relatando que um ve\u00edculo Fiat\/Toro, de cor prata, com caracter\u00edsticas\/ind\u00edcios de ve\u00edculo dubl\u00ea (clonado), estaria trafegando em Tr\u00eas Lagoas, foram intensificadas rondas com vistas a localiza\u00e7\u00e3o do ve\u00edculo informado, quando na rua Orestes Prata Tibery, no Parque das Mangueiras.<\/p>\n\n\n\n<p>Os policiais visualizaram um indiv\u00edduo saindo do ve\u00edculo em busca, sendo de imediato realizado a abordagem policial do indiv\u00edduo de 26 anos, onde durante checagens do NIV (numera\u00e7\u00e3o de identifica\u00e7\u00e3o veicular) foi constatado que o ve\u00edculo estava com os elementos identificadores adulterados (chassis e vidros) possuindo registro de roubo, ocorrido em 22\/08\/2024, na cidade do Rio de Janeiro RJ. <\/p>\n\n\n\n<p>Durante as checagens no ve\u00edculo Fiat\/Toro os policiais verificaram que no local havia um ve\u00edculo Honda\/Civic, onde em checagens foi constatado que o ve\u00edculo havia sido furtado em 13\/02\/2024, na cidade de Uberaba-MG.<\/p>\n\n\n\n<p>Em entrevista o abordado declarou aos militares ter adquirido a Fiat\/Toro pelo valor de R$10.000,00 e o Honda\/Civic por R$15.000,00, sendo lhe dada voz de pris\u00e3o pelo crime de recepta\u00e7\u00e3o e realizado sua condu\u00e7\u00e3o at\u00e9 a Delegacia de Pol\u00edcia, onde foi entregue juntamente com os ve\u00edculos recuperados.<\/p>\n\n\n\n<p><strong><em><strong><em><strong><em><strong><em><strong><em><strong><em><strong><em><strong><em><strong>Siga nossas redes sociais no\u00a0<a href=\"https:\/\/www.instagram.com\/ronipaparazzi\/\">Instagram\u00a0<\/a>e\u00a0<a href=\"https:\/\/www.facebook.com\/ronipaparazzicomvoce\">Facebook<\/a>\u00a0participe da nossa comunidade do Canal Roni Paparazzi no Whatsapp e receba as principais not\u00edcias da regi\u00e3o de Ara\u00e7atuba do dia direto no seu celular.<\/strong>\u00a0<a href=\"https:\/\/chat.whatsapp.com\/GsG1XKo0jPOEfjzudWQcml\" target=\"_blank\" rel=\"noreferrer noopener\">\u00a0Clique aqui e se inscreva.<\/a><\/em><\/strong><\/em><\/strong><\/em><\/strong><\/em><\/strong><\/em><\/strong><\/em><\/strong><\/em><\/strong><\/em><\/strong><\/p>\n","protected":false},"excerpt":{"rendered":"<p>Tr\u00eas Lagoas \u2013 MS, no dia 24 de outubro, os policiais militares do 2\u00ba Batalh\u00e3o de Pol\u00edcia Militar recuperaram 2 ve\u00edculos produto de roubo e furto e realizaram a pris\u00e3o do receptador. Nesta quinta-feira, uma guarni\u00e7\u00e3o da For\u00e7a T\u00e1tica do 2\u00ba BPM ap\u00f3s receber informa\u00e7\u00f5es da Pol\u00edcia Militar do Estado de S\u00e3o Paulo, relatando que &hellip;<\/p>\n","protected":false},"author":1,"featured_media":12710,"comment_status":"open","ping_status":"open","sticky":false,"template":"","format":"standard","meta":{"_jetpack_memberships_contains_paid_content":false,"footnotes":"","jetpack_publicize_message":"","jetpack_publicize_feature_enabled":true,"jetpack_social_post_already_shared":false,"jetpack_social_options":{"image_generator_settings":{"template":"highway","default_image_id":0,"enabled":false},"version":2}},"categories":[3],"tags":[],"class_list":["post-12709","post","type-post","status-publish","format-standard","has-post-thumbnail","hentry","category-policial"],"jetpack_publicize_connections":[],"jetpack_featured_media_url":"https:\/\/i0.wp.com\/www.paparazzinews.com.br\/wp-content\/uploads\/2024\/10\/99b62b91-7eff-4f0e-9302-11bfae19e2c7.jpeg?fit=1569%2C900&ssl=1","views":"1444","jetpack_likes_enabled":true,"jetpack_sharing_enabled":true,"_links":{"self":[{"href":"https:\/\/www.paparazzinews.com.br\/index.php?rest_route=\/wp\/v2\/posts\/12709","targetHints":{"allow":["GET"]}}],"collection":[{"href":"https:\/\/www.paparazzinews.com.br\/index.php?rest_route=\/wp\/v2\/posts"}],"about":[{"href":"https:\/\/www.paparazzinews.com.br\/index.php?rest_route=\/wp\/v2\/types\/post"}],"author":[{"embeddable":true,"href":"https:\/\/www.paparazzinews.com.br\/index.php?rest_route=\/wp\/v2\/users\/1"}],"replies":[{"embeddable":true,"href":"https:\/\/www.paparazzinews.com.br\/index.php?rest_route=%2Fwp%2Fv2%2Fcomments&post=12709"}],"version-history":[{"count":1,"href":"https:\/\/www.paparazzinews.com.br\/index.php?rest_route=\/wp\/v2\/posts\/12709\/revisions"}],"predecessor-version":[{"id":12711,"href":"https:\/\/www.paparazzinews.com.br\/index.php?rest_route=\/wp\/v2\/posts\/12709\/revisions\/12711"}],"wp:featuredmedia":[{"embeddable":true,"href":"https:\/\/www.paparazzinews.com.br\/index.php?rest_route=\/wp\/v2\/media\/12710"}],"wp:attachment":[{"href":"https:\/\/www.paparazzinews.com.br\/index.php?rest_route=%2Fwp%2Fv2%2Fmedia&parent=12709"}],"wp:term":[{"taxonomy":"category","embeddable":true,"href":"https:\/\/www.paparazzinews.com.br\/index.php?rest_route=%2Fwp%2Fv2%2Fcategories&post=12709"},{"taxonomy":"post_tag","embeddable":true,"href":"https:\/\/www.paparazzinews.com.br\/index.php?rest_route=%2Fwp%2Fv2%2Ftags&post=12709"}],"curies":[{"name":"wp","href":"https:\/\/api.w.org\/{rel}","templated":true}]}}