{"id":12685,"date":"2024-10-25T11:55:03","date_gmt":"2024-10-25T14:55:03","guid":{"rendered":"https:\/\/www.paparazzinews.com.br\/?p=12685"},"modified":"2024-10-25T11:55:04","modified_gmt":"2024-10-25T14:55:04","slug":"sp-aumenta-em-mais-de-70-unidades-de-acolhimento-para-recem-saidos-de-abrigos","status":"publish","type":"post","link":"https:\/\/www.paparazzinews.com.br\/?p=12685","title":{"rendered":"SP aumenta em mais de 70% unidades de acolhimento para rec\u00e9m-sa\u00eddos de abrigos"},"content":{"rendered":"\n<p>A chegada de dezembro de 2023 gerava um misto de sentimentos no estudante Jeferson Rodrigo Silva, \u00e0 \u00e9poca ainda menor de idade. Por um lado, ele completaria 18 anos e se tornaria oficialmente adulto. Por outro, desde os 16 anos em uma entidade de acolhimento para crian\u00e7as e adolescentes, teria que deixar o local ao chegar \u00e0 maioridade. Sem v\u00ednculo com familiares nem dinheiro para se manter, foi levado a considerar que a rua era a \u00fanica perspectiva de futuro. A informa\u00e7\u00e3o \u00e9 da Ag\u00eancia SP.<\/p>\n\n\n\n<p>O al\u00edvio s\u00f3 veio com a not\u00edcia de que ele poderia ocupar uma das seis vagas da Rep\u00fablica Jovem no Aruj\u00e1, regi\u00e3o metropolitana de S\u00e3o Paulo. O servi\u00e7o, cofinanciado pelo Governo de S\u00e3o Paulo por meio da Secretaria de Desenvolvimento Social (<a href=\"https:\/\/www.desenvolvimentosocial.sp.gov.br\/\">SEDS<\/a>), \u00e9 destinado a indiv\u00edduos como Jeferson, rec\u00e9m-sa\u00eddos de institui\u00e7\u00f5es de acolhimento para menores de idade. O Governo de S\u00e3o Paulo cofinancia hoje 38 unidades do servi\u00e7o Rep\u00fablica Jovem. Em janeiro de 2023, eram 22, um aumento de 72,7%.<\/p>\n\n\n\n<figure class=\"wp-block-image\"><img data-recalc-dims=\"1\" height=\"597\" width=\"708\" decoding=\"async\" src=\"https:\/\/i0.wp.com\/www.agenciasp.sp.gov.br\/wp-content\/uploads\/2024\/10\/DSC04764-1024x864.jpg?resize=708%2C597\" alt=\"\" class=\"wp-image-26541\"\/><figcaption class=\"wp-element-caption\">O jovem Jeferson junto com a equipe da Rep\u00fablica Jovem de Aruj\u00e1, na Grande S\u00e3o Paulo. Foto: Celso Silva\/Governo de SP<\/figcaption><\/figure>\n\n\n\n<p>\u201cO aumento expressivo da oferta desse servi\u00e7o reafirma o compromisso do Governo de S\u00e3o Paulo com esses jovens em vulnerabilidade\u201d, diz Andrezza Rosal\u00e9m, secret\u00e1ria de Desenvolvimento Social. \u201cEsses indiv\u00edduos rec\u00e9m-chegados \u00e0 maioridade t\u00eam direito a uma vida digna para que possam dar continuidade ao pr\u00f3prio desenvolvimento em busca da autonomia, por meio dos estudos e da prepara\u00e7\u00e3o para o ingresso no mercado de trabalho\u201d, destaca.<\/p>\n\n\n\n<p>Os acolhidos podem permanecer no servi\u00e7o dos 18 at\u00e9 os 21 anos, onde t\u00eam direito \u00e0 moradia e alimenta\u00e7\u00e3o. No entanto, diferentemente dos que ocorre nos abrigos para crian\u00e7as e adolescentes, em que funcion\u00e1rios cuidam da limpeza e do preparo das refei\u00e7\u00f5es, nas unidades do servi\u00e7o Rep\u00fablica Jovem os afazeres dom\u00e9sticos ficam sob a responsabilidade dos pr\u00f3prios residentes. S\u00e3o eles que limpam a casa, cozinham e lavam suas roupas.<\/p>\n\n\n\n<p>\u201c\u00c9 fornecido todo o material necess\u00e1rio, por\u00e9m s\u00e3o os pr\u00f3prios jovens que realizam as tarefas do dia a dia\u201d, explica Dem\u00e9trio C\u00e9sar Xavier, coordenador da Rep\u00fablica Jovem do Aruj\u00e1. \u201cN\u00f3s at\u00e9 explicamos como se faz. Mas o objetivo \u00e9 que eles aprendam cada tarefa, para que se tornem independentes\u201d, complementa. Dem\u00e9trio \u00e9 um dos quatro profissionais que trabalham na casa do Aruj\u00e1. H\u00e1 ainda um assistente social, um psic\u00f3logo e um orientador socioeducativo.<\/p>\n\n\n\n<figure class=\"wp-block-image\"><img data-recalc-dims=\"1\" height=\"503\" width=\"708\" decoding=\"async\" src=\"https:\/\/i0.wp.com\/www.agenciasp.sp.gov.br\/wp-content\/uploads\/2024\/10\/DSC04686-1024x727.jpg?resize=708%2C503\" alt=\"Rep\u00fablica Jovem Aruj\u00e1, servi\u00e7o de acolhimento da Secretaria de Desenvolvimento Social\" class=\"wp-image-26544\"\/><figcaption class=\"wp-element-caption\">Afazeres dom\u00e9sticos ficam sob a responsabilidade dos pr\u00f3prios residentes das rep\u00fablicas: s\u00e3o eles que limpam a casa, cozinham e lavam as roupas. Foto: Governo de SP\/Celso Silva<\/figcaption><\/figure>\n\n\n\n<h2 class=\"wp-block-heading\">Conquista da autonomia<\/h2>\n\n\n\n<p>Fazer com que as meninas e os meninos conquistem a autonomia \u00e9 uma das prioridades da Rep\u00fablica Jovem. Para isso, eles s\u00e3o incentivados a estudar, trabalhar e a poupar parte do que ganham. \u201cN\u00f3s aconselhamos que pensem no futuro e guardem 40% dos sal\u00e1rios para come\u00e7arem as vidas quando sa\u00edrem daqui\u201d, explica Dem\u00e9trio. Para possibilitar o acesso desses jovens aos demais servi\u00e7os p\u00fablicos, as casas de acolhimento ficam em localiza\u00e7\u00f5es estrat\u00e9gicas, em \u00e1reas residenciais pr\u00f3ximas de col\u00e9gios e Unidades B\u00e1sicas de Sa\u00fade.<\/p>\n\n\n\n<figure class=\"wp-block-image\"><img data-recalc-dims=\"1\" height=\"472\" width=\"708\" decoding=\"async\" src=\"https:\/\/i0.wp.com\/www.agenciasp.sp.gov.br\/wp-content\/uploads\/2024\/10\/DSC04677-1024x683.jpg?resize=708%2C472\" alt=\"Rep\u00fablica Jovem Aruj\u00e1, servi\u00e7o de acolhimento da Secretaria de Desenvolvimento Social\" class=\"wp-image-26547\"\/><figcaption class=\"wp-element-caption\">Residentes da rep\u00fablica se comprometem a cuidar da casa e s\u00e3o proibidos de consumir bebidas alco\u00f3licas no local. Foto: Governo de SP\/Celso Silva<\/figcaption><\/figure>\n\n\n\n<p>Os jovens s\u00e3o estimulados ainda a aprender a conciliar as liberdades com as responsabilidades da vida adulta. Com a chave da Rep\u00fablica no bolso, eles podem dormir fora ou passar o dia na rua, e chegar no hor\u00e1rio que quiserem. Mas precisam se submeter a regras. \u201cEles chegam aqui com a mentalidade dos abrigos, de serem tutelados. E n\u00f3s temos que incentiv\u00e1-los a se cuidar sozinhos, a encarar os v\u00e1rios lados da vida adulta\u201d, destaca Dem\u00e9trio.<\/p>\n\n\n\n<figure class=\"wp-block-image\"><img data-recalc-dims=\"1\" height=\"472\" width=\"708\" decoding=\"async\" src=\"https:\/\/i0.wp.com\/www.agenciasp.sp.gov.br\/wp-content\/uploads\/2024\/10\/DSC04696-1024x683.jpg?resize=708%2C472\" alt=\"Rep\u00fablica Jovem Aruj\u00e1, servi\u00e7o de acolhimento da Secretaria de Desenvolvimento Social\" class=\"wp-image-26543\"\/><figcaption class=\"wp-element-caption\">Unidade de Aruj\u00e1 conta com tr\u00eas su\u00edtes, cozinha, lavanderia e sala com mesa de jantar, sof\u00e1 e televis\u00e3o. Foto: Governo de SP\/Celso Silva<\/figcaption><\/figure>\n\n\n\n<p>Em cada unidade da Rep\u00fablica Jovem h\u00e1 um conjunto de normas a serem seguidas. No caso da unidade do Aruj\u00e1, os residentes do acolhimento comprometem-se a cuidar da casa e s\u00e3o proibidos de consumir bebidas alco\u00f3licas no local. \u201c\u00c9 como um contrato de conviv\u00eancia. Eles t\u00eam direitos e deveres, como qualquer adulto\u201d, explica o coordenador.<\/p>\n\n\n\n<p>Morador da Rep\u00fablica Jovem do Aruj\u00e1 desde janeiro de 2024, o estudante Jeferson j\u00e1 se acostumou com o espa\u00e7o, cofinanciado pelo Governo de S\u00e3o Paulo conjuntamente com os munic\u00edpios de Ferraz de Vasconcelos, Guararema, Po\u00e1, Santa Isabel, Suzano e Aruj\u00e1.<\/p>\n\n\n\n<p>Para os que visitam o espa\u00e7o, ele faz quest\u00e3o de mostrar o im\u00f3vel. S\u00e3o tr\u00eas su\u00edtes, cozinha, lavanderia e sala com mesa de jantar, sof\u00e1 e televis\u00e3o, al\u00e9m de um canto com computador com acesso \u00e0 internet e quintal. Durante o trajeto, Jeferson agora se permite sonhar. E faz planos para o futuro: pretende se formar em pedagogia, virar professor de crian\u00e7as e morar na praia.<\/p>\n\n\n\n<p><strong><em><strong><em><strong><em><strong><em><strong><em><strong><em><strong><em><strong><em><strong>Siga nossas redes sociais no\u00a0<a href=\"https:\/\/www.instagram.com\/ronipaparazzi\/\">Instagram\u00a0<\/a>e\u00a0<a href=\"https:\/\/www.facebook.com\/ronipaparazzicomvoce\">Facebook<\/a>\u00a0participe da nossa comunidade do Canal Roni Paparazzi no Whatsapp e receba as principais not\u00edcias da regi\u00e3o de Ara\u00e7atuba do dia direto no seu celular.<\/strong>\u00a0<a href=\"https:\/\/chat.whatsapp.com\/GsG1XKo0jPOEfjzudWQcml\" target=\"_blank\" rel=\"noreferrer noopener\">\u00a0Clique aqui e se inscreva.<\/a><\/em><\/strong><\/em><\/strong><\/em><\/strong><\/em><\/strong><\/em><\/strong><\/em><\/strong><\/em><\/strong><\/em><\/strong><\/p>\n","protected":false},"excerpt":{"rendered":"<p>A chegada de dezembro de 2023 gerava um misto de sentimentos no estudante Jeferson Rodrigo Silva, \u00e0 \u00e9poca ainda menor de idade. Por um lado, ele completaria 18 anos e se tornaria oficialmente adulto. Por outro, desde os 16 anos em uma entidade de acolhimento para crian\u00e7as e adolescentes, teria que deixar o local ao &hellip;<\/p>\n","protected":false},"author":1,"featured_media":12686,"comment_status":"open","ping_status":"open","sticky":false,"template":"","format":"standard","meta":{"_jetpack_memberships_contains_paid_content":false,"footnotes":"","jetpack_publicize_message":"","jetpack_publicize_feature_enabled":true,"jetpack_social_post_already_shared":false,"jetpack_social_options":{"image_generator_settings":{"template":"highway","default_image_id":0,"enabled":false},"version":2}},"categories":[4],"tags":[],"class_list":["post-12685","post","type-post","status-publish","format-standard","has-post-thumbnail","hentry","category-regiao"],"jetpack_publicize_connections":[],"jetpack_featured_media_url":"https:\/\/i0.wp.com\/www.paparazzinews.com.br\/wp-content\/uploads\/2024\/10\/DSC04741-1536x1025-1.jpg?fit=1536%2C1025&ssl=1","views":"1442","jetpack_likes_enabled":true,"jetpack_sharing_enabled":true,"_links":{"self":[{"href":"https:\/\/www.paparazzinews.com.br\/index.php?rest_route=\/wp\/v2\/posts\/12685","targetHints":{"allow":["GET"]}}],"collection":[{"href":"https:\/\/www.paparazzinews.com.br\/index.php?rest_route=\/wp\/v2\/posts"}],"about":[{"href":"https:\/\/www.paparazzinews.com.br\/index.php?rest_route=\/wp\/v2\/types\/post"}],"author":[{"embeddable":true,"href":"https:\/\/www.paparazzinews.com.br\/index.php?rest_route=\/wp\/v2\/users\/1"}],"replies":[{"embeddable":true,"href":"https:\/\/www.paparazzinews.com.br\/index.php?rest_route=%2Fwp%2Fv2%2Fcomments&post=12685"}],"version-history":[{"count":1,"href":"https:\/\/www.paparazzinews.com.br\/index.php?rest_route=\/wp\/v2\/posts\/12685\/revisions"}],"predecessor-version":[{"id":12687,"href":"https:\/\/www.paparazzinews.com.br\/index.php?rest_route=\/wp\/v2\/posts\/12685\/revisions\/12687"}],"wp:featuredmedia":[{"embeddable":true,"href":"https:\/\/www.paparazzinews.com.br\/index.php?rest_route=\/wp\/v2\/media\/12686"}],"wp:attachment":[{"href":"https:\/\/www.paparazzinews.com.br\/index.php?rest_route=%2Fwp%2Fv2%2Fmedia&parent=12685"}],"wp:term":[{"taxonomy":"category","embeddable":true,"href":"https:\/\/www.paparazzinews.com.br\/index.php?rest_route=%2Fwp%2Fv2%2Fcategories&post=12685"},{"taxonomy":"post_tag","embeddable":true,"href":"https:\/\/www.paparazzinews.com.br\/index.php?rest_route=%2Fwp%2Fv2%2Ftags&post=12685"}],"curies":[{"name":"wp","href":"https:\/\/api.w.org\/{rel}","templated":true}]}}