{"id":12667,"date":"2024-10-24T15:39:08","date_gmt":"2024-10-24T18:39:08","guid":{"rendered":"https:\/\/www.paparazzinews.com.br\/?p=12667"},"modified":"2024-10-24T15:39:09","modified_gmt":"2024-10-24T18:39:09","slug":"universal-aplica-curso-de-piscicultura-para-detentos","status":"publish","type":"post","link":"https:\/\/www.paparazzinews.com.br\/?p=12667","title":{"rendered":"Universal aplica curso de piscicultura para detentos"},"content":{"rendered":"\n<p>Parceria entre a Secretaria da Administra\u00e7\u00e3o Penitenci\u00e1ria (SAP), Funda\u00e7\u00e3o \u201cProf. Dr. Manoel Pedro Pimentel\u201d (FUNAP) e a Universal nos Pres\u00eddios (UNP) ofertou curso de \u201cPiscicultura \u2013 Produ\u00e7\u00e3o e Tratamento para Peixes\u201d para reeducandos que cumprem pena no regime semiaberto da Penitenci\u00e1ria I \u201cZwinglio Ferreira\u201d de Presidente Venceslau, subordinada \u00e0 Coordenadoria de Unidades Prisionais da Regi\u00e3o Oeste (Croeste).<\/p>\n\n\n\n<p>Trinta privados de liberdade foram inscritos para as aulas, ministradas por Jos\u00e9 de Carvalho Neto. O curso tem dura\u00e7\u00e3o de 24 horas, distribu\u00eddas em sete dias. As aulas te\u00f3ricas e pr\u00e1ticas aconteceram no Parque Agr\u00edcola da unidade, que conta com uma represa e um tanque de peixes. De acordo com Carvalho Neto, os reeducandos aprendem t\u00e9cnicas de manejo, desenvolvimento, limpeza e produ\u00e7\u00e3o.<\/p>\n\n\n\n<p>\u201cDamos maior destaque \u00e0 til\u00e1pia, esp\u00e9cie que se adapta bem \u00e0s varia\u00e7\u00f5es clim\u00e1ticas\u201d, comenta. O professor explica que a produ\u00e7\u00e3o do peixe pode levar de 180 a 190 dias, at\u00e9 que esteja pronto para comercializa\u00e7\u00e3o.<\/p>\n\n\n\n<p>Para que o processo ocorra com resultado positivo \u00e9 preciso seguir t\u00e9cnicas adequadas. \u201cA til\u00e1pia, por exemplo, produz o ano todo. O piscicultor deve estar atento desde o manejo dos alevinos, quanto \u00e0 alimenta\u00e7\u00e3o em cada fase de desenvolvimento e ao mercado consumidor\u201d.<\/p>\n\n\n\n<p>O Pastor Reinaldo Baia Pinheiro, coordenador da UNP na regi\u00e3o Oeste, destacou que o curso \u00e9 uma oportunidade para o reeducando se profissionalizar e conquistar seu sustento para quando estiver em liberdade.<\/p>\n\n\n\n<p>\u201cO objetivo \u00e9 prevenir a reincid\u00eancia dessa pessoa, por meio de a\u00e7\u00f5es que estimulem sua autoestima e confian\u00e7a de que \u00e9 capaz de gerar renda com seu trabalho\u201d, declarou. O Diretor T\u00e9cnico III do pres\u00eddio, Claudinei dos Santos, ressaltou que a participa\u00e7\u00e3o dos reeducandos em cursos como os que s\u00e3o ofertados pela Universal, oferecem oportunidade para que os mesmos adquiram novas habilidades, ampliando as possibilidades para gerar renda e prover o sustento de suas fam\u00edlias. \u201cA qualifica\u00e7\u00e3o para o trabalho \u00e9 uma maneira eficaz de reintegra\u00e7\u00e3o social da pessoa privada de liberdade\u201d, afirma.<\/p>\n\n\n\n<p><strong>Oportunidade<\/strong><br>As a\u00e7\u00f5es que promovem aquisi\u00e7\u00e3o de conhecimento por parte dos custodiados integram as estrat\u00e9gias de reinser\u00e7\u00e3o desses indiv\u00edduos \u00e0 sociedade, para quando estiverem em liberdade. O acesso \u00e0 qualifica\u00e7\u00e3o profissional \u00e9 essencial para que possam estar preparados para o mercado de trabalho, com novas habilidades.<\/p>\n\n\n\n<p>\u201c\u00c9 importante lembrar como \u00e9 bom aprender algo em nossas vidas e como isso pode mudar nossas escolhas. Aprender piscicultura exige determina\u00e7\u00e3o, tempo e cuidados especiais\u201d, comenta o reeducando \u201cAntonio\u201d (nome fict\u00edcio).<\/p>\n\n\n\n<p>O aluno \u201cJo\u00e3o\u201d (nome fict\u00edcio) enfatiza que o curso n\u00e3o ensina somente a produ\u00e7\u00e3o do peixe, mas tamb\u00e9m a empreender. \u201cConhecimento nunca \u00e9 demais. Foi muito bom fazer esse curso\u201d, comenta.<br>Os alunos que concluem o curso recebem apostila e certificado emitido pela Faculdade FANDUCA, que \u00e9 v\u00e1lido em todo territ\u00f3rio nacional.<\/p>\n\n\n\n<p><strong><em><strong><em><strong><em><strong><em><strong><em><strong><em><strong><em><strong><em><strong>Siga nossas redes sociais no\u00a0<a href=\"https:\/\/www.instagram.com\/ronipaparazzi\/\">Instagram\u00a0<\/a>e\u00a0<a href=\"https:\/\/www.facebook.com\/ronipaparazzicomvoce\">Facebook<\/a>\u00a0participe da nossa comunidade do Canal Roni Paparazzi no Whatsapp e receba as principais not\u00edcias da regi\u00e3o de Ara\u00e7atuba do dia direto no seu celular.<\/strong>\u00a0<a href=\"https:\/\/chat.whatsapp.com\/GsG1XKo0jPOEfjzudWQcml\" target=\"_blank\" rel=\"noreferrer noopener\">\u00a0Clique aqui e se inscreva.<\/a><\/em><\/strong><\/em><\/strong><\/em><\/strong><\/em><\/strong><\/em><\/strong><\/em><\/strong><\/em><\/strong><\/em><\/strong><\/p>\n","protected":false},"excerpt":{"rendered":"<p>Parceria entre a Secretaria da Administra\u00e7\u00e3o Penitenci\u00e1ria (SAP), Funda\u00e7\u00e3o \u201cProf. Dr. Manoel Pedro Pimentel\u201d (FUNAP) e a Universal nos Pres\u00eddios (UNP) ofertou curso de \u201cPiscicultura \u2013 Produ\u00e7\u00e3o e Tratamento para Peixes\u201d para reeducandos que cumprem pena no regime semiaberto da Penitenci\u00e1ria I \u201cZwinglio Ferreira\u201d de Presidente Venceslau, subordinada \u00e0 Coordenadoria de Unidades Prisionais da Regi\u00e3o &hellip;<\/p>\n","protected":false},"author":1,"featured_media":12668,"comment_status":"open","ping_status":"open","sticky":false,"template":"","format":"standard","meta":{"_jetpack_memberships_contains_paid_content":false,"footnotes":"","jetpack_publicize_message":"","jetpack_publicize_feature_enabled":true,"jetpack_social_post_already_shared":false,"jetpack_social_options":{"image_generator_settings":{"template":"highway","default_image_id":0,"enabled":false},"version":2}},"categories":[4],"tags":[],"class_list":["post-12667","post","type-post","status-publish","format-standard","has-post-thumbnail","hentry","category-regiao"],"jetpack_publicize_connections":[],"jetpack_featured_media_url":"https:\/\/i0.wp.com\/www.paparazzinews.com.br\/wp-content\/uploads\/2024\/10\/f7d42ff1-ccde-41ba-ab62-ae7d548817d0.jpeg?fit=1458%2C1000&ssl=1","views":"1623","jetpack_likes_enabled":true,"jetpack_sharing_enabled":true,"_links":{"self":[{"href":"https:\/\/www.paparazzinews.com.br\/index.php?rest_route=\/wp\/v2\/posts\/12667","targetHints":{"allow":["GET"]}}],"collection":[{"href":"https:\/\/www.paparazzinews.com.br\/index.php?rest_route=\/wp\/v2\/posts"}],"about":[{"href":"https:\/\/www.paparazzinews.com.br\/index.php?rest_route=\/wp\/v2\/types\/post"}],"author":[{"embeddable":true,"href":"https:\/\/www.paparazzinews.com.br\/index.php?rest_route=\/wp\/v2\/users\/1"}],"replies":[{"embeddable":true,"href":"https:\/\/www.paparazzinews.com.br\/index.php?rest_route=%2Fwp%2Fv2%2Fcomments&post=12667"}],"version-history":[{"count":1,"href":"https:\/\/www.paparazzinews.com.br\/index.php?rest_route=\/wp\/v2\/posts\/12667\/revisions"}],"predecessor-version":[{"id":12669,"href":"https:\/\/www.paparazzinews.com.br\/index.php?rest_route=\/wp\/v2\/posts\/12667\/revisions\/12669"}],"wp:featuredmedia":[{"embeddable":true,"href":"https:\/\/www.paparazzinews.com.br\/index.php?rest_route=\/wp\/v2\/media\/12668"}],"wp:attachment":[{"href":"https:\/\/www.paparazzinews.com.br\/index.php?rest_route=%2Fwp%2Fv2%2Fmedia&parent=12667"}],"wp:term":[{"taxonomy":"category","embeddable":true,"href":"https:\/\/www.paparazzinews.com.br\/index.php?rest_route=%2Fwp%2Fv2%2Fcategories&post=12667"},{"taxonomy":"post_tag","embeddable":true,"href":"https:\/\/www.paparazzinews.com.br\/index.php?rest_route=%2Fwp%2Fv2%2Ftags&post=12667"}],"curies":[{"name":"wp","href":"https:\/\/api.w.org\/{rel}","templated":true}]}}