{"id":1266,"date":"2022-11-22T11:54:17","date_gmt":"2022-11-22T14:54:17","guid":{"rendered":"https:\/\/www.paparazzinews.com.br\/?p=1266"},"modified":"2022-11-22T11:54:18","modified_gmt":"2022-11-22T14:54:18","slug":"farmacias-de-andradina-tem-novo-horario-de-atendimento","status":"publish","type":"post","link":"https:\/\/www.paparazzinews.com.br\/?p=1266","title":{"rendered":"Farm\u00e1cias de Andradina tem novo hor\u00e1rio de atendimento"},"content":{"rendered":"\n<p>A Coordenadora de Aten\u00e7\u00e3o B\u00e1sica da Secretaria de Sa\u00fade de Andradina, Carla Back informa \u00e0 popula\u00e7\u00e3o sobre o novo hor\u00e1rio de funcionamento das Farm\u00e1cias Municipais. A partir de agora todas as Farm\u00e1cias das UBS Benfica, UBS Centro de Sa\u00fade (R. Paes Leme) e UBS Leste (Santa Cec\u00edlia) passam a funcionar das 7h \u00e0s 19h.<\/p>\n\n\n\n<p>A iniciativa de estender o hor\u00e1rio de atendimento tem o objetivo de ampliar o acesso dos usu\u00e1rios aos medicamentos, al\u00e9m de proporcionar maior qualidade de vida, fortalecer a assist\u00eancia farmac\u00eautica municipal e o cuidado aos usu\u00e1rios, promovendo o uso racional de medicamentos e a ades\u00e3o ao tratamento.<\/p>\n","protected":false},"excerpt":{"rendered":"<p>A Coordenadora de Aten\u00e7\u00e3o B\u00e1sica da Secretaria de Sa\u00fade de Andradina, Carla Back informa \u00e0 popula\u00e7\u00e3o sobre o novo hor\u00e1rio de funcionamento das Farm\u00e1cias Municipais. A partir de agora todas as Farm\u00e1cias das UBS Benfica, UBS Centro de Sa\u00fade (R. Paes Leme) e UBS Leste (Santa Cec\u00edlia) passam a funcionar das 7h \u00e0s 19h. A &hellip;<\/p>\n","protected":false},"author":1,"featured_media":1267,"comment_status":"open","ping_status":"open","sticky":false,"template":"","format":"standard","meta":{"_jetpack_memberships_contains_paid_content":false,"footnotes":"","jetpack_publicize_message":"","jetpack_publicize_feature_enabled":true,"jetpack_social_post_already_shared":false,"jetpack_social_options":{"image_generator_settings":{"template":"highway","default_image_id":0,"enabled":false},"version":2}},"categories":[4],"tags":[],"class_list":["post-1266","post","type-post","status-publish","format-standard","has-post-thumbnail","hentry","category-regiao"],"jetpack_publicize_connections":[],"jetpack_featured_media_url":"https:\/\/i0.wp.com\/www.paparazzinews.com.br\/wp-content\/uploads\/2022\/11\/6f0d98b2-93f9-47dc-92ca-62484da5137b.jpg?fit=540%2C320&ssl=1","views":"1992","jetpack_likes_enabled":true,"jetpack_sharing_enabled":true,"_links":{"self":[{"href":"https:\/\/www.paparazzinews.com.br\/index.php?rest_route=\/wp\/v2\/posts\/1266","targetHints":{"allow":["GET"]}}],"collection":[{"href":"https:\/\/www.paparazzinews.com.br\/index.php?rest_route=\/wp\/v2\/posts"}],"about":[{"href":"https:\/\/www.paparazzinews.com.br\/index.php?rest_route=\/wp\/v2\/types\/post"}],"author":[{"embeddable":true,"href":"https:\/\/www.paparazzinews.com.br\/index.php?rest_route=\/wp\/v2\/users\/1"}],"replies":[{"embeddable":true,"href":"https:\/\/www.paparazzinews.com.br\/index.php?rest_route=%2Fwp%2Fv2%2Fcomments&post=1266"}],"version-history":[{"count":1,"href":"https:\/\/www.paparazzinews.com.br\/index.php?rest_route=\/wp\/v2\/posts\/1266\/revisions"}],"predecessor-version":[{"id":1268,"href":"https:\/\/www.paparazzinews.com.br\/index.php?rest_route=\/wp\/v2\/posts\/1266\/revisions\/1268"}],"wp:featuredmedia":[{"embeddable":true,"href":"https:\/\/www.paparazzinews.com.br\/index.php?rest_route=\/wp\/v2\/media\/1267"}],"wp:attachment":[{"href":"https:\/\/www.paparazzinews.com.br\/index.php?rest_route=%2Fwp%2Fv2%2Fmedia&parent=1266"}],"wp:term":[{"taxonomy":"category","embeddable":true,"href":"https:\/\/www.paparazzinews.com.br\/index.php?rest_route=%2Fwp%2Fv2%2Fcategories&post=1266"},{"taxonomy":"post_tag","embeddable":true,"href":"https:\/\/www.paparazzinews.com.br\/index.php?rest_route=%2Fwp%2Fv2%2Ftags&post=1266"}],"curies":[{"name":"wp","href":"https:\/\/api.w.org\/{rel}","templated":true}]}}