{"id":12603,"date":"2024-10-24T14:01:53","date_gmt":"2024-10-24T17:01:53","guid":{"rendered":"https:\/\/www.paparazzinews.com.br\/?p=12603"},"modified":"2024-10-24T14:01:54","modified_gmt":"2024-10-24T17:01:54","slug":"competicao-da-usp-premia-estudantes-de-escolas-tecnicas-estaduais-de-sp","status":"publish","type":"post","link":"https:\/\/www.paparazzinews.com.br\/?p=12603","title":{"rendered":"Competi\u00e7\u00e3o da USP premia estudantes de Escolas T\u00e9cnicas Estaduais de SP"},"content":{"rendered":"\n<p>Mais de 300 estudantes de 44 Escolas T\u00e9cnicas Estaduais (Etecs) localizadas na capital participaram da cerim\u00f4nia de premia\u00e7\u00e3o da Competi\u00e7\u00e3o USP de Conhecimentos e Oportunidades (Cuco). Os jovens representaram 1.589 etecanos de 213 unidades de diversas regi\u00f5es do estado, que foram reconhecidos com medalhas de ouro, prata e bronze nesta 8\u00aa edi\u00e7\u00e3o da prova. A informa\u00e7\u00e3o \u00e9 da Ag\u00eancia SP.<\/p>\n\n\n\n<p>A Cuco integra o&nbsp;Programa Vem Saber USP, com o apoio do Instituto de F\u00edsica de S\u00e3o Carlos da Universidade de S\u00e3o Paulo (IFSC\/USP), em parceria com o Centro Paula Souza (CPS) e a Secretaria da Educa\u00e7\u00e3o do Estado de S\u00e3o Paulo (Seduc-SP).<\/p>\n\n\n\n<p>Participaram do evento, no audit\u00f3rio da Faculdade de Tecnologia do Estado (Fatec) S\u00e3o Paulo, no bairro do Bom Retiro, na capital, a diretora do Centro de Capacita\u00e7\u00e3o T\u00e9cnica e Pedag\u00f3gica da Unidade do Ensino M\u00e9dio e T\u00e9cnico (Cetec Capacita\u00e7\u00f5es) do CPS, Luc\u00edlia Guerra; o coordenador do&nbsp;Programa Vem Saber, Antonio Carlos Hernandes, e o coordenador da Cuco, Herbert Alexandre Jo\u00e3o.<\/p>\n\n\n\n<p>\u201cO dia a dia de estudantes, professores e diretores \u00e9 muito \u00e1rduo. Por isso, \u00e9 sempre um momento importante quando n\u00f3s celebramos o \u00eaxito para valorizarmos todas as oportunidades que s\u00e3o criadas dentro do ambiente da educa\u00e7\u00e3o\u201d, ressaltou Luc\u00edlia Guerra em sua fala.<\/p>\n\n\n\n<p>A Cuco \u00e9 uma estrat\u00e9gia que oferece aos estudantes do Ensino M\u00e9dio das escolas p\u00fablicas do Estado de S\u00e3o Paulo a possibilidade de melhorar o desempenho nas disciplinas que comp\u00f5em o conte\u00fado program\u00e1tico dos processos seletivos e dos vestibulares que d\u00e3o acesso ao Ensino Superior.<\/p>\n\n\n\n<p>A 8\u00aa edi\u00e7\u00e3o da Cuco deste ano contou com cerca de 175 mil inscritos, oriundos de mais de tr\u00eas mil escolas e de 601 munic\u00edpios. Tamb\u00e9m teve o envolvimento de mais de sete mil professores colaboradores.<\/p>\n\n\n\n<p>A prova, realizada em fase \u00fanica, no formato online, foi composta por 18 quest\u00f5es de m\u00faltipla escolha, de car\u00e1ter classificat\u00f3rio. O teste foi elaborado a partir das disciplinas de ci\u00eancias humanas, ci\u00eancias da natureza, matem\u00e1tica e l\u00edngua portuguesa.<\/p>\n\n\n\n<p>\u201cO esp\u00edrito da Cuco \u00e9 incentivar os jovens a seguir sempre estudando com o objetivo de conquistar o crescimento pessoal\u201d, observou Antonio Carlos Hernandes.<\/p>\n\n\n\n<h2 class=\"wp-block-heading\"><strong>Interc\u00e2mbio<\/strong><\/h2>\n\n\n\n<p>A novidade desta oitava Cuco foi a disponibiliza\u00e7\u00e3o de uma vaga para a edi\u00e7\u00e3o 2024 do&nbsp;<a href=\"https:\/\/www.cps.sp.gov.br\/intercambio-cultural\/\" target=\"_blank\" rel=\"noreferrer noopener\">Interc\u00e2mbio Cultural do CPS<\/a>, tendo como destino a Inglaterra, para estudante de Etec que alcan\u00e7asse o melhor desempenho na competi\u00e7\u00e3o. \u201cA oportunidade de internacionaliza\u00e7\u00e3o \u00e9 um incentivo a mais para nossos estudantes participarem da competi\u00e7\u00e3o\u201d, celebra a assessora de Rela\u00e7\u00f5es Internacionais do CPS, Marta Iglesis.<\/p>\n\n\n\n<p>Mariana Moraes Reche Martins, que faz o terceiro ano do Ensino M\u00e9dio integrado ao T\u00e9cnico em Qu\u00edmica na Etec Rubens de Faria e Souza, de Sorocaba, ficou com o pr\u00eamio. \u201cEstou muito contente mesmo! Quando falei para meus pais dessa oportunidade, eles falaram \u2018nossa, que interessante!\u2019 Ent\u00e3o esse pr\u00eamio vai deixar tanto eu como minha fam\u00edlia muito felizes\u201d, comemorou a estudante.<\/p>\n\n\n\n<p>Al\u00e9m da bolsa de estudo via Cuco, neste ano o Interc\u00e2mbio Cultural do CPS oferece outras 333 vagas para cursos de l\u00edngua espanhola ou inglesa em institui\u00e7\u00f5es de ensino da Argentina, Estados Unidos, Inglaterra e Irlanda para estudantes das Etecs e Faculdades de Tecnologia do Estado (Fatecs) com melhor aproveitamento acad\u00eamico.<\/p>\n\n\n\n<h2 class=\"wp-block-heading\"><strong>Participa\u00e7\u00e3o das Etecs na oitava Cuco<\/strong><\/h2>\n\n\n\n<p>Em 2024, foram realizadas 19.047 provas online por estudantes das Etecs, das quais 11.580 superaram a nota de corte. Ao todo, 1.589 alunos conquistaram medalhas de ouro, prata ou bronze, n\u00famero superior \u00e0 edi\u00e7\u00e3o anterior da Cuco (1.264). Entre os 872 estudantes com nota m\u00e1xima em todo o Estado de S\u00e3o Paulo, 341 s\u00e3o das Etecs.<\/p>\n\n\n\n<p>Entre as medalhistas de ouro est\u00e1 J\u00falia Dias de Oliveira, aluna do segundo ano do Ensino M\u00e9dio integrado ao T\u00e9cnico em Desenvolvimento de Sistemas da Etec Sebrae, localizada no bairro de Campos El\u00edseos, na regi\u00e3o central da Capital. Familiarizada com as disciplinas, ela conta que n\u00e3o encontrou muita dificuldade na prova. \u201cFoi uma experi\u00eancia que vai me ajudar nos vestibulares que pretendo fazer no futuro\u201d, projeta J\u00falia.<\/p>\n\n\n\n<p>Al\u00e9m disso, 25 professores das Etecs foram reconhecidos como&nbsp;Professor Destaque Estadual&nbsp;e outros 35 como&nbsp;Professor Destaque Regional. Confira abaixo as Etecs que tiveram estudantes contemplados com medalhas. As unidades aparecem por ordem alfab\u00e9tica de munic\u00edpios:<\/p>\n\n\n\n<figure class=\"wp-block-table\"><table class=\"has-fixed-layout\"><tbody><tr><td><strong>Munic\u00edpio<\/strong><\/td><td><strong>Unidade<\/strong><\/td><\/tr><tr><td>Adamantina<\/td><td>Etec Prof. Eud\u00e9cio Luiz Vicente<\/td><\/tr><tr><td>Agua\u00ed<\/td><td>Etec Arnaldo Pereira Cheregatti<\/td><\/tr><tr><td>Americana<\/td><td>Etec Polivalente de Americana<\/td><\/tr><tr><td>Amparo<\/td><td>Etec Jo\u00e3o Belarmino<\/td><\/tr><tr><td>Andradina<\/td><td>Etec Sebastiana Augusta de Moraes<\/td><\/tr><tr><td>Apia\u00ed<\/td><td>Etec de Apia\u00ed<\/td><\/tr><tr><td>Ara\u00e7atuba<\/td><td>Etec de Ara\u00e7atuba<\/td><\/tr><tr><td>Araraquara<\/td><td>Etec Prof\u00aa Anna de Oliveira Ferraz<\/td><\/tr><tr><td>Aruj\u00e1<\/td><td>Etec Prof\u00aa Luzia Maria Machado<\/td><\/tr><tr><td>Assis<\/td><td>Etec Pedro D\u2019Arc\u00e1dia Neto<\/td><\/tr><tr><td>Atibaia<\/td><td>Etec Prof. Carmine Biagio Tundisi<\/td><\/tr><tr><td>Avar\u00e9<\/td><td>Etec Prof. Fausto Mazzola<\/td><\/tr><tr><td>Barra Bonita<\/td><td>Etec Comendador Jo\u00e3o Rays<\/td><\/tr><tr><td>Barretos<\/td><td>Etec Cel. Raphael Brand\u00e3o<\/td><\/tr><tr><td>Barueri<\/td><td>Etec Ant\u00f4nio Furlan<\/td><\/tr><tr><td>Bauru<\/td><td>Etec Rodrigues de Abreu<\/td><\/tr><tr><td>Batatais<\/td><td>Etec Ant\u00f4nio de P\u00e1dua Cardoso<\/td><\/tr><tr><td>Bebedouro<\/td><td>Etec Prof. \u00cddio Zucchi<\/td><\/tr><tr><td>Birigui<\/td><td>Etec Dr. Renato Cordeiro<\/td><\/tr><tr><td>Botucatu<\/td><td>Etec Dr. Domingos Minicucci Filho<\/td><\/tr><tr><td>Ca\u00e7apava<\/td><td>Etec Machado de Assis<\/td><\/tr><tr><td>Cachoeira Paulista<\/td><td>Etec Prof. Marcos Uch\u00f4as dos Santos Penchel<\/td><\/tr><tr><td>Caieiras<\/td><td>Etec de Caieiras<\/td><\/tr><tr><td>Cajamar<\/td><td>Etec Gino Rezaghi<\/td><\/tr><tr><td rowspan=\"2\">Campinas<\/td><td>Etec Conselheiro Ant\u00f4nio Prado<\/td><\/tr><tr><td>Etec Bento Quirino<\/td><\/tr><tr><td>Campo Limpo Paulista<\/td><td>Etec de Campo Limpo Paulista<\/td><\/tr><tr><td>C\u00e2ndido Mota<\/td><td>Etec Prof. Luiz Pires Barbosa<\/td><\/tr><tr><td>Cap\u00e3o Bonito<\/td><td>Etec Dr. Celso Charuri<\/td><\/tr><tr><td rowspan=\"44\">Capital<\/td><td>Etec Abdias do Nascimento<\/td><\/tr><tr><td>Etec Prof. Adhemar Batista Hem\u00e9ritas<\/td><\/tr><tr><td>Etec Albert Einstein<\/td><\/tr><tr><td>Etec Prof. Apr\u00edgio Gonzaga<\/td><\/tr><tr><td>Etec de Artes<\/td><\/tr><tr><td>Etec Prof. Bas\u00edlides de Godoy<\/td><\/tr><tr><td>Etec Prof. Camargo Aranha<\/td><\/tr><tr><td>Etec Carlos de Campos<\/td><\/tr><tr><td>Etec Carolina Carinhato Sampaio<\/td><\/tr><tr><td>Etec Cepam<\/td><\/tr><tr><td>Etec Cidade Tiradentes<\/td><\/tr><tr><td>Etec Prof\u00aa Dra. Doroti Quiomi Kanashiro<\/td><\/tr><tr><td>Etec de Esportes \u2013 Curt Walter Otto Baumgart<\/td><\/tr><tr><td>Etec Get\u00falio Vargas<\/td><\/tr><tr><td>Etec Gildo Mar\u00e7al Bezerra Brand\u00e3o<\/td><\/tr><tr><td>Etec de Guaianazes<\/td><\/tr><tr><td>Etec Guaracy Silveira<\/td><\/tr><tr><td>Etec de Heli\u00f3polis \u2013 Arquiteto Ruy Ohtake<\/td><\/tr><tr><td>Etec Prof. Hor\u00e1cio Augusto da Silveira<\/td><\/tr><tr><td>Etec Irm\u00e3 Agostina<\/td><\/tr><tr><td>Etec de Itaquera<\/td><\/tr><tr><td>Etec Itaquera II<\/td><\/tr><tr><td>Etec Jaragu\u00e1<\/td><\/tr><tr><td>Etec Jardim \u00c2ngela<\/td><\/tr><tr><td>Etec Jornalista Roberto Marinho<\/td><\/tr><tr><td>Etec Jos\u00e9 Rocha Mendes<\/td><\/tr><tr><td>Etec Mandaqui<\/td><\/tr><tr><td>Etec Dra. Maria Augusta Saraiva<\/td><\/tr><tr><td>Etec Martin Luther King<\/td><\/tr><tr><td>Etec Parque Bel\u00e9m<\/td><\/tr><tr><td>Etec Parque da Juventude<\/td><\/tr><tr><td>Etec Paulistano<\/td><\/tr><tr><td>Etec Raposo Tavares<\/td><\/tr><tr><td>Etec Santa Ifig\u00eania<\/td><\/tr><tr><td>Etec S\u00e3o Mateus<\/td><\/tr><tr><td>Etec S\u00e3o Paulo \u2013 Etesp<\/td><\/tr><tr><td>Etec de Sapopemba<\/td><\/tr><tr><td>Etec Sebrae<\/td><\/tr><tr><td>Etec Takashi Morita<\/td><\/tr><tr><td>Etec Tereza Aparecida Cardoso Nunes de Oliveira<\/td><\/tr><tr><td>Etec de Tiquatira<\/td><\/tr><tr><td>Etec Uirapuru<\/td><\/tr><tr><td>Etec de Vila Formosa<\/td><\/tr><tr><td>Etec da Zona Leste<\/td><\/tr><tr><td>Carapicu\u00edba<\/td><td>Etec de Carapicu\u00edba<\/td><\/tr><tr><td>Casa Branca<\/td><td>Etec Dr. Francisco Nogueira de Lima<\/td><\/tr><tr><td>Catanduva<\/td><td>Etec Elias Nechar<\/td><\/tr><tr><td>Cerquilho<\/td><td>Etec de Cerquilho<\/td><\/tr><tr><td>Cotia<\/td><td>Etec de Cotia<\/td><\/tr><tr><td>Cravinhos<\/td><td>Etec de Cravinhos<\/td><\/tr><tr><td>Cruzeiro<\/td><td>Etec Prof. Jos\u00e9 Sant\u2019Ana de Castro<\/td><\/tr><tr><td>Cubat\u00e3o<\/td><td>Etec de Cubat\u00e3o<\/td><\/tr><tr><td>Diadema<\/td><td>Etec Juscelino Kubitschek de Oliveira<\/td><\/tr><tr><td>Dracena<\/td><td>Etec Prof\u00aa Carmelina Barbosa<\/td><\/tr><tr><td>Embu das Artes<\/td><td>Etec de Embu<\/td><\/tr><tr><td>Esp\u00edrito Santo do Pinhal<\/td><td>Etec Dr. Carolino da Motta e Silva<\/td><\/tr><tr><td>Fernand\u00f3polis<\/td><td>Etec Prof. Armando Jos\u00e9 Farinazzo<\/td><\/tr><tr><td>Ferraz de Vasconcelos<\/td><td>Etec de Ferraz de Vasconcelos<\/td><\/tr><tr><td rowspan=\"2\">Franca<\/td><td>Etec Prof. Carmelino Correa Junior<\/td><\/tr><tr><td>Etec Dr. J\u00falio Cardoso<\/td><\/tr><tr><td>Francisco Morato<\/td><td>Etec de Francisco Morato<\/td><\/tr><tr><td>Franco da Rocha<\/td><td>Etec Dr. Emilio Hernandez Aguilar<\/td><\/tr><tr><td rowspan=\"2\">Gar\u00e7a<\/td><td>Etec Monsenhor Ant\u00f4nio Magliano<\/td><\/tr><tr><td>Etec Dep. Paulo Ornellas Carvalho de Barros<\/td><\/tr><tr><td>Gua\u00edra<\/td><td>Etec de Gua\u00edra<\/td><\/tr><tr><td>Guariba<\/td><td>Etec Bento Carlos Botelho do Amaral<\/td><\/tr><tr><td>Guaruj\u00e1<\/td><td>Etec Alberto Santos Dumont<\/td><\/tr><tr><td>Guarulhos<\/td><td>Etec de Guarulhos<\/td><\/tr><tr><td>Hortol\u00e2ndia<\/td><td>Etec de Hortol\u00e2ndia<\/td><\/tr><tr><td>Ibat\u00e9<\/td><td>Etec de Ibat\u00e9<\/td><\/tr><tr><td>Ibitinga<\/td><td>Etec Vereador e Vice-Prefeito S\u00e9rgio da Fonseca<\/td><\/tr><tr><td>Igarapava<\/td><td>Etec Antonio Junqueira da Veiga<\/td><\/tr><tr><td>Iguape<\/td><td>Etec Eng. Agr\u00f4nomo Narciso de Medeiros<\/td><\/tr><tr><td>Ilha Solteira<\/td><td>Etec de Ilha Solteira<\/td><\/tr><tr><td>Ipaussu<\/td><td>Etec Prof. Pedro Leme Brisolla Sobrinho<\/td><\/tr><tr><td>Itanha\u00e9m<\/td><td>Etec de Itanha\u00e9m<\/td><\/tr><tr><td rowspan=\"2\">Itapetininga<\/td><td>Etec Darcy Pereira Moraes<\/td><\/tr><tr><td>Etec Prof. Edson Galv\u00e3o<\/td><\/tr><tr><td>Itapira<\/td><td>Etec Jo\u00e3o Maria Stevanatto<\/td><\/tr><tr><td>Itaquaquecetuba<\/td><td>Etec de Itaquaquecetuba<\/td><\/tr><tr><td>Itarar\u00e9<\/td><td>Etec de Itarar\u00e9<\/td><\/tr><tr><td>Itapeva<\/td><td>Etec Dr. Dem\u00e9trio Azevedo Jr.<\/td><\/tr><tr><td>Itapevi<\/td><td>Etec Jos\u00e9 Miguel Soares<\/td><\/tr><tr><td>Itatiba<\/td><td>Etec Rosa Perrone Scavone<\/td><\/tr><tr><td>Itu<\/td><td>Etec Martinho Di Ciero<\/td><\/tr><tr><td>Ituverava<\/td><td>Etec Prof. Jos\u00e9 Ign\u00e1cio Azevedo Filho<\/td><\/tr><tr><td>Jacare\u00ed<\/td><td>Etec C\u00f4nego Jos\u00e9 Bento<\/td><\/tr><tr><td>Jales<\/td><td>Etec Dr. Jos\u00e9 Luiz Viana Coutinho<\/td><\/tr><tr><td>Jandira<\/td><td>Etec Prefeito Braz Paschoalin<\/td><\/tr><tr><td rowspan=\"2\">Ja\u00fa<\/td><td>Etec Joaquim Ferreira do Amaral<\/td><\/tr><tr><td>Etec Prof. Urias Ferreira<\/td><\/tr><tr><td rowspan=\"2\">Jundia\u00ed<\/td><td>Etec Benedito Storani<\/td><\/tr><tr><td>Etec Vasco Ant\u00f4nio Venchiarutti<\/td><\/tr><tr><td>Leme<\/td><td>Etec Dep. Salim Sedeh<\/td><\/tr><tr><td>Limeira<\/td><td>Etec Trajano Camargo<\/td><\/tr><tr><td>Lins<\/td><td>Etec de Lins<\/td><\/tr><tr><td>Lorena<\/td><td>Etec Padre Carlos Le\u00f4ncio da Silva<\/td><\/tr><tr><td>Mairinque<\/td><td>Etec de Mairinque<\/td><\/tr><tr><td>Mairipor\u00e3<\/td><td>Etec de Mairipor\u00e3<\/td><\/tr><tr><td>Mat\u00e3o<\/td><td>Etec Sylvio de Mattos Carvalho<\/td><\/tr><tr><td>Mau\u00e1<\/td><td>Etec de Mau\u00e1<\/td><\/tr><tr><td>Miguel\u00f3polis<\/td><td>Etec Laurindo Alves de Queiroz<\/td><\/tr><tr><td>Mirassol<\/td><td>Etec Prof. Matheus Leite de Abreu<\/td><\/tr><tr><td rowspan=\"2\">Mococa<\/td><td>Etec Francisco Garcia<\/td><\/tr><tr><td>Etec Jo\u00e3o Baptista de Lima Figueiredo<\/td><\/tr><tr><td>Mogi das Cruzes<\/td><td>Etec Presidente Vargas<\/td><\/tr><tr><td>Mogi Gua\u00e7u<\/td><td>Etec Euro Albino de Souza<\/td><\/tr><tr><td>Mogi Mirim<\/td><td>Etec Pedro Ferreira Alves<\/td><\/tr><tr><td>Mongagu\u00e1<\/td><td>Etec Adolpho Berezin<\/td><\/tr><tr><td>Monte Alto<\/td><td>Etec Alcides Cestari<\/td><\/tr><tr><td>Monte Apraz\u00edvel<\/td><td>Etec Padre Jos\u00e9 Nunes Dias<\/td><\/tr><tr><td>Monte Mor<\/td><td>Etec de Monte Mor<\/td><\/tr><tr><td>Nova Odessa<\/td><td>Etec Ferrucio Humberto Gazzetta<\/td><\/tr><tr><td>Novo Horizonte<\/td><td>Etec Prof\u00aa Marines Teodoro de Freitas Almeida<\/td><\/tr><tr><td>Ol\u00edmpia<\/td><td>Etec Prof. Jos\u00e9 Carlos Seno Junior<\/td><\/tr><tr><td>Orl\u00e2ndia<\/td><td>Etec Prof. Alc\u00eddio de Souza Prado<\/td><\/tr><tr><td rowspan=\"2\">Osasco<\/td><td>Etec Prof. Andr\u00e9 Bogasian<\/td><\/tr><tr><td>Etec Dr. Celso Giglio<\/td><\/tr><tr><td>Osvaldo Cruz<\/td><td>Etec Amim Jundi<\/td><\/tr><tr><td>Ourinhos<\/td><td>Etec Jacinto Ferreira de S\u00e1<\/td><\/tr><tr><td>Palmital<\/td><td>Etec Prof. M\u00e1rio Ant\u00f4nio Verza<\/td><\/tr><tr><td>Paragua\u00e7u Paulista<\/td><td>Etec Augusto Tortolero Ara\u00fajo<\/td><\/tr><tr><td>Pen\u00e1polis<\/td><td>Etec Jo\u00e3o Jorge Geraissate<\/td><\/tr><tr><td>Peru\u00edbe<\/td><td>Etec de Peru\u00edbe<\/td><\/tr><tr><td>Piedade<\/td><td>Etec de Piedade<\/td><\/tr><tr><td>Pindamonhangaba<\/td><td>Etec Jo\u00e3o Gomes de Ara\u00fajo<\/td><\/tr><tr><td rowspan=\"2\">Piracicaba<\/td><td>Etec Deputado Ary de Camargo Pedroso<\/td><\/tr><tr><td>Etec Cel. Fernando Febeliano da Costa<\/td><\/tr><tr><td>Piraju<\/td><td>Etec Waldyr Duron Junior<\/td><\/tr><tr><td>Pirassununga<\/td><td>Etec Tenente Aviador Gustavo Klug<\/td><\/tr><tr><td>Po\u00e1<\/td><td>Etec de Po\u00e1<\/td><\/tr><tr><td>Porto Feliz<\/td><td>Etec de Porto Feliz<\/td><\/tr><tr><td>Porto Ferreira<\/td><td>Etec Prof. Jadyr Salles<\/td><\/tr><tr><td>Praia Grande<\/td><td>Etec de Praia Grande<\/td><\/tr><tr><td rowspan=\"2\">Presidente Prudente<\/td><td>Etec Prof. Adolpho Arruda Mello<\/td><\/tr><tr><td>Etec Prof. Dr. Ant\u00f4nio E. de Toledo<\/td><\/tr><tr><td>Presidente Venceslau<\/td><td>Etec Prof. Milton Gazzetti<\/td><\/tr><tr><td>Quat\u00e1<\/td><td>Etec Dr. Luiz C\u00e9sar Couto<\/td><\/tr><tr><td>Rancharia<\/td><td>Etec Dep. Francisco Franco<\/td><\/tr><tr><td>Registro<\/td><td>Etec de Registro<\/td><\/tr><tr><td>Ribeir\u00e3o Preto<\/td><td>Etec Jos\u00e9 Martimiano da Silva<\/td><\/tr><tr><td>Ribeir\u00e3o Pires<\/td><td>Etec Prof\u00aa Maria Cristina Medeiros<\/td><\/tr><tr><td>Rio Claro<\/td><td>Etec Prof. Armando Bayeux da Silva<\/td><\/tr><tr><td>Rio das Pedras<\/td><td>Etec Dr. Jos\u00e9 Coury<\/td><\/tr><tr><td>Santa B\u00e1rbara D\u2019Oeste<\/td><td>Etec Prof. Dr. Jos\u00e9 Dagnoni<\/td><\/tr><tr><td>Santa Cruz das Palmeiras<\/td><td>Etec Jo\u00e3o Elias Margutti<\/td><\/tr><tr><td>Santa Cruz do Rio Pardo<\/td><td>Etec Orlando Quagliato<\/td><\/tr><tr><td>Santa F\u00e9 do Sul<\/td><td>Etec de Santa F\u00e9 do Sul<\/td><\/tr><tr><td>Santa Isabel<\/td><td>Etec de Santa Isabel<\/td><\/tr><tr><td rowspan=\"2\">Santana de Parna\u00edba<\/td><td>Etec Bartolomeu Bueno da Silva \u2013 Anhanguera<\/td><\/tr><tr><td>Etec Prof\u00aa Ermelinda Giannini Teixeira<\/td><\/tr><tr><td>Santa Rita do Passa Quatro<\/td><td>Etec Manoel dos Reis Ara\u00fajo<\/td><\/tr><tr><td>Santo Andr\u00e9<\/td><td>J\u00falio de Mesquita<\/td><\/tr><tr><td rowspan=\"2\">Santos<\/td><td>Etec Arist\u00f3teles Ferreira<\/td><\/tr><tr><td>Etec Dona Escol\u00e1stica Rosa<\/td><\/tr><tr><td>S\u00e3o Bernardo do Campo<\/td><td>Etec Lauro Gomes<\/td><\/tr><tr><td>S\u00e3o Caetanos do Sul<\/td><td>Etec Jorge Street<\/td><\/tr><tr><td>S\u00e3o Carlos<\/td><td>Etec Paulino Botelho<\/td><\/tr><tr><td>S\u00e3o Joaquim da Barra<\/td><td>Etec Pedro Badran<\/td><\/tr><tr><td>S\u00e3o Jos\u00e9 do Rio Pardo<\/td><td>Etec Prof. Rodolpho Jos\u00e9 Del Guerra<\/td><\/tr><tr><td>S\u00e3o Jos\u00e9 do Rio Preto<\/td><td>Etec Philadelpho Gouv\u00eaa Netto<\/td><\/tr><tr><td>S\u00e3o Jos\u00e9 dos Campos<\/td><td>Etec Prof\u00aa Ilza Nascimento Pintus<\/td><\/tr><tr><td>S\u00e3o Manuel<\/td><td>Etec Dona Sebastiana de Barros<\/td><\/tr><tr><td>S\u00e3o Pedro<\/td><td>Etec Gustavo Teixeira<\/td><\/tr><tr><td>S\u00e3o Roque<\/td><td>Etec de S\u00e3o Roque<\/td><\/tr><tr><td>S\u00e3o Sebasti\u00e3o<\/td><td>Etec de S\u00e3o Sebasti\u00e3o<\/td><\/tr><tr><td>S\u00e3o Sim\u00e3o<\/td><td>Etec Prof. Francisco dos Santos<\/td><\/tr><tr><td>S\u00e3o Vicente<\/td><td>Etec Dra. Ruth Cardoso<\/td><\/tr><tr><td>Serrana<\/td><td>Etec Angelo Cavalheiro<\/td><\/tr><tr><td rowspan=\"2\">Sorocaba<\/td><td>Etec Fernando Prestes<\/td><\/tr><tr><td>Etec Rubens de Faria e Souza<\/td><\/tr><tr><td>Sumar\u00e9<\/td><td>Etec de Sumar\u00e9<\/td><\/tr><tr><td>Suzano<\/td><td>Etec de Suzano<\/td><\/tr><tr><td>Tabo\u00e3o da Serra<\/td><td>Etec de Tabo\u00e3o da Serra<\/td><\/tr><tr><td>Taquaritinga<\/td><td>Etec Dr. Adail Nunes da Silva<\/td><\/tr><tr><td>Taquarituba<\/td><td>Etec Prof\u00aa Terezinha Monteiro dos Santos<\/td><\/tr><tr><td>Taquariva\u00ed<\/td><td>Etec Dr. Dario Pacheco Pedroso<\/td><\/tr><tr><td>Tatu\u00ed<\/td><td>Etec Sales Gomes<\/td><\/tr><tr><td>Taubat\u00e9<\/td><td>Etec Dr. Geraldo Jos\u00e9 Rodrigues Alckmin<\/td><\/tr><tr><td>Tiet\u00ea<\/td><td>Etec Dr. Nelson Alves Vianna<\/td><\/tr><tr><td>Tup\u00e3<\/td><td>Etec Prof. Massuyuki Kawano<\/td><\/tr><tr><td>Vargem Grande do Sul<\/td><td>Etec de Vargem Grande do Sul<\/td><\/tr><tr><td>Votorantim<\/td><td>Etec Prof. Elias Miguel J\u00fanior<\/td><\/tr><tr><td>Votuporanga<\/td><td>Etec Frei Arnaldo Maria de Itaporanga<\/td><\/tr><\/tbody><\/table><\/figure>\n\n\n\n<p><strong><em><strong><em><strong><em><strong><em><strong><em><strong><em><strong><em><strong><em><strong>Siga nossas redes sociais no\u00a0<a href=\"https:\/\/www.instagram.com\/ronipaparazzi\/\">Instagram\u00a0<\/a>e\u00a0<a href=\"https:\/\/www.facebook.com\/ronipaparazzicomvoce\">Facebook<\/a>\u00a0participe da nossa comunidade do Canal Roni Paparazzi no Whatsapp e receba as principais not\u00edcias da regi\u00e3o de Ara\u00e7atuba do dia direto no seu celular.<\/strong>\u00a0<a href=\"https:\/\/chat.whatsapp.com\/GsG1XKo0jPOEfjzudWQcml\" target=\"_blank\" rel=\"noreferrer noopener\">\u00a0Clique aqui e se inscreva.<\/a><\/em><\/strong><\/em><\/strong><\/em><\/strong><\/em><\/strong><\/em><\/strong><\/em><\/strong><\/em><\/strong><\/em><\/strong><\/p>\n","protected":false},"excerpt":{"rendered":"<p>Mais de 300 estudantes de 44 Escolas T\u00e9cnicas Estaduais (Etecs) localizadas na capital participaram da cerim\u00f4nia de premia\u00e7\u00e3o da Competi\u00e7\u00e3o USP de Conhecimentos e Oportunidades (Cuco). Os jovens representaram 1.589 etecanos de 213 unidades de diversas regi\u00f5es do estado, que foram reconhecidos com medalhas de ouro, prata e bronze nesta 8\u00aa edi\u00e7\u00e3o da prova. A &hellip;<\/p>\n","protected":false},"author":1,"featured_media":12604,"comment_status":"open","ping_status":"open","sticky":false,"template":"","format":"standard","meta":{"_jetpack_memberships_contains_paid_content":false,"footnotes":"","jetpack_publicize_message":"","jetpack_publicize_feature_enabled":true,"jetpack_social_post_already_shared":false,"jetpack_social_options":{"image_generator_settings":{"template":"highway","default_image_id":0,"enabled":false},"version":2}},"categories":[4],"tags":[],"class_list":["post-12603","post","type-post","status-publish","format-standard","has-post-thumbnail","hentry","category-regiao"],"jetpack_publicize_connections":[],"jetpack_featured_media_url":"https:\/\/i0.wp.com\/www.paparazzinews.com.br\/wp-content\/uploads\/2024\/10\/Estudantes-da-Etec-Uirapuru-e1729704845234-1536x906-1.jpeg?fit=1536%2C906&ssl=1","views":"1377","jetpack_likes_enabled":true,"jetpack_sharing_enabled":true,"_links":{"self":[{"href":"https:\/\/www.paparazzinews.com.br\/index.php?rest_route=\/wp\/v2\/posts\/12603","targetHints":{"allow":["GET"]}}],"collection":[{"href":"https:\/\/www.paparazzinews.com.br\/index.php?rest_route=\/wp\/v2\/posts"}],"about":[{"href":"https:\/\/www.paparazzinews.com.br\/index.php?rest_route=\/wp\/v2\/types\/post"}],"author":[{"embeddable":true,"href":"https:\/\/www.paparazzinews.com.br\/index.php?rest_route=\/wp\/v2\/users\/1"}],"replies":[{"embeddable":true,"href":"https:\/\/www.paparazzinews.com.br\/index.php?rest_route=%2Fwp%2Fv2%2Fcomments&post=12603"}],"version-history":[{"count":1,"href":"https:\/\/www.paparazzinews.com.br\/index.php?rest_route=\/wp\/v2\/posts\/12603\/revisions"}],"predecessor-version":[{"id":12605,"href":"https:\/\/www.paparazzinews.com.br\/index.php?rest_route=\/wp\/v2\/posts\/12603\/revisions\/12605"}],"wp:featuredmedia":[{"embeddable":true,"href":"https:\/\/www.paparazzinews.com.br\/index.php?rest_route=\/wp\/v2\/media\/12604"}],"wp:attachment":[{"href":"https:\/\/www.paparazzinews.com.br\/index.php?rest_route=%2Fwp%2Fv2%2Fmedia&parent=12603"}],"wp:term":[{"taxonomy":"category","embeddable":true,"href":"https:\/\/www.paparazzinews.com.br\/index.php?rest_route=%2Fwp%2Fv2%2Fcategories&post=12603"},{"taxonomy":"post_tag","embeddable":true,"href":"https:\/\/www.paparazzinews.com.br\/index.php?rest_route=%2Fwp%2Fv2%2Ftags&post=12603"}],"curies":[{"name":"wp","href":"https:\/\/api.w.org\/{rel}","templated":true}]}}