{"id":12597,"date":"2024-10-24T13:54:38","date_gmt":"2024-10-24T16:54:38","guid":{"rendered":"https:\/\/www.paparazzinews.com.br\/?p=12597"},"modified":"2024-10-24T13:54:39","modified_gmt":"2024-10-24T16:54:39","slug":"governo-de-sp-sanciona-projeto-da-ppp-do-tunel-submerso-investimento-de-6-bi","status":"publish","type":"post","link":"https:\/\/www.paparazzinews.com.br\/?p=12597","title":{"rendered":"Governo de SP sanciona projeto da PPP do T\u00fanel\u00a0Submerso, investimento de 6 bi"},"content":{"rendered":"\n<p>Nesta quarta (23), o governador Tarc\u00edsio de Freitas sancionou o Projeto de Lei n\u00b0 655\/2024 que autoriza a contrata\u00e7\u00e3o de parceria p\u00fablico-privada para a constru\u00e7\u00e3o, opera\u00e7\u00e3o e manuten\u00e7\u00e3o do T\u00fanel Imerso Santos-Guaruj\u00e1. O PL foi aprovado pelo Plen\u00e1rio da Assembleia Legislativa do Estado de S\u00e3o Paulo (Alesp) no dia 9 de outubro. A informa\u00e7\u00e3o \u00e9 da Ag\u00eancia SP.<\/p>\n\n\n\n<p>\u201cEsta obra vai alavancar a economia da regi\u00e3o e far\u00e1 a diferen\u00e7a da vida da popula\u00e7\u00e3o, que vai chegar mais cedo em casa. Estamos atendendo a uma reivindica\u00e7\u00e3o antiga n\u00e3o s\u00f3 dos moradores da Baixada Santista, mas de todos que visitam nosso litoral\u201d, afirma Tarc\u00edsio de Freitas.<\/p>\n\n\n\n<p>O projeto, qualificado no Programa de Parcerias de Investimentos do Estado de S\u00e3o Paulo (PPI-SP) e integrado ao Programa de Acelera\u00e7\u00e3o do Crescimento (PAC), \u00e9 estimado em aproximadamente R$ 6 bilh\u00f5es, que ser\u00e3o custeados por tr\u00eas frentes: o Governo de S\u00e3o Paulo, a Uni\u00e3o e o setor privado. Desse total, 86% ser\u00e3o provenientes de aporte p\u00fablico dividido igualmente entre o Governo de SP e o Governo Federal. Ao todo, devem ser gerados 9 mil empregos diretos e indiretos para a constru\u00e7\u00e3o do primeiro t\u00fanel submerso da Am\u00e9rica Latina.<\/p>\n\n\n\n<p>\u201cO projeto do governo de S\u00e3o Paulo para o t\u00fanel Santos-Guaruj\u00e1 prev\u00ea constru\u00e7\u00e3o de uma estrutura de 1,5km de extens\u00e3o (sendo 870m submersa). O t\u00fanel permitir\u00e1 o tr\u00e1fego de ve\u00edculos de passeio, modais de transporte p\u00fablico, como \u00f4nibus, e tamb\u00e9m de caminh\u00f5es. Ao mesmo tempo, a estrutura deve ter ciclofaixa e espa\u00e7o para pedestres. A partir da implementa\u00e7\u00e3o do projeto, a travessia entre os Santos e Guaruj\u00e1 poder\u00e1 ser feita em menos de cinco minutos\u201d, destaca o secret\u00e1rio de Parcerias em Investimentos, Rafael Benini.<\/p>\n\n\n\n<p>Com projeto executivo elaborado pelo Governo de S\u00e3o Paulo, o empreendimento \u00e9 uma demanda centen\u00e1ria da popula\u00e7\u00e3o da Baixada Santista e vai reduzir o tempo de deslocamento entre os dois munic\u00edpios. Atualmente, mais de 21 mil ve\u00edculos cruzam diariamente as duas margens utilizando barcos de pequeno porte (catraias) e as balsas, al\u00e9m de 7,7 mil ciclistas e 7,6 mil pedestres.<\/p>\n\n\n\n<p><strong>Pr\u00f3ximos passos<\/strong><\/p>\n\n\n\n<p>Na pr\u00f3xima segunda (28), a proposta de um novo tra\u00e7ado para o t\u00fanel ser\u00e1 apresentada aos moradores do Macuco, em Santos, pela Secretaria de Parcerias em Investimentos (SPI). O Governo SP aguarda a aprova\u00e7\u00e3o do EIA-Rima para a licen\u00e7a ambiental. O pr\u00f3ximo passo \u00e9 reunir toda a documenta\u00e7\u00e3o atualizada para encaminhar ao Tribunal de Contas da Uni\u00e3o (TCU), em dezembro. A previs\u00e3o \u00e9 de que o edital da PPP do T\u00fanel Santos-Guaruj\u00e1 seja publicado no segundo trimestre de 2025 e o leil\u00e3o realizado no segundo semestre de 2025.<\/p>\n\n\n\n<p>O T\u00fanel Imerso Santos-Guaruj\u00e1 \u00e9 uma parceria do Governo de S\u00e3o Paulo com o Minist\u00e9rio de Portos e Aeroportos, e participa\u00e7\u00e3o da Ag\u00eancia de Transportes do Estado de S\u00e3o Paulo (Artesp), da Ag\u00eancia Nacional de Transportes Aquavi\u00e1rios (Antaq) e da Autoridade Portu\u00e1ria de Santos (APS).<\/p>\n\n\n\n<figure class=\"wp-block-image\"><img data-recalc-dims=\"1\" decoding=\"async\" src=\"https:\/\/i0.wp.com\/www.agenciasp.sp.gov.br\/wp-content\/uploads\/2024\/04\/mapa-tunel.jpg?w=708\" alt=\"\" class=\"wp-image-6929\"\/><\/figure>\n\n\n\n<p><strong><em><strong><em><strong><em><strong><em><strong><em><strong><em><strong><em><strong><em><strong>Siga nossas redes sociais no\u00a0<a href=\"https:\/\/www.instagram.com\/ronipaparazzi\/\">Instagram\u00a0<\/a>e\u00a0<a href=\"https:\/\/www.facebook.com\/ronipaparazzicomvoce\">Facebook<\/a>\u00a0participe da nossa comunidade do Canal Roni Paparazzi no Whatsapp e receba as principais not\u00edcias da regi\u00e3o de Ara\u00e7atuba do dia direto no seu celular.<\/strong>\u00a0<a href=\"https:\/\/chat.whatsapp.com\/GsG1XKo0jPOEfjzudWQcml\" target=\"_blank\" rel=\"noreferrer noopener\">\u00a0Clique aqui e se inscreva.<\/a><\/em><\/strong><\/em><\/strong><\/em><\/strong><\/em><\/strong><\/em><\/strong><\/em><\/strong><\/em><\/strong><\/em><\/strong><\/p>\n","protected":false},"excerpt":{"rendered":"<p>Nesta quarta (23), o governador Tarc\u00edsio de Freitas sancionou o Projeto de Lei n\u00b0 655\/2024 que autoriza a contrata\u00e7\u00e3o de parceria p\u00fablico-privada para a constru\u00e7\u00e3o, opera\u00e7\u00e3o e manuten\u00e7\u00e3o do T\u00fanel Imerso Santos-Guaruj\u00e1. O PL foi aprovado pelo Plen\u00e1rio da Assembleia Legislativa do Estado de S\u00e3o Paulo (Alesp) no dia 9 de outubro. A informa\u00e7\u00e3o \u00e9 &hellip;<\/p>\n","protected":false},"author":1,"featured_media":12598,"comment_status":"open","ping_status":"open","sticky":false,"template":"","format":"standard","meta":{"_jetpack_memberships_contains_paid_content":false,"footnotes":"","jetpack_publicize_message":"","jetpack_publicize_feature_enabled":true,"jetpack_social_post_already_shared":false,"jetpack_social_options":{"image_generator_settings":{"template":"highway","default_image_id":0,"enabled":false},"version":2}},"categories":[4],"tags":[],"class_list":["post-12597","post","type-post","status-publish","format-standard","has-post-thumbnail","hentry","category-regiao"],"jetpack_publicize_connections":[],"jetpack_featured_media_url":"https:\/\/i0.wp.com\/www.paparazzinews.com.br\/wp-content\/uploads\/2024\/10\/porto-1536x864-1.jpg?fit=1536%2C864&ssl=1","views":"1379","jetpack_likes_enabled":true,"jetpack_sharing_enabled":true,"_links":{"self":[{"href":"https:\/\/www.paparazzinews.com.br\/index.php?rest_route=\/wp\/v2\/posts\/12597","targetHints":{"allow":["GET"]}}],"collection":[{"href":"https:\/\/www.paparazzinews.com.br\/index.php?rest_route=\/wp\/v2\/posts"}],"about":[{"href":"https:\/\/www.paparazzinews.com.br\/index.php?rest_route=\/wp\/v2\/types\/post"}],"author":[{"embeddable":true,"href":"https:\/\/www.paparazzinews.com.br\/index.php?rest_route=\/wp\/v2\/users\/1"}],"replies":[{"embeddable":true,"href":"https:\/\/www.paparazzinews.com.br\/index.php?rest_route=%2Fwp%2Fv2%2Fcomments&post=12597"}],"version-history":[{"count":1,"href":"https:\/\/www.paparazzinews.com.br\/index.php?rest_route=\/wp\/v2\/posts\/12597\/revisions"}],"predecessor-version":[{"id":12599,"href":"https:\/\/www.paparazzinews.com.br\/index.php?rest_route=\/wp\/v2\/posts\/12597\/revisions\/12599"}],"wp:featuredmedia":[{"embeddable":true,"href":"https:\/\/www.paparazzinews.com.br\/index.php?rest_route=\/wp\/v2\/media\/12598"}],"wp:attachment":[{"href":"https:\/\/www.paparazzinews.com.br\/index.php?rest_route=%2Fwp%2Fv2%2Fmedia&parent=12597"}],"wp:term":[{"taxonomy":"category","embeddable":true,"href":"https:\/\/www.paparazzinews.com.br\/index.php?rest_route=%2Fwp%2Fv2%2Fcategories&post=12597"},{"taxonomy":"post_tag","embeddable":true,"href":"https:\/\/www.paparazzinews.com.br\/index.php?rest_route=%2Fwp%2Fv2%2Ftags&post=12597"}],"curies":[{"name":"wp","href":"https:\/\/api.w.org\/{rel}","templated":true}]}}