{"id":12568,"date":"2024-10-22T19:04:05","date_gmt":"2024-10-22T22:04:05","guid":{"rendered":"https:\/\/www.paparazzinews.com.br\/?p=12568"},"modified":"2024-10-22T19:04:06","modified_gmt":"2024-10-22T22:04:06","slug":"aluna-do-armel-miranda-de-castilho-fara-intercambio-no-reino-unido-em-2025","status":"publish","type":"post","link":"https:\/\/www.paparazzinews.com.br\/?p=12568","title":{"rendered":"Aluna do Armel Miranda de Castilho far\u00e1 interc\u00e2mbio no Reino Unido em 2025"},"content":{"rendered":"\n<p>A estudante Fernanda Souza dos Santos, de 15 anos, da 1\u00aa s\u00e9rie do Ensino M\u00e9dio da E.E. Armel Miranda, de Castilho, est\u00e1 prestes a embarcar para o Reino Unido, onde passar\u00e1 seis meses em um interc\u00e2mbio educacional. Ela faz parte dos 500 primeiros estudantes classificados para o \u201cProntos Pro Mundo\u201d, o maior programa p\u00fablico de interc\u00e2mbio realizado no Brasil. O programa oferece uma temporada de estudos em pa\u00edses de l\u00edngua inglesa, com destinos como Canad\u00e1, Reino Unido, Austr\u00e1lia e Nova Zel\u00e2ndia.<\/p>\n\n\n\n<p>Essa \u00e9 a primeira vez que alunos da rede estadual paulista s\u00e3o beneficiados com interc\u00e2mbio internacional. Para a sele\u00e7\u00e3o, os alunos passaram por um curso intensivo de ingl\u00eas oferecido pela Secretaria da Educa\u00e7\u00e3o do Estado de S\u00e3o Paulo, ap\u00f3s serem pr\u00e9-selecionados com base no desempenho no Sistema de Avalia\u00e7\u00e3o de Rendimento Escolar do Estado de S\u00e3o Paulo (Saresp) de 2023. Fernanda foi uma das destacadas entre muitos estudantes do estado.<\/p>\n\n\n\n<p>Recentemente, Fernanda participou de uma reuni\u00e3o em Jales com gestores do Programa Prontos Pro Mundo, acompanhada por sua m\u00e3e, Alyne Cristine dos Santos Souza, e pelo diretor da E.E. Armel Miranda, Luis Aguiar Bertarelo. Durante o encontro, ela recebeu um passaporte simb\u00f3lico, enquanto o original ainda est\u00e1 em processo de emiss\u00e3o. Para Fernanda, a experi\u00eancia ser\u00e1 um marco em sua trajet\u00f3ria estudantil e pessoal.<\/p>\n\n\n\n<p>A aluna tamb\u00e9m foi homenageada na escola em um momento especial com a presen\u00e7a de seus colegas de turma, da professora de ingl\u00eas Mariana Casari, da Professora Especialista de Curr\u00edculo (PEC) Rosi Duarte, da supervisora Silvana Margarete Cortelasse Benvenuto e da coordenadora do ensino m\u00e9dio, Daniela Silva Souza. O diretor expressou seu orgulho pela conquista de Fernanda e o impacto positivo que essa oportunidade representa n\u00e3o apenas para a estudante, mas para toda a comunidade escolar.<\/p>\n\n\n\n<p>\u201cEstamos imensamente orgulhosos de ver uma de nossas alunas levando o nome da E.E. Armel Miranda e da cidade de Castilho para o mundo. Essa \u00e9 uma vit\u00f3ria constru\u00edda com muito esfor\u00e7o e dedica\u00e7\u00e3o, tanto da Fernanda quanto de toda a equipe escolar. Ela est\u00e1 prestes a viver uma experi\u00eancia que n\u00e3o s\u00f3 ampliar\u00e1 seus horizontes, mas tamb\u00e9m servir\u00e1 de inspira\u00e7\u00e3o para os demais alunos. Nosso objetivo como escola \u00e9 proporcionar oportunidades que transformem vidas, e essa conquista \u00e9 um exemplo vivo disso\u2019\u2019, declarou Luis Aguiar.<\/p>\n\n\n\n<p>O embarque de Fernanda para o Reino Unido est\u00e1 previsto para a primeira quinzena de janeiro, onde ela passar\u00e1 os pr\u00f3ximos seis meses mergulhada em uma nova cultura, aprimorando suas habilidades no ingl\u00eas e vivendo uma experi\u00eancia de interc\u00e2mbio que certamente marcar\u00e1 o in\u00edcio de uma brilhante carreira acad\u00eamica.<\/p>\n\n\n\n<p>Sobre a viagem, Fernanda comentou: &#8220;A minha expectativa \u00e9 bem alta, quero vivenciar de tudo l\u00e1 e espero que seja bem legal e interessante. Vai ser uma oportunidade e tanto pra mim, sempre gostei de praticar o ingl\u00eas, vai ser incr\u00edvel\u2019\u2019.<\/p>\n\n\n\n<p><strong><em><strong><em><strong><em><strong><em><strong><em><strong><em><strong><em><strong><em><strong>Siga nossas redes sociais no\u00a0<a href=\"https:\/\/www.instagram.com\/ronipaparazzi\/\">Instagram\u00a0<\/a>e\u00a0<a href=\"https:\/\/www.facebook.com\/ronipaparazzicomvoce\">Facebook<\/a>\u00a0participe da nossa comunidade do Canal Roni Paparazzi no Whatsapp e receba as principais not\u00edcias da regi\u00e3o de Ara\u00e7atuba do dia direto no seu celular.<\/strong>\u00a0<a href=\"https:\/\/chat.whatsapp.com\/GsG1XKo0jPOEfjzudWQcml\" target=\"_blank\" rel=\"noreferrer noopener\">\u00a0Clique aqui e se inscreva.<\/a><\/em><\/strong><\/em><\/strong><\/em><\/strong><\/em><\/strong><\/em><\/strong><\/em><\/strong><\/em><\/strong><\/em><\/strong><\/p>\n","protected":false},"excerpt":{"rendered":"<p>A estudante Fernanda Souza dos Santos, de 15 anos, da 1\u00aa s\u00e9rie do Ensino M\u00e9dio da E.E. Armel Miranda, de Castilho, est\u00e1 prestes a embarcar para o Reino Unido, onde passar\u00e1 seis meses em um interc\u00e2mbio educacional. Ela faz parte dos 500 primeiros estudantes classificados para o \u201cProntos Pro Mundo\u201d, o maior programa p\u00fablico de &hellip;<\/p>\n","protected":false},"author":1,"featured_media":12569,"comment_status":"open","ping_status":"open","sticky":false,"template":"","format":"standard","meta":{"_jetpack_memberships_contains_paid_content":false,"footnotes":"","jetpack_publicize_message":"","jetpack_publicize_feature_enabled":true,"jetpack_social_post_already_shared":false,"jetpack_social_options":{"image_generator_settings":{"template":"highway","default_image_id":0,"enabled":false},"version":2}},"categories":[4],"tags":[],"class_list":["post-12568","post","type-post","status-publish","format-standard","has-post-thumbnail","hentry","category-regiao"],"jetpack_publicize_connections":[],"jetpack_featured_media_url":"https:\/\/i0.wp.com\/www.paparazzinews.com.br\/wp-content\/uploads\/2024\/10\/e96fb49e-460f-461d-8cfd-8c02f017f625.jpeg?fit=1197%2C797&ssl=1","views":"2067","jetpack_likes_enabled":true,"jetpack_sharing_enabled":true,"_links":{"self":[{"href":"https:\/\/www.paparazzinews.com.br\/index.php?rest_route=\/wp\/v2\/posts\/12568","targetHints":{"allow":["GET"]}}],"collection":[{"href":"https:\/\/www.paparazzinews.com.br\/index.php?rest_route=\/wp\/v2\/posts"}],"about":[{"href":"https:\/\/www.paparazzinews.com.br\/index.php?rest_route=\/wp\/v2\/types\/post"}],"author":[{"embeddable":true,"href":"https:\/\/www.paparazzinews.com.br\/index.php?rest_route=\/wp\/v2\/users\/1"}],"replies":[{"embeddable":true,"href":"https:\/\/www.paparazzinews.com.br\/index.php?rest_route=%2Fwp%2Fv2%2Fcomments&post=12568"}],"version-history":[{"count":1,"href":"https:\/\/www.paparazzinews.com.br\/index.php?rest_route=\/wp\/v2\/posts\/12568\/revisions"}],"predecessor-version":[{"id":12570,"href":"https:\/\/www.paparazzinews.com.br\/index.php?rest_route=\/wp\/v2\/posts\/12568\/revisions\/12570"}],"wp:featuredmedia":[{"embeddable":true,"href":"https:\/\/www.paparazzinews.com.br\/index.php?rest_route=\/wp\/v2\/media\/12569"}],"wp:attachment":[{"href":"https:\/\/www.paparazzinews.com.br\/index.php?rest_route=%2Fwp%2Fv2%2Fmedia&parent=12568"}],"wp:term":[{"taxonomy":"category","embeddable":true,"href":"https:\/\/www.paparazzinews.com.br\/index.php?rest_route=%2Fwp%2Fv2%2Fcategories&post=12568"},{"taxonomy":"post_tag","embeddable":true,"href":"https:\/\/www.paparazzinews.com.br\/index.php?rest_route=%2Fwp%2Fv2%2Ftags&post=12568"}],"curies":[{"name":"wp","href":"https:\/\/api.w.org\/{rel}","templated":true}]}}