{"id":12547,"date":"2024-10-22T18:38:18","date_gmt":"2024-10-22T21:38:18","guid":{"rendered":"https:\/\/www.paparazzinews.com.br\/?p=12547"},"modified":"2024-10-22T18:38:18","modified_gmt":"2024-10-22T21:38:18","slug":"pai-e-preso-apos-confessar-agressao-a-bebe-de-6-meses-por-nao-parar-de-chorar-fraturou-bracos-femur-e-costela","status":"publish","type":"post","link":"https:\/\/www.paparazzinews.com.br\/?p=12547","title":{"rendered":"Pai \u00e9 preso ap\u00f3s confessar agress\u00e3o a beb\u00ea de 6 meses por n\u00e3o parar de chorar, fraturou bra\u00e7os, f\u00eamur e costela"},"content":{"rendered":"\n<p>O pai de um beb\u00ea de seis meses foi preso na madrugada desta ter\u00e7a-feira, 22, ap\u00f3s levar a crian\u00e7a ao hospital com hematomas e fraturas pelo corpo, em Limeira, interior de S\u00e3o Paulo. Como a identidade do suspeito n\u00e3o foi divulgada, a reportagem n\u00e3o conseguiu contato com sua defesa. A informa\u00e7\u00e3o \u00e9 do Sbtinterior.<br><br>O homem afirmou inicialmente que o beb\u00ea havia ca\u00eddo da cama durante a noite, mas os m\u00e9dicos constataram que as marcas e fraturas n\u00e3o eram compat\u00edveis com a queda. \u00c0 pol\u00edcia, ele confessou que agrediu o filho porque a crian\u00e7a n\u00e3o parava de chorar.<\/p>\n\n\n\n<p>O suspeito, de 30 anos, chegou \u00e0 Santa Casa da cidade com o beb\u00ea desmaiado e disse que a crian\u00e7a dormia sobre sua barriga quando escorregou e caiu da cama.<\/p>\n\n\n\n<p>Os exames m\u00e9dicos revelaram fraturas nos bra\u00e7os, f\u00eamur e costela, al\u00e9m de perfura\u00e7\u00e3o pulmonar e hematomas pelo corpo. Suspeitando de maus-tratos, a equipe m\u00e9dica acionou o Conselho Tutelar, que solicitou apoio \u00e0 Guarda Civil Municipal (GCM).<\/p>\n\n\n\n<p>De acordo com nota da GCM, o pai, ao ser confrontado, confessou as agress\u00f5es motivadas pelo choro do beb\u00ea. Ele foi levado ao plant\u00e3o da Pol\u00edcia Civil e preso em flagrante por les\u00e3o corporal de natureza grave. O homem deve passar por audi\u00eancia de cust\u00f3dia ainda nesta ter\u00e7a-feira.<\/p>\n\n\n\n<p>\u00c0 pol\u00edcia, o suspeito contou que conheceu a m\u00e3e do beb\u00ea em uma cl\u00ednica de reabilita\u00e7\u00e3o para dependentes qu\u00edmicos. Como ela n\u00e3o conseguiu superar o v\u00edcio, ele ficou com a responsabilidade de cuidar da crian\u00e7a.<\/p>\n\n\n\n<p>O Conselho Tutelar visitou a resid\u00eancia e verificou que o im\u00f3vel pertence a um amigo do suspeito, que o havia cedido ao casal. At\u00e9 a manh\u00e3 desta ter\u00e7a-feira, a m\u00e3e da crian\u00e7a n\u00e3o havia sido localizada.<\/p>\n\n\n\n<p><strong><em><strong><em><strong><em><strong><em><strong><em><strong><em><strong><em><strong><em><strong>Siga nossas redes sociais no\u00a0<a href=\"https:\/\/www.instagram.com\/ronipaparazzi\/\">Instagram\u00a0<\/a>e\u00a0<a href=\"https:\/\/www.facebook.com\/ronipaparazzicomvoce\">Facebook<\/a>\u00a0participe da nossa comunidade do Canal Roni Paparazzi no Whatsapp e receba as principais not\u00edcias da regi\u00e3o de Ara\u00e7atuba do dia direto no seu celular.<\/strong>\u00a0<a href=\"https:\/\/chat.whatsapp.com\/GsG1XKo0jPOEfjzudWQcml\" target=\"_blank\" rel=\"noreferrer noopener\">\u00a0Clique aqui e se inscreva.<\/a><\/em><\/strong><\/em><\/strong><\/em><\/strong><\/em><\/strong><\/em><\/strong><\/em><\/strong><\/em><\/strong><\/em><\/strong><\/p>\n","protected":false},"excerpt":{"rendered":"<p>O pai de um beb\u00ea de seis meses foi preso na madrugada desta ter\u00e7a-feira, 22, ap\u00f3s levar a crian\u00e7a ao hospital com hematomas e fraturas pelo corpo, em Limeira, interior de S\u00e3o Paulo. Como a identidade do suspeito n\u00e3o foi divulgada, a reportagem n\u00e3o conseguiu contato com sua defesa. A informa\u00e7\u00e3o \u00e9 do Sbtinterior.O homem &hellip;<\/p>\n","protected":false},"author":1,"featured_media":12548,"comment_status":"open","ping_status":"open","sticky":false,"template":"","format":"standard","meta":{"_jetpack_memberships_contains_paid_content":false,"footnotes":"","jetpack_publicize_message":"","jetpack_publicize_feature_enabled":true,"jetpack_social_post_already_shared":false,"jetpack_social_options":{"image_generator_settings":{"template":"highway","default_image_id":0,"enabled":false},"version":2}},"categories":[1],"tags":[],"class_list":["post-12547","post","type-post","status-publish","format-standard","has-post-thumbnail","hentry","category-sem-categoria"],"jetpack_publicize_connections":[],"jetpack_featured_media_url":"https:\/\/i0.wp.com\/www.paparazzinews.com.br\/wp-content\/uploads\/2024\/10\/pai-e-preso-apos-confessar-agressao-a-bebe-de-6-meses-em-limeira-sp-221024_031956.jpg?fit=711%2C400&ssl=1","views":"1835","jetpack_likes_enabled":true,"jetpack_sharing_enabled":true,"_links":{"self":[{"href":"https:\/\/www.paparazzinews.com.br\/index.php?rest_route=\/wp\/v2\/posts\/12547","targetHints":{"allow":["GET"]}}],"collection":[{"href":"https:\/\/www.paparazzinews.com.br\/index.php?rest_route=\/wp\/v2\/posts"}],"about":[{"href":"https:\/\/www.paparazzinews.com.br\/index.php?rest_route=\/wp\/v2\/types\/post"}],"author":[{"embeddable":true,"href":"https:\/\/www.paparazzinews.com.br\/index.php?rest_route=\/wp\/v2\/users\/1"}],"replies":[{"embeddable":true,"href":"https:\/\/www.paparazzinews.com.br\/index.php?rest_route=%2Fwp%2Fv2%2Fcomments&post=12547"}],"version-history":[{"count":1,"href":"https:\/\/www.paparazzinews.com.br\/index.php?rest_route=\/wp\/v2\/posts\/12547\/revisions"}],"predecessor-version":[{"id":12549,"href":"https:\/\/www.paparazzinews.com.br\/index.php?rest_route=\/wp\/v2\/posts\/12547\/revisions\/12549"}],"wp:featuredmedia":[{"embeddable":true,"href":"https:\/\/www.paparazzinews.com.br\/index.php?rest_route=\/wp\/v2\/media\/12548"}],"wp:attachment":[{"href":"https:\/\/www.paparazzinews.com.br\/index.php?rest_route=%2Fwp%2Fv2%2Fmedia&parent=12547"}],"wp:term":[{"taxonomy":"category","embeddable":true,"href":"https:\/\/www.paparazzinews.com.br\/index.php?rest_route=%2Fwp%2Fv2%2Fcategories&post=12547"},{"taxonomy":"post_tag","embeddable":true,"href":"https:\/\/www.paparazzinews.com.br\/index.php?rest_route=%2Fwp%2Fv2%2Ftags&post=12547"}],"curies":[{"name":"wp","href":"https:\/\/api.w.org\/{rel}","templated":true}]}}