{"id":12512,"date":"2024-10-22T18:06:35","date_gmt":"2024-10-22T21:06:35","guid":{"rendered":"https:\/\/www.paparazzinews.com.br\/?p=12512"},"modified":"2024-10-22T18:06:36","modified_gmt":"2024-10-22T21:06:36","slug":"marcacao-de-bovinos-a-fogo-deixa-de-ser-obrigatoria-em-sao-paulo","status":"publish","type":"post","link":"https:\/\/www.paparazzinews.com.br\/?p=12512","title":{"rendered":"Marca\u00e7\u00e3o de bovinos a fogo deixa de ser obrigat\u00f3ria em S\u00e3o Paulo"},"content":{"rendered":"\n<p>O Governo de S\u00e3o Paulo\u00a0<a href=\"https:\/\/www.agenciasp.sp.gov.br\/dia-nacional-da-pecuaria-governo-de-sp-contribui-com-acoes-para-alavancar-o-setor\/\">tirou a obrigatoriedade da marca\u00e7\u00e3o a fogo de bovinos vacinados<\/a>. O modelo alternativo de identifica\u00e7\u00e3o \u00e9 o primeiro do pa\u00eds aprovado pelo Minist\u00e9rio da Agricultura e Pecu\u00e1ria (Mapa). As mudan\u00e7as est\u00e3o previstas em resolu\u00e7\u00e3o publicada nesta segunda-feira (21) e aplicam-se \u00e0\u00a0<a href=\"https:\/\/www.agenciasp.sp.gov.br\/sp-vacina-100-do-rebanho-estadual-contra-a-febre-aftosa\/\">vacina\u00e7\u00e3o contra brucelose de f\u00eameas bovinas e bubalinas<\/a>\u00a0de tr\u00eas a oito meses de idade. A informa\u00e7\u00e3o \u00e9 da Ag\u00eancia SP.<\/p>\n\n\n\n<p>A iniciativa \u00e9 da Coordenadoria de Defesa Agropecu\u00e1ria (CDA), da Secretaria de Agricultura e Abastecimento. As medidas foram publicadas no Di\u00e1rio Oficial do Estado, por meio a da Resolu\u00e7\u00e3o SAA n\u00ba 78\/24 e das Portarias 33\/24 e 34\/24. Por l\u00e1, fica estabelecido que animais vacinados contra a doen\u00e7a no estado de S\u00e3o Paulo poder\u00e3o ser identificados por um bottom colocado na orelha.<\/p>\n\n\n\n<p>\u201cS\u00e3o Paulo sai na frente mais uma vez com essa nova marca para o agro do Estado. Bem-estar animal significa seguran\u00e7a jur\u00eddica, garantindo um documento que comprova boas pr\u00e1ticas, valorizando a pecu\u00e1ria paulista e abrindo novos mercados internacionais, cada vez mais restritivos\u201d, destaca o secret\u00e1rio de Agricultura e Abastecimento, Guilherme Piai.<\/p>\n\n\n\n<p>A identifica\u00e7\u00e3o por bottom, e n\u00e3o pela marca\u00e7\u00e3o a fogo, busca garantir o bem-estar animal. Al\u00e9m disso, tamb\u00e9m traz um manejo mais eficiente e seguro aos profissionais respons\u00e1veis pela vacina\u00e7\u00e3o. As publica\u00e7\u00f5es do Governo de S\u00e3o Paulo tamb\u00e9m estabelecem mudan\u00e7as nos prazos para vacina\u00e7\u00e3o e desburocratiza\u00e7\u00e3o da declera\u00e7\u00e3o.<\/p>\n\n\n\n<p>\u201cTrata-se de um pacote de medidas que priorizam todos os envolvidos na&nbsp;<a href=\"https:\/\/www.agenciasp.sp.gov.br\/brucelose-campanha-de-vacinacao-no-estado-de-sao-paulo-vai-ate-31-de-agosto\/\">vacina\u00e7\u00e3o contra a brucelose<\/a>, visando o controle e posteriormente a erradica\u00e7\u00e3o dessa zoonose\u201d, comenta Luiz Henrique Barrochelo, m\u00e9dico-veterin\u00e1rio e coordenador da Defesa Agropecu\u00e1ria.<\/p>\n\n\n\n<h2 class=\"wp-block-heading\">Novos prazos para vacina\u00e7\u00e3o<\/h2>\n\n\n\n<p>A partir de agora, o calend\u00e1rio para vacina\u00e7\u00e3o de bovinos e bubalinos ser\u00e1 em dois per\u00edodos: do dia 1\u00ba de janeiro a 30 de junho do ano corrente; do dia 1\u00ba de julho at\u00e9 o dia 31 de desembro. A campanha faz parte do Programa Estadual de Controle e Erradica\u00e7\u00e3o da Brucelose e Tuberculose (PECEBT).<\/p>\n\n\n\n<p>O produtor que n\u00e3o vacinar seu rebanho dentro do prazo estabelecido ter\u00e1 a movimenta\u00e7\u00e3o dos bov\u00eddeos da propriedade suspensa at\u00e9 que a regulariza\u00e7\u00e3o seja feita junto \u00e0s unidades da Defesa Agropecu\u00e1ria.<\/p>\n\n\n\n<h2 class=\"wp-block-heading\">Desburocratiza\u00e7\u00e3o da declara\u00e7\u00e3o<\/h2>\n\n\n\n<p>A&nbsp;<a href=\"https:\/\/www.agenciasp.sp.gov.br\/brucelose-produtor-tem-ate-6-de-setembro-para-declarar-vacinacao-e-atualizar-o-rebanho\/\">declara\u00e7\u00e3o de vacina\u00e7\u00e3o pelo propriet\u00e1rio ou respons\u00e1vel pelos animais<\/a>&nbsp;n\u00e3o \u00e9 mais necess\u00e1ria. Para validar a imuniza\u00e7\u00e3o dos animais, o m\u00e9dico-veterni\u00e1rio respons\u00e1vel s\u00f3 precisar\u00e1 cadastrar o atestado de vacina\u00e7\u00e3o no GEDAVE, que \u00e9 o sistema informatizado de gest\u00e3o de defesa animal e vegetal. O cadastro precisa ser feito em at\u00e9 quatro dias a contar da data da vacina\u00e7\u00e3o.<\/p>\n\n\n\n<p>Em caso de diferen\u00e7a entre o n\u00famero de animais vacinados e o saldo do rebanho declarado no Gedave, o m\u00e9dico-veterin\u00e1rio e o produtor ser\u00e3o notificados por meio de mensagem eletr\u00f4nica, enviada ao e-mail cadastrado junto ao sistema. Neste caso, o propriet\u00e1rio dever\u00e1 regularizar a pend\u00eancia para a efetiva\u00e7\u00e3o da declara\u00e7\u00e3o.<\/p>\n\n\n\n<h2 class=\"wp-block-heading\">Novo modelo de identifica\u00e7\u00e3o de animais vacinados<\/h2>\n\n\n\n<p>O modelo alternativo de identifica\u00e7\u00e3o de vacina\u00e7\u00e3o contra a Brucelose trata-se de uma alternativa n\u00e3o obrigat\u00f3ria \u00e0 marca\u00e7\u00e3o a fogo.<\/p>\n\n\n\n<p>As publica\u00e7\u00f5es do Governo de S\u00e3o Paulo estabelecem o botton amarelo para a identifica\u00e7\u00e3o dos animais vacinados com a vacina B19 e o botton azul passa a identificar as f\u00eameas vacinadas com a vacina RB 51. Anteriormente, a identifica\u00e7\u00e3o era feita com marca\u00e7\u00e3o a fogo indicando o algorismo do ano corrente ou a marca em \u201cV\u201d, a depender da vacina utilizada.<\/p>\n\n\n\n<p>Os bottons s\u00e3o produzidos dentro de especifica\u00e7\u00f5es indicadas na portaria. Depois s\u00e3o fornecidos a estabelecimentos de insumos e produtos veterin\u00e1rios, que far\u00e3o a venda e fornecimento dos identificadores juntamente com as vacinas aos m\u00e9dicos-veterin\u00e1rios ou aos produtores, mediante informa\u00e7\u00e3o no receitu\u00e1rio.<\/p>\n\n\n\n<p>Para o caso de perda, dano ou qualquer altera\u00e7\u00e3o que prejudique a identifica\u00e7\u00e3o, uma nova aplica\u00e7\u00e3o dever\u00e1 ser solicitada ao m\u00e9dico-veterin\u00e1rio ou \u00e0 Defesa Agropecu\u00e1ria.<\/p>\n\n\n\n<p>Havendo a impossibilidade da aquisi\u00e7\u00e3o do botton, o animal dever\u00e1 ser identificado conforme as normativas vigentes do&nbsp;<a href=\"https:\/\/www.defesa.agricultura.sp.gov.br\/www\/programas\/getdocdoc.php?idform=383\">Programa Nacional de Controle e Erradica\u00e7\u00e3o da Brucelose e Tuberculose (PNCEBT)<\/a>.<\/p>\n\n\n\n<p>A Defesa Agropecu\u00e1ria informa ainda que o uso do botton s\u00f3 \u00e9 v\u00e1lido dentro do estado de S\u00e3o Paulo, n\u00e3o sendo permitido o tr\u00e2nsito de animais identificados de forma alternativa para demais estados da federa\u00e7\u00e3o. Para ter acesso \u00e0 \u00edntegra das portarias, acesse&nbsp;<a href=\"https:\/\/www.defesa.agricultura.sp.gov.br\/legislacoes\/\" target=\"_blank\" rel=\"noreferrer noopener\">defesa.agricultura.sp.gov.br\/legislacoes\/<\/a>.<\/p>\n\n\n\n<p><strong><em><strong><em><strong><em><strong><em><strong><em><strong><em><strong><em><strong><em><strong>Siga nossas redes sociais no\u00a0<a href=\"https:\/\/www.instagram.com\/ronipaparazzi\/\">Instagram\u00a0<\/a>e\u00a0<a href=\"https:\/\/www.facebook.com\/ronipaparazzicomvoce\">Facebook<\/a>\u00a0participe da nossa comunidade do Canal Roni Paparazzi no Whatsapp e receba as principais not\u00edcias da regi\u00e3o de Ara\u00e7atuba do dia direto no seu celular.<\/strong>\u00a0<a href=\"https:\/\/chat.whatsapp.com\/GsG1XKo0jPOEfjzudWQcml\" target=\"_blank\" rel=\"noreferrer noopener\">\u00a0Clique aqui e se inscreva.<\/a><\/em><\/strong><\/em><\/strong><\/em><\/strong><\/em><\/strong><\/em><\/strong><\/em><\/strong><\/em><\/strong><\/em><\/strong><\/p>\n\n\n\n<p><\/p>\n","protected":false},"excerpt":{"rendered":"<p>O Governo de S\u00e3o Paulo\u00a0tirou a obrigatoriedade da marca\u00e7\u00e3o a fogo de bovinos vacinados. O modelo alternativo de identifica\u00e7\u00e3o \u00e9 o primeiro do pa\u00eds aprovado pelo Minist\u00e9rio da Agricultura e Pecu\u00e1ria (Mapa). As mudan\u00e7as est\u00e3o previstas em resolu\u00e7\u00e3o publicada nesta segunda-feira (21) e aplicam-se \u00e0\u00a0vacina\u00e7\u00e3o contra brucelose de f\u00eameas bovinas e bubalinas\u00a0de tr\u00eas a oito &hellip;<\/p>\n","protected":false},"author":1,"featured_media":12513,"comment_status":"open","ping_status":"open","sticky":false,"template":"","format":"standard","meta":{"_jetpack_memberships_contains_paid_content":false,"footnotes":"","jetpack_publicize_message":"","jetpack_publicize_feature_enabled":true,"jetpack_social_post_already_shared":false,"jetpack_social_options":{"image_generator_settings":{"template":"highway","default_image_id":0,"enabled":false},"version":2}},"categories":[4],"tags":[],"class_list":["post-12512","post","type-post","status-publish","format-standard","has-post-thumbnail","hentry","category-regiao"],"jetpack_publicize_connections":[],"jetpack_featured_media_url":"https:\/\/i0.wp.com\/www.paparazzinews.com.br\/wp-content\/uploads\/2024\/10\/Imagem-do-WhatsApp-de-2024-10-21-as-18.04.52_46bee491.jpg?fit=1117%2C763&ssl=1","views":"1420","jetpack_likes_enabled":true,"jetpack_sharing_enabled":true,"_links":{"self":[{"href":"https:\/\/www.paparazzinews.com.br\/index.php?rest_route=\/wp\/v2\/posts\/12512","targetHints":{"allow":["GET"]}}],"collection":[{"href":"https:\/\/www.paparazzinews.com.br\/index.php?rest_route=\/wp\/v2\/posts"}],"about":[{"href":"https:\/\/www.paparazzinews.com.br\/index.php?rest_route=\/wp\/v2\/types\/post"}],"author":[{"embeddable":true,"href":"https:\/\/www.paparazzinews.com.br\/index.php?rest_route=\/wp\/v2\/users\/1"}],"replies":[{"embeddable":true,"href":"https:\/\/www.paparazzinews.com.br\/index.php?rest_route=%2Fwp%2Fv2%2Fcomments&post=12512"}],"version-history":[{"count":1,"href":"https:\/\/www.paparazzinews.com.br\/index.php?rest_route=\/wp\/v2\/posts\/12512\/revisions"}],"predecessor-version":[{"id":12514,"href":"https:\/\/www.paparazzinews.com.br\/index.php?rest_route=\/wp\/v2\/posts\/12512\/revisions\/12514"}],"wp:featuredmedia":[{"embeddable":true,"href":"https:\/\/www.paparazzinews.com.br\/index.php?rest_route=\/wp\/v2\/media\/12513"}],"wp:attachment":[{"href":"https:\/\/www.paparazzinews.com.br\/index.php?rest_route=%2Fwp%2Fv2%2Fmedia&parent=12512"}],"wp:term":[{"taxonomy":"category","embeddable":true,"href":"https:\/\/www.paparazzinews.com.br\/index.php?rest_route=%2Fwp%2Fv2%2Fcategories&post=12512"},{"taxonomy":"post_tag","embeddable":true,"href":"https:\/\/www.paparazzinews.com.br\/index.php?rest_route=%2Fwp%2Fv2%2Ftags&post=12512"}],"curies":[{"name":"wp","href":"https:\/\/api.w.org\/{rel}","templated":true}]}}