{"id":12498,"date":"2024-10-22T17:58:18","date_gmt":"2024-10-22T20:58:18","guid":{"rendered":"https:\/\/www.paparazzinews.com.br\/?p=12498"},"modified":"2024-10-22T17:58:37","modified_gmt":"2024-10-22T20:58:37","slug":"especialistas-de-etecs-de-sp-dao-dicas-para-a-reta-final-de-preparacao-do-enem","status":"publish","type":"post","link":"https:\/\/www.paparazzinews.com.br\/?p=12498","title":{"rendered":"Especialistas de Etecs de SP d\u00e3o dicas para a reta final de prepara\u00e7\u00e3o do Enem"},"content":{"rendered":"\n<p>O Exame Nacional do Ensino M\u00e9dio (Enem) 2024 ser\u00e1 realizado nos dias 3 e 10 de novembro em todo o pa\u00eds. Nas Escolas T\u00e9cnicas Estaduais (<a href=\"https:\/\/www.cps.sp.gov.br\/etec\/\" target=\"_blank\" rel=\"noreferrer noopener\">Etecs<\/a>), a prepara\u00e7\u00e3o para a avalia\u00e7\u00e3o ocorre durante todo o ano letivo. Faltando pouco tempo para a prova, coordenadoras pedag\u00f3gicas do Centro Paula Souza (CPS) compartilham dicas e recomenda\u00e7\u00f5es para os candidatos.<\/p>\n\n\n\n<p>Fernanda Quineli Alves Nagao \u00e9 coordenadora pedag\u00f3gica da Etec Prof. Adolpho Arruda Mello, localizada em Presidente Prudente. Ela destaca que \u00e9 importante se planejar e fazer uma boa gest\u00e3o do tempo nos pr\u00f3ximos dias. \u201cPode ser mais proveitoso que o aluno d\u00ea \u00eanfase aos estudos de temas importantes, como a reda\u00e7\u00e3o e as disciplinas com maior peso na prova\u201d, orienta.<\/p>\n\n\n\n<p>Fernanda tamb\u00e9m sugere o uso de ferramentas de aprendizagem, como mapas mentais e simulados. Ela indica que o aluno fa\u00e7a um mapa mental de cada disciplina para revisar a mat\u00e9ria. Al\u00e9m disso, prop\u00f5e que o estudante responda simulados para treinar o tempo de prova e se acostumar com a avalia\u00e7\u00e3o. \u201cEssas estrat\u00e9gias ajudam tanto a fixar o conte\u00fado, como a identificar \u00e1reas que precisam de mais aten\u00e7\u00e3o\u201d, esclarece.<\/p>\n\n\n\n<p>A nota da reda\u00e7\u00e3o pode ser um grande diferencial, pois tem um peso enorme no resultado do Enem. Sendo assim, a coordenadora orienta que os candidatos treinem bastante para melhorar e aprimorar a estrutura de argumenta\u00e7\u00e3o, coes\u00e3o e respeito \u00e0s normas da l\u00edngua portuguesa. \u201c\u00c9 importante ficar atento tamb\u00e9m aos principais acontecimentos pol\u00edticos, econ\u00f4micos, sociais e ambientais, pois s\u00e3o temas que podem ser cobrados\u201d, refor\u00e7a.<\/p>\n\n\n\n<p>Os cuidados com a sa\u00fade f\u00edsica e mental tamb\u00e9m s\u00e3o apontados como fatores importantes para a prepara\u00e7\u00e3o. \u201cDescanso e sono s\u00e3o fundamentais nas atividades de prepara\u00e7\u00e3o, assim como os exerc\u00edcios f\u00edsicos, que ajudam a melhorar a concentra\u00e7\u00e3o e no al\u00edvio do estresse\u201d, completa.<\/p>\n\n\n\n<h2 class=\"wp-block-heading\"><strong>Outras dicas<\/strong><\/h2>\n\n\n\n<p>Rosana Ara\u00fajo, coordenadora pedag\u00f3gica da Etec Abdias do Nascimento, localizada em Parais\u00f3polis, na capital, considera que o preparo para o Enem \u00e9 muito mais que uma quest\u00e3o de rotina. \u201cTodo o tempo dedicado aos estudos se transforma em oportunidades\u201d, diz.<\/p>\n\n\n\n<p>Ela explica que o exame avalia conhecimento e habilidades como interpreta\u00e7\u00e3o de texto, racioc\u00ednio l\u00f3gico e resolu\u00e7\u00e3o de problemas. \u201cOriento sempre que os alunos foquem nessas compet\u00eancias em suas pr\u00e1ticas de estudo.\u201d Outra estrat\u00e9gia indicada por Rosana \u00e9 a diversifica\u00e7\u00e3o de recursos na hora de estudar. \u201c\u00c9 importante usar livros, apostilas, v\u00eddeos, podcasts e estudos em grupo, assim \u00e9 poss\u00edvel fugir da monotonia e enriquecer o aprendizado\u201d, esclarece.<\/p>\n\n\n\n<p>Ela salienta ainda a import\u00e2ncia da autoconfian\u00e7a. \u201cO candidato deve confiar na sua capacidade e em como se preparou para encarar esse desafio. Precisa manter uma atitude positiva e lembrar-se de que, independentemente do resultado, o importante \u00e9 o aprendizado e a jornada que percorreu\u201d, finaliza.<\/p>\n\n\n\n<p>Para n\u00e3o colocar toda a prepara\u00e7\u00e3o em cheque, as coordenadoras concordam que \u00e9 fundamental se organizar para o dia do exame. Confira:<\/p>\n\n\n\n<ul class=\"wp-block-list\">\n<li>Descanse bem na noite anterior, fa\u00e7a refei\u00e7\u00f5es leves leves e chegue cedo para evitar qualquer tipo de estresse;<\/li>\n\n\n\n<li>Confira com anteced\u00eancia o local da prova e calcule o tempo de deslocamento;<\/li>\n\n\n\n<li>N\u00e3o esque\u00e7a de levar caneta esferogr\u00e1fica preta (transparente) e o seu documento de identifica\u00e7\u00e3o;<\/li>\n\n\n\n<li>Leve \u00e1gua (em garrafa transparente e sem r\u00f3tulo) e um lanche, como uma fruta ou barrinha de cereal, porque o tempo de prova \u00e9 longo.<\/li>\n<\/ul>\n\n\n\n<figure class=\"wp-block-image\"><img data-recalc-dims=\"1\" decoding=\"async\" src=\"https:\/\/i0.wp.com\/www.agenciasp.sp.gov.br\/wp-content\/uploads\/2024\/03\/icon-share-03-gray-ok.png?w=708&#038;ssl=1\" alt=\"\" class=\"wp-image-4961\"\/><\/figure>\n\n\n\n<p><strong><em><strong><em><strong><em><strong><em><strong><em><strong><em><strong><em><strong><em><strong>Siga nossas redes sociais no\u00a0<a href=\"https:\/\/www.instagram.com\/ronipaparazzi\/\">Instagram\u00a0<\/a>e\u00a0<a href=\"https:\/\/www.facebook.com\/ronipaparazzicomvoce\">Facebook<\/a>\u00a0participe da nossa comunidade do Canal Roni Paparazzi no Whatsapp e receba as principais not\u00edcias da regi\u00e3o de Ara\u00e7atuba do dia direto no seu celular.<\/strong>\u00a0<a href=\"https:\/\/chat.whatsapp.com\/GsG1XKo0jPOEfjzudWQcml\" target=\"_blank\" rel=\"noreferrer noopener\">\u00a0Clique aqui e se inscreva.<\/a><\/em><\/strong><\/em><\/strong><\/em><\/strong><\/em><\/strong><\/em><\/strong><\/em><\/strong><\/em><\/strong><\/em><\/strong><\/p>\n","protected":false},"excerpt":{"rendered":"<p>O Exame Nacional do Ensino M\u00e9dio (Enem) 2024 ser\u00e1 realizado nos dias 3 e 10 de novembro em todo o pa\u00eds. Nas Escolas T\u00e9cnicas Estaduais (Etecs), a prepara\u00e7\u00e3o para a avalia\u00e7\u00e3o ocorre durante todo o ano letivo. Faltando pouco tempo para a prova, coordenadoras pedag\u00f3gicas do Centro Paula Souza (CPS) compartilham dicas e recomenda\u00e7\u00f5es para &hellip;<\/p>\n","protected":false},"author":1,"featured_media":12499,"comment_status":"open","ping_status":"open","sticky":false,"template":"","format":"standard","meta":{"_jetpack_memberships_contains_paid_content":false,"footnotes":"","jetpack_publicize_message":"","jetpack_publicize_feature_enabled":true,"jetpack_social_post_already_shared":false,"jetpack_social_options":{"image_generator_settings":{"template":"highway","default_image_id":0,"enabled":false},"version":2}},"categories":[4],"tags":[],"class_list":["post-12498","post","type-post","status-publish","format-standard","has-post-thumbnail","hentry","category-regiao"],"jetpack_publicize_connections":[],"jetpack_featured_media_url":"https:\/\/i0.wp.com\/www.paparazzinews.com.br\/wp-content\/uploads\/2024\/10\/Etec-Pq-Juventude_Vestibulinho_fotog-Roberto-Sungi-54-scaled-1-1536x1022-1.jpg?fit=1536%2C1022&ssl=1","views":"1475","jetpack_likes_enabled":true,"jetpack_sharing_enabled":true,"_links":{"self":[{"href":"https:\/\/www.paparazzinews.com.br\/index.php?rest_route=\/wp\/v2\/posts\/12498","targetHints":{"allow":["GET"]}}],"collection":[{"href":"https:\/\/www.paparazzinews.com.br\/index.php?rest_route=\/wp\/v2\/posts"}],"about":[{"href":"https:\/\/www.paparazzinews.com.br\/index.php?rest_route=\/wp\/v2\/types\/post"}],"author":[{"embeddable":true,"href":"https:\/\/www.paparazzinews.com.br\/index.php?rest_route=\/wp\/v2\/users\/1"}],"replies":[{"embeddable":true,"href":"https:\/\/www.paparazzinews.com.br\/index.php?rest_route=%2Fwp%2Fv2%2Fcomments&post=12498"}],"version-history":[{"count":2,"href":"https:\/\/www.paparazzinews.com.br\/index.php?rest_route=\/wp\/v2\/posts\/12498\/revisions"}],"predecessor-version":[{"id":12502,"href":"https:\/\/www.paparazzinews.com.br\/index.php?rest_route=\/wp\/v2\/posts\/12498\/revisions\/12502"}],"wp:featuredmedia":[{"embeddable":true,"href":"https:\/\/www.paparazzinews.com.br\/index.php?rest_route=\/wp\/v2\/media\/12499"}],"wp:attachment":[{"href":"https:\/\/www.paparazzinews.com.br\/index.php?rest_route=%2Fwp%2Fv2%2Fmedia&parent=12498"}],"wp:term":[{"taxonomy":"category","embeddable":true,"href":"https:\/\/www.paparazzinews.com.br\/index.php?rest_route=%2Fwp%2Fv2%2Fcategories&post=12498"},{"taxonomy":"post_tag","embeddable":true,"href":"https:\/\/www.paparazzinews.com.br\/index.php?rest_route=%2Fwp%2Fv2%2Ftags&post=12498"}],"curies":[{"name":"wp","href":"https:\/\/api.w.org\/{rel}","templated":true}]}}