{"id":12486,"date":"2024-10-18T10:22:54","date_gmt":"2024-10-18T13:22:54","guid":{"rendered":"https:\/\/www.paparazzinews.com.br\/?p=12486"},"modified":"2024-10-18T10:22:55","modified_gmt":"2024-10-18T13:22:55","slug":"pm-prende-homem-que-queria-colocar-fogo-na-casa-de-sua-mae-em-pereira-barreto","status":"publish","type":"post","link":"https:\/\/www.paparazzinews.com.br\/?p=12486","title":{"rendered":"PM prende homem que queria colocar fogo na casa de sua m\u00e3e em Pereira Barreto"},"content":{"rendered":"\n<p>A Pol\u00edcia Militar de Pereira Barreto prendeu um homem de 37 anos, acusado de viol\u00eancia dom\u00e9stica contra sua m\u00e3e nesta quinta-feira, 17 de outubro, no bairro Jardim Colorado. Foi apreendido um isqueiro que o alvo amea\u00e7ava colocar fogo na resid\u00eancia, ele era procurado da Justi\u00e7a. A informa\u00e7\u00e3o \u00e9 de Roni Paparazzi.<\/p>\n\n\n\n<p>Ao chegar ao local, a equipe policial abordou o suspeito, que portava um isqueiro branco. Apesar de negar as acusa\u00e7\u00f5es, a v\u00edtima afirmou que vinha sofrendo amea\u00e7as constantes por parte do filho. Diante dos fatos, o homem foi preso em flagrante por viol\u00eancia dom\u00e9stica e amea\u00e7a.<\/p>\n\n\n\n<p>A ocorr\u00eancia foi registrada na Delegacia de Defesa da Mulher, onde o delegado de plant\u00e3o ratificou a pris\u00e3o e elaborou o boletim de ocorr\u00eancia correspondente, mantendo o suspeito \u00e0 disposi\u00e7\u00e3o da Justi\u00e7a. Cabe salientar que no decorrer da elabora\u00e7\u00e3o da ocorr\u00eancia pela delegacia, foi constatado que o homem preso, era procurado pela justi\u00e7a por descumprir penas restritivas de direitos a ele impostas.<\/p>\n\n\n\n<p><strong><em><strong><em><strong><em><strong><em><strong><em><strong><em><strong><em><strong><em><strong>Siga nossas redes sociais no\u00a0<a href=\"https:\/\/www.instagram.com\/ronipaparazzi\/\">Instagram\u00a0<\/a>e\u00a0<a href=\"https:\/\/www.facebook.com\/ronipaparazzicomvoce\">Facebook<\/a>\u00a0participe da nossa comunidade do Canal Roni Paparazzi no Whatsapp e receba as principais not\u00edcias da regi\u00e3o de Ara\u00e7atuba do dia direto no seu celular.<\/strong>\u00a0<a href=\"https:\/\/chat.whatsapp.com\/GsG1XKo0jPOEfjzudWQcml\" target=\"_blank\" rel=\"noreferrer noopener\">\u00a0Clique aqui e se inscreva.<\/a><\/em><\/strong><\/em><\/strong><\/em><\/strong><\/em><\/strong><\/em><\/strong><\/em><\/strong><\/em><\/strong><\/em><\/strong><\/p>\n","protected":false},"excerpt":{"rendered":"<p>A Pol\u00edcia Militar de Pereira Barreto prendeu um homem de 37 anos, acusado de viol\u00eancia dom\u00e9stica contra sua m\u00e3e nesta quinta-feira, 17 de outubro, no bairro Jardim Colorado. Foi apreendido um isqueiro que o alvo amea\u00e7ava colocar fogo na resid\u00eancia, ele era procurado da Justi\u00e7a. A informa\u00e7\u00e3o \u00e9 de Roni Paparazzi. Ao chegar ao local, &hellip;<\/p>\n","protected":false},"author":1,"featured_media":12487,"comment_status":"open","ping_status":"open","sticky":false,"template":"","format":"standard","meta":{"_jetpack_memberships_contains_paid_content":false,"footnotes":"","jetpack_publicize_message":"","jetpack_publicize_feature_enabled":true,"jetpack_social_post_already_shared":false,"jetpack_social_options":{"image_generator_settings":{"template":"highway","default_image_id":0,"enabled":false},"version":2}},"categories":[3],"tags":[],"class_list":["post-12486","post","type-post","status-publish","format-standard","has-post-thumbnail","hentry","category-policial"],"jetpack_publicize_connections":[],"jetpack_featured_media_url":"https:\/\/i0.wp.com\/www.paparazzinews.com.br\/wp-content\/uploads\/2024\/10\/IMG_20200223_184552-scaled-e1729257756957.jpg?fit=1000%2C563&ssl=1","views":"1473","jetpack_likes_enabled":true,"jetpack_sharing_enabled":true,"_links":{"self":[{"href":"https:\/\/www.paparazzinews.com.br\/index.php?rest_route=\/wp\/v2\/posts\/12486","targetHints":{"allow":["GET"]}}],"collection":[{"href":"https:\/\/www.paparazzinews.com.br\/index.php?rest_route=\/wp\/v2\/posts"}],"about":[{"href":"https:\/\/www.paparazzinews.com.br\/index.php?rest_route=\/wp\/v2\/types\/post"}],"author":[{"embeddable":true,"href":"https:\/\/www.paparazzinews.com.br\/index.php?rest_route=\/wp\/v2\/users\/1"}],"replies":[{"embeddable":true,"href":"https:\/\/www.paparazzinews.com.br\/index.php?rest_route=%2Fwp%2Fv2%2Fcomments&post=12486"}],"version-history":[{"count":1,"href":"https:\/\/www.paparazzinews.com.br\/index.php?rest_route=\/wp\/v2\/posts\/12486\/revisions"}],"predecessor-version":[{"id":12488,"href":"https:\/\/www.paparazzinews.com.br\/index.php?rest_route=\/wp\/v2\/posts\/12486\/revisions\/12488"}],"wp:featuredmedia":[{"embeddable":true,"href":"https:\/\/www.paparazzinews.com.br\/index.php?rest_route=\/wp\/v2\/media\/12487"}],"wp:attachment":[{"href":"https:\/\/www.paparazzinews.com.br\/index.php?rest_route=%2Fwp%2Fv2%2Fmedia&parent=12486"}],"wp:term":[{"taxonomy":"category","embeddable":true,"href":"https:\/\/www.paparazzinews.com.br\/index.php?rest_route=%2Fwp%2Fv2%2Fcategories&post=12486"},{"taxonomy":"post_tag","embeddable":true,"href":"https:\/\/www.paparazzinews.com.br\/index.php?rest_route=%2Fwp%2Fv2%2Ftags&post=12486"}],"curies":[{"name":"wp","href":"https:\/\/api.w.org\/{rel}","templated":true}]}}