{"id":12431,"date":"2024-10-17T16:33:29","date_gmt":"2024-10-17T19:33:29","guid":{"rendered":"https:\/\/www.paparazzinews.com.br\/?p=12431"},"modified":"2024-10-17T16:33:30","modified_gmt":"2024-10-17T19:33:30","slug":"forca-tatica-prende-homem-com-motos-furtadas-em-tres-lagoas","status":"publish","type":"post","link":"https:\/\/www.paparazzinews.com.br\/?p=12431","title":{"rendered":"For\u00e7a T\u00e1tica prende homem com motos furtadas em Tr\u00eas Lagoas"},"content":{"rendered":"\n<p>Tr\u00eas Lagoas \u2013 MS, no dia 16 de outubro, os policiais militares do 2\u00ba Batalh\u00e3o de Pol\u00edcia Militar realizaram a pris\u00e3o em flagrante de autor de recepta\u00e7\u00e3o e recupera motos furtadas.<\/p>\n\n\n\n<p>Nesta quarta-feira, por volta das 20h30, uma guarni\u00e7\u00e3o da For\u00e7a T\u00e1tica do 2\u00ba BPM durante patrulhamento na avenida Clodoaldo Garcia, no bairro Vila Haro, deparou-se com uma motocicleta Yamaha\/YBR, de cor preta, com placa da cidade de Boituva &#8211; SP, estacionada em frente a uma oficina mec\u00e2nica onde ao ser realizada a checagem do referido ve\u00edculo nos sistemas policiais foi constatado que a moto havia sido furtada no dia 28\/09\/2024.<\/p>\n\n\n\n<p>Em continuidade foi checada uma motocicleta Honda\/Biz, de cor vermelha, ostentando a placa HTM-1384, a qual n\u00e3o correspondeu ao chassi, sendo constatado se tratar de ve\u00edculo furtado em 21\/09\/2024. Ao ser realizado a checagem de uma terceira motocicleta, de cor preta, sem a placa de identifica\u00e7\u00e3o, foi constatado que a numera\u00e7\u00e3o do chassi e do motor estava \u201cpinado\u201d.<\/p>\n\n\n\n<p>Durante entrevista o propriet\u00e1rio da oficina (masculino de 27 anos) relatou que os ve\u00edculos haviam sido deixados no local para reparos e estariam \u00e0 venda, sendo que receberia uma porcentagem pela venda de cada motocicleta.<\/p>\n\n\n\n<p>Ante os fatos o propriet\u00e1rio da oficina e as motocicletas foram encaminhados e apresentados na Delegacia de Pol\u00edcia, onde se fez presente o advogado do indiv\u00edduo apontado pelo detido como sendo propriet\u00e1rio dos ve\u00edculos.<\/p>\n\n\n\n<p><strong><em><strong><em><strong><em><strong><em><strong><em><strong><em><strong><em><strong><em><strong>Siga nossas redes sociais no&nbsp;<a href=\"https:\/\/www.instagram.com\/ronipaparazzi\/\">Instagram&nbsp;<\/a>e&nbsp;<a href=\"https:\/\/www.facebook.com\/ronipaparazzicomvoce\">Facebook<\/a>&nbsp;participe da nossa comunidade do Canal Roni Paparazzi no Whatsapp e receba as principais not\u00edcias da regi\u00e3o de Ara\u00e7atuba do dia direto no seu celular.<\/strong>&nbsp;<a href=\"https:\/\/chat.whatsapp.com\/GsG1XKo0jPOEfjzudWQcml\" target=\"_blank\" rel=\"noreferrer noopener\">&nbsp;Clique aqui e se inscreva.<\/a><\/em><\/strong><\/em><\/strong><\/em><\/strong><\/em><\/strong><\/em><\/strong><\/em><\/strong><\/em><\/strong><\/em><\/strong><\/p>\n\n\n\n<p><a href=\"https:\/\/www.paparazzinews.com.br\/wp-admin\/post.php?post=12422&amp;action=edit\"><\/a><\/p>\n\n\n\n<p><a href=\"https:\/\/www.paparazzinews.com.br\/wp-admin\/post.php?post=12425&amp;action=edit\"><\/a><\/p>\n","protected":false},"excerpt":{"rendered":"<p>Tr\u00eas Lagoas \u2013 MS, no dia 16 de outubro, os policiais militares do 2\u00ba Batalh\u00e3o de Pol\u00edcia Militar realizaram a pris\u00e3o em flagrante de autor de recepta\u00e7\u00e3o e recupera motos furtadas. Nesta quarta-feira, por volta das 20h30, uma guarni\u00e7\u00e3o da For\u00e7a T\u00e1tica do 2\u00ba BPM durante patrulhamento na avenida Clodoaldo Garcia, no bairro Vila Haro, &hellip;<\/p>\n","protected":false},"author":1,"featured_media":12432,"comment_status":"open","ping_status":"open","sticky":false,"template":"","format":"standard","meta":{"_jetpack_memberships_contains_paid_content":false,"footnotes":"","jetpack_publicize_message":"","jetpack_publicize_feature_enabled":true,"jetpack_social_post_already_shared":false,"jetpack_social_options":{"image_generator_settings":{"template":"highway","default_image_id":0,"enabled":false},"version":2}},"categories":[3],"tags":[],"class_list":["post-12431","post","type-post","status-publish","format-standard","has-post-thumbnail","hentry","category-policial"],"jetpack_publicize_connections":[],"jetpack_featured_media_url":"https:\/\/i0.wp.com\/www.paparazzinews.com.br\/wp-content\/uploads\/2024\/10\/a78cbb45-adb5-437a-810b-25f3a66a86b8.jpeg?fit=1491%2C908&ssl=1","views":"1543","jetpack_likes_enabled":true,"jetpack_sharing_enabled":true,"_links":{"self":[{"href":"https:\/\/www.paparazzinews.com.br\/index.php?rest_route=\/wp\/v2\/posts\/12431","targetHints":{"allow":["GET"]}}],"collection":[{"href":"https:\/\/www.paparazzinews.com.br\/index.php?rest_route=\/wp\/v2\/posts"}],"about":[{"href":"https:\/\/www.paparazzinews.com.br\/index.php?rest_route=\/wp\/v2\/types\/post"}],"author":[{"embeddable":true,"href":"https:\/\/www.paparazzinews.com.br\/index.php?rest_route=\/wp\/v2\/users\/1"}],"replies":[{"embeddable":true,"href":"https:\/\/www.paparazzinews.com.br\/index.php?rest_route=%2Fwp%2Fv2%2Fcomments&post=12431"}],"version-history":[{"count":1,"href":"https:\/\/www.paparazzinews.com.br\/index.php?rest_route=\/wp\/v2\/posts\/12431\/revisions"}],"predecessor-version":[{"id":12433,"href":"https:\/\/www.paparazzinews.com.br\/index.php?rest_route=\/wp\/v2\/posts\/12431\/revisions\/12433"}],"wp:featuredmedia":[{"embeddable":true,"href":"https:\/\/www.paparazzinews.com.br\/index.php?rest_route=\/wp\/v2\/media\/12432"}],"wp:attachment":[{"href":"https:\/\/www.paparazzinews.com.br\/index.php?rest_route=%2Fwp%2Fv2%2Fmedia&parent=12431"}],"wp:term":[{"taxonomy":"category","embeddable":true,"href":"https:\/\/www.paparazzinews.com.br\/index.php?rest_route=%2Fwp%2Fv2%2Fcategories&post=12431"},{"taxonomy":"post_tag","embeddable":true,"href":"https:\/\/www.paparazzinews.com.br\/index.php?rest_route=%2Fwp%2Fv2%2Ftags&post=12431"}],"curies":[{"name":"wp","href":"https:\/\/api.w.org\/{rel}","templated":true}]}}