{"id":12425,"date":"2024-10-17T16:21:16","date_gmt":"2024-10-17T19:21:16","guid":{"rendered":"https:\/\/www.paparazzinews.com.br\/?p=12425"},"modified":"2024-10-17T16:21:17","modified_gmt":"2024-10-17T19:21:17","slug":"no-dia-nacional-da-imunizacao-governo-de-sp-lanca-campanha-de-incentivo-a-atualizacao-da-caderneta-de-vacinacao","status":"publish","type":"post","link":"https:\/\/www.paparazzinews.com.br\/?p=12425","title":{"rendered":"No Dia Nacional da Imuniza\u00e7\u00e3o, Governo de SP lan\u00e7a campanha de incentivo \u00e0 atualiza\u00e7\u00e3o da caderneta de vacina\u00e7\u00e3o"},"content":{"rendered":"\n<p>Nesta quinta-feira (17), Dia Nacional da Imuniza\u00e7\u00e3o, o Governo de S\u00e3o Paulo, por meio da Secretaria de Estado da Sa\u00fade (SES), lan\u00e7a a campanha \u201cVARcina\u201d. A iniciativa tem como objetivo incentivar a popula\u00e7\u00e3o a manter a caderneta de vacina\u00e7\u00e3o atualizada e esclarecer as d\u00favidas mais frequentes sobre vacinas, com base nas 100 perguntas mais pesquisadas na internet. No site oficial (www.vacina100duvidas.sp.gov.br), os cidad\u00e3os podem acessar informa\u00e7\u00f5es sobre efeitos colaterais, efic\u00e1cia das vacinas, doen\u00e7as preven\u00edveis e os riscos de n\u00e3o se vacinar. A informa\u00e7\u00e3o \u00e9 da Ag\u00eancia SP.<\/p>\n\n\n\n<p>A a\u00e7\u00e3o busca promover a preven\u00e7\u00e3o individual e coletiva de doen\u00e7as, al\u00e9m de reduzir a dissemina\u00e7\u00e3o de agentes infecciosos em crian\u00e7as e adultos. A atualiza\u00e7\u00e3o da caderneta vacinal \u00e9 essencial para proteger aqueles que n\u00e3o podem ser vacinados, como pessoas com sistemas imunol\u00f3gicos comprometidos e al\u00e9rgicos aos componentes. A imuniza\u00e7\u00e3o tamb\u00e9m desempenha um papel fundamental na preven\u00e7\u00e3o de surtos e epidemias de doen\u00e7as evit\u00e1veis.<\/p>\n\n\n\n<p>\u201cEssa \u00e9 mais uma iniciativa do Governo de SP para incentivar a popula\u00e7\u00e3o a se vacinar. Afinal, refor\u00e7ando a imuniza\u00e7\u00e3o e seguindo o calend\u00e1rio vacinal, evitamos a reintrodu\u00e7\u00e3o de doen\u00e7as erradicadas no pa\u00eds, como a poliomielite\u201d, afirma a Diretora do Centro de Vigil\u00e2ncia Epidemiol\u00f3gica (CVE) da SES, Tatiana Lang.<\/p>\n\n\n\n<h2 class=\"wp-block-heading\"><strong>Caderneta da crian\u00e7a<\/strong><\/h2>\n\n\n\n<p>\u00c9 importante manter a caderneta vacinal das crian\u00e7as atualizada j\u00e1 que durante a inf\u00e2ncia a contamina\u00e7\u00e3o por doen\u00e7as pode ser ainda mais grave. Como nos casos de coqueluche e poliomielite, que s\u00e3o altamente contagiosos e perigosos, e podem ser evitados por meio da imuniza\u00e7\u00e3o.<\/p>\n\n\n\n<p>No calend\u00e1rio b\u00e1sico de vacina\u00e7\u00e3o da crian\u00e7a tamb\u00e9m est\u00e3o previstas as imuniza\u00e7\u00f5es contra doen\u00e7as como hepatite B, difteria, t\u00e9tano, meningite, pneumonia, febre-amarela, sarampo, caxumba, rub\u00e9ola, entre outras. Todas s\u00e3o fornecidas gratuitamente pelo Sistema \u00danico de Sa\u00fade (SUS).<\/p>\n\n\n\n<p>Al\u00e9m de monitorar a situa\u00e7\u00e3o vacinal, \u00e9 pela caderneta da crian\u00e7a que podemos acompanhar a sa\u00fade, o crescimento e o desenvolvimento f\u00edsico e mental durante a inf\u00e2ncia, e serve como um registro de sa\u00fade para os pequenos desde o nascimento at\u00e9 os 9 anos.<\/p>\n\n\n\n<p><strong><em><strong><em><strong><em><strong><em><strong><em><strong><em><strong><em><strong><em><strong>Siga nossas redes sociais no&nbsp;<a href=\"https:\/\/www.instagram.com\/ronipaparazzi\/\">Instagram&nbsp;<\/a>e&nbsp;<a href=\"https:\/\/www.facebook.com\/ronipaparazzicomvoce\">Facebook<\/a>&nbsp;participe da nossa comunidade do Canal Roni Paparazzi no Whatsapp e receba as principais not\u00edcias da regi\u00e3o de Ara\u00e7atuba do dia direto no seu celular.<\/strong>&nbsp;<a href=\"https:\/\/chat.whatsapp.com\/GsG1XKo0jPOEfjzudWQcml\" target=\"_blank\" rel=\"noreferrer noopener\">&nbsp;Clique aqui e se inscreva.<\/a><\/em><\/strong><\/em><\/strong><\/em><\/strong><\/em><\/strong><\/em><\/strong><\/em><\/strong><\/em><\/strong><\/em><\/strong><\/p>\n\n\n\n<p><a href=\"https:\/\/www.paparazzinews.com.br\/wp-admin\/post.php?post=12422&amp;action=edit\"><\/a><\/p>\n","protected":false},"excerpt":{"rendered":"<p>Nesta quinta-feira (17), Dia Nacional da Imuniza\u00e7\u00e3o, o Governo de S\u00e3o Paulo, por meio da Secretaria de Estado da Sa\u00fade (SES), lan\u00e7a a campanha \u201cVARcina\u201d. A iniciativa tem como objetivo incentivar a popula\u00e7\u00e3o a manter a caderneta de vacina\u00e7\u00e3o atualizada e esclarecer as d\u00favidas mais frequentes sobre vacinas, com base nas 100 perguntas mais pesquisadas &hellip;<\/p>\n","protected":false},"author":1,"featured_media":12426,"comment_status":"open","ping_status":"open","sticky":false,"template":"","format":"standard","meta":{"_jetpack_memberships_contains_paid_content":false,"footnotes":"","jetpack_publicize_message":"","jetpack_publicize_feature_enabled":true,"jetpack_social_post_already_shared":false,"jetpack_social_options":{"image_generator_settings":{"template":"highway","default_image_id":0,"enabled":false},"version":2}},"categories":[4],"tags":[],"class_list":["post-12425","post","type-post","status-publish","format-standard","has-post-thumbnail","hentry","category-regiao"],"jetpack_publicize_connections":[],"jetpack_featured_media_url":"https:\/\/i0.wp.com\/www.paparazzinews.com.br\/wp-content\/uploads\/2024\/10\/iStock-1668066413-930x620-1.jpg?fit=930%2C620&ssl=1","views":"1588","jetpack_likes_enabled":true,"jetpack_sharing_enabled":true,"_links":{"self":[{"href":"https:\/\/www.paparazzinews.com.br\/index.php?rest_route=\/wp\/v2\/posts\/12425","targetHints":{"allow":["GET"]}}],"collection":[{"href":"https:\/\/www.paparazzinews.com.br\/index.php?rest_route=\/wp\/v2\/posts"}],"about":[{"href":"https:\/\/www.paparazzinews.com.br\/index.php?rest_route=\/wp\/v2\/types\/post"}],"author":[{"embeddable":true,"href":"https:\/\/www.paparazzinews.com.br\/index.php?rest_route=\/wp\/v2\/users\/1"}],"replies":[{"embeddable":true,"href":"https:\/\/www.paparazzinews.com.br\/index.php?rest_route=%2Fwp%2Fv2%2Fcomments&post=12425"}],"version-history":[{"count":1,"href":"https:\/\/www.paparazzinews.com.br\/index.php?rest_route=\/wp\/v2\/posts\/12425\/revisions"}],"predecessor-version":[{"id":12427,"href":"https:\/\/www.paparazzinews.com.br\/index.php?rest_route=\/wp\/v2\/posts\/12425\/revisions\/12427"}],"wp:featuredmedia":[{"embeddable":true,"href":"https:\/\/www.paparazzinews.com.br\/index.php?rest_route=\/wp\/v2\/media\/12426"}],"wp:attachment":[{"href":"https:\/\/www.paparazzinews.com.br\/index.php?rest_route=%2Fwp%2Fv2%2Fmedia&parent=12425"}],"wp:term":[{"taxonomy":"category","embeddable":true,"href":"https:\/\/www.paparazzinews.com.br\/index.php?rest_route=%2Fwp%2Fv2%2Fcategories&post=12425"},{"taxonomy":"post_tag","embeddable":true,"href":"https:\/\/www.paparazzinews.com.br\/index.php?rest_route=%2Fwp%2Fv2%2Ftags&post=12425"}],"curies":[{"name":"wp","href":"https:\/\/api.w.org\/{rel}","templated":true}]}}