{"id":12419,"date":"2024-10-17T16:17:40","date_gmt":"2024-10-17T19:17:40","guid":{"rendered":"https:\/\/www.paparazzinews.com.br\/?p=12419"},"modified":"2024-10-17T16:17:41","modified_gmt":"2024-10-17T19:17:41","slug":"alerta-meteorologico-interior-de-sao-paulo-deve-ter-maior-volume-de-chuva-do-estado","status":"publish","type":"post","link":"https:\/\/www.paparazzinews.com.br\/?p=12419","title":{"rendered":"Alerta meteorol\u00f3gico: interior de S\u00e3o Paulo deve ter maior volume de chuva do estado"},"content":{"rendered":"\n<p>O Estado de S\u00e3o Paulo<a href=\"https:\/\/www.agenciasp.sp.gov.br\/defesa-civil-do-estado-alerta-para-chuvas-e-ventos-intensos-entre-sexta-e-domingo-em-sp\/\">\u00a0deve ter chuvas e ventos intensos entre sexta-feira (18) e domingo (20) em todas as regi\u00f5es<\/a>, alerta alerto meteorol\u00f3gico emitido nesta quarta-feira (16) pela Defesa Civil. A aten\u00e7\u00e3o especial \u00e9 para cidades do interior. Os maiores volumes pluviom\u00e9tricos s\u00e3o esperados para as regi\u00f5es da Serra da Mantiqueira, Campinas, Sorocaba, Ara\u00e7atuba, S\u00e3o Jos\u00e9 do Rio Preto, Bauru, Araraquara, Franca, Barretos e Ribeir\u00e3o Preto. De acordo com a Defesa Civil, os \u00edndices previstos s\u00e3o de 200 mil\u00edmetros para essas \u00e1reas. A informa\u00e7\u00e3o \u00e9 da Ag\u00eancia SP.<\/p>\n\n\n\n<p>Os grandes volumes de \u00e1gua v\u00eam acompanhados de rajadas de vento que podem chegar a mais 60 km\/h e granizo.<\/p>\n\n\n\n<p>A condi\u00e7\u00e3o meteorol\u00f3gica traz riscos de deslizamentos, desabamentos, alagamentos, inunda\u00e7\u00f5es e ocorr\u00eancias relacionadas a descargas el\u00e9tricas, vento forte e granizo.\u201c\u00c9 importante que as pessoas se atentem aos alertas e tenham a percep\u00e7\u00e3o de risco em caso de chuva e ventos fortes. Evite \u00e1reas abertas, encostas, tome cuidado com quedas de \u00e1rvores e busque abrigo e local seguro\u201d, afirma o Secret\u00e1rio-Chefe da Casa Militar e Coordenador Estadual de Prote\u00e7\u00e3o e Defesa Civil, coronel Henguel Ricardo Pereira.<\/p>\n\n\n\n<h2 class=\"wp-block-heading\">Previs\u00e3o de chuva em todo o Estado<\/h2>\n\n\n\n<p>Confira a previs\u00e3o para os acumulados de chuva por regi\u00e3o:<\/p>\n\n\n\n<ul class=\"wp-block-list\">\n<li>Regi\u00e3o Metropolitana: 95 mm<\/li>\n\n\n\n<li>Vale do Ribeira e Itapeva: 60 mm<\/li>\n\n\n\n<li>Presidente Prudente: 90 mm<\/li>\n\n\n\n<li>Baixada Santista e Vale do Para\u00edba: 100 mm<\/li>\n\n\n\n<li>Litoral Norte: 150 mm<\/li>\n\n\n\n<li>Ara\u00e7atuba, Bauru, Campinas, Franca, Barretos, Ribeir\u00e3o Preto, S\u00e3o Jos\u00e9 do Rio Preto, Sorocaba, Serra da Mantiqueira: 200 mm<\/li>\n<\/ul>\n\n\n\n<figure class=\"wp-block-image\"><img data-recalc-dims=\"1\" decoding=\"async\" src=\"https:\/\/i0.wp.com\/www.agenciasp.sp.gov.br\/wp-content\/uploads\/2024\/10\/Mapa-com-previsao-meteorologica-para-Sao-Paulo.png?w=708&#038;ssl=1\" alt=\"\" class=\"wp-image-25231\"\/><\/figure>\n\n\n\n<h2 class=\"wp-block-heading\">Apag\u00e3o na Regi\u00e3o Metropolitana de S\u00e3o Paulo<\/h2>\n\n\n\n<p>Uma chuva com fortes ventos causou mortes, derrubou \u00e1rvores e deixou boa parte da Regi\u00e3o Metropolitana de S\u00e3o Paulo sem fornecimento de energia el\u00e9trica na sexta-feira (11). O Tribunal de Contas da Uni\u00e3o (TCU) determinou nesta quarta-feira (16)&nbsp;<a href=\"https:\/\/www.agenciasp.sp.gov.br\/tcu-acolhe-pedido-do-governo-de-sp-e-prefeitos-e-determina-abertura-de-dados-da-enel\/\">medida cautelar solicitando que a empresa Enel d\u00ea acesso \u00e0s informa\u00e7\u00f5es de seu centro de controle operacional \u00e0 Ag\u00eancia Reguladora de Servi\u00e7os P\u00fablicos do Estado de S\u00e3o Paulo (Arsesp)<\/a>. A medida ocorre ap\u00f3s pedido feito pelo&nbsp;<a href=\"https:\/\/www.agenciasp.sp.gov.br\/em-carta-com-prefeitos-governo-de-sp-pede-que-tcu-cobre-intervencao-na-concessao-da-enel-por-orgaos-federais\/\">Governo de S\u00e3o Paulo em conjunto com outras 16 prefeituras da Regi\u00e3o Metropolitana de S\u00e3o Paulo<\/a>&nbsp;em reuni\u00e3o nesta ter\u00e7a-feira (15), no Pal\u00e1cio dos Bandeirantes.<\/p>\n\n\n\n<h2 class=\"wp-block-heading\">J\u00e1 se cadastrou para receber SMS sobre riscos de desastre?<\/h2>\n\n\n\n<p>A Defesa Civil de S\u00e3o Paulo envia mensagem (SMS) diretamente para os cidad\u00e3os. Qualquer pessoa pode se cadastrar, de forma gratuita, para receber alertas de risco de desastres naturais, por mensagens de texto (SMS) ou Whatsapp, em seu celular.<\/p>\n\n\n\n<p>Como funciona:<\/p>\n\n\n\n<p>Para receber alertas da Defesa Civil, envie um SMS com o CEP da regi\u00e3o para o n\u00famero 40199 ou cadastre-se no WhatsApp, iniciando uma intera\u00e7\u00e3o com o n\u00famero (61) 2034-4611.<\/p>\n\n\n\n<p><strong><em><strong><em><strong><em><strong><em><strong><em><strong><em><strong><em><strong><em><strong>Siga nossas redes sociais no\u00a0<a href=\"https:\/\/www.instagram.com\/ronipaparazzi\/\">Instagram\u00a0<\/a>e\u00a0<a href=\"https:\/\/www.facebook.com\/ronipaparazzicomvoce\">Facebook<\/a>\u00a0participe da nossa comunidade do Canal Roni Paparazzi no Whatsapp e receba as principais not\u00edcias da regi\u00e3o de Ara\u00e7atuba do dia direto no seu celular.<\/strong>\u00a0<a href=\"https:\/\/chat.whatsapp.com\/GsG1XKo0jPOEfjzudWQcml\" target=\"_blank\" rel=\"noreferrer noopener\">\u00a0Clique aqui e se inscreva.<\/a><\/em><\/strong><\/em><\/strong><\/em><\/strong><\/em><\/strong><\/em><\/strong><\/em><\/strong><\/em><\/strong><\/em><\/strong><\/p>\n","protected":false},"excerpt":{"rendered":"<p>O Estado de S\u00e3o Paulo\u00a0deve ter chuvas e ventos intensos entre sexta-feira (18) e domingo (20) em todas as regi\u00f5es, alerta alerto meteorol\u00f3gico emitido nesta quarta-feira (16) pela Defesa Civil. A aten\u00e7\u00e3o especial \u00e9 para cidades do interior. Os maiores volumes pluviom\u00e9tricos s\u00e3o esperados para as regi\u00f5es da Serra da Mantiqueira, Campinas, Sorocaba, Ara\u00e7atuba, S\u00e3o &hellip;<\/p>\n","protected":false},"author":1,"featured_media":12420,"comment_status":"open","ping_status":"open","sticky":false,"template":"","format":"standard","meta":{"_jetpack_memberships_contains_paid_content":false,"footnotes":"","jetpack_publicize_message":"","jetpack_publicize_feature_enabled":true,"jetpack_social_post_already_shared":false,"jetpack_social_options":{"image_generator_settings":{"template":"highway","default_image_id":0,"enabled":false},"version":2}},"categories":[4],"tags":[],"class_list":["post-12419","post","type-post","status-publish","format-standard","has-post-thumbnail","hentry","category-regiao"],"jetpack_publicize_connections":[],"jetpack_featured_media_url":"https:\/\/i0.wp.com\/www.paparazzinews.com.br\/wp-content\/uploads\/2024\/10\/defesa-ccivil-1536x1024-1.jpg?fit=1536%2C1024&ssl=1","views":"1851","jetpack_likes_enabled":true,"jetpack_sharing_enabled":true,"_links":{"self":[{"href":"https:\/\/www.paparazzinews.com.br\/index.php?rest_route=\/wp\/v2\/posts\/12419","targetHints":{"allow":["GET"]}}],"collection":[{"href":"https:\/\/www.paparazzinews.com.br\/index.php?rest_route=\/wp\/v2\/posts"}],"about":[{"href":"https:\/\/www.paparazzinews.com.br\/index.php?rest_route=\/wp\/v2\/types\/post"}],"author":[{"embeddable":true,"href":"https:\/\/www.paparazzinews.com.br\/index.php?rest_route=\/wp\/v2\/users\/1"}],"replies":[{"embeddable":true,"href":"https:\/\/www.paparazzinews.com.br\/index.php?rest_route=%2Fwp%2Fv2%2Fcomments&post=12419"}],"version-history":[{"count":1,"href":"https:\/\/www.paparazzinews.com.br\/index.php?rest_route=\/wp\/v2\/posts\/12419\/revisions"}],"predecessor-version":[{"id":12421,"href":"https:\/\/www.paparazzinews.com.br\/index.php?rest_route=\/wp\/v2\/posts\/12419\/revisions\/12421"}],"wp:featuredmedia":[{"embeddable":true,"href":"https:\/\/www.paparazzinews.com.br\/index.php?rest_route=\/wp\/v2\/media\/12420"}],"wp:attachment":[{"href":"https:\/\/www.paparazzinews.com.br\/index.php?rest_route=%2Fwp%2Fv2%2Fmedia&parent=12419"}],"wp:term":[{"taxonomy":"category","embeddable":true,"href":"https:\/\/www.paparazzinews.com.br\/index.php?rest_route=%2Fwp%2Fv2%2Fcategories&post=12419"},{"taxonomy":"post_tag","embeddable":true,"href":"https:\/\/www.paparazzinews.com.br\/index.php?rest_route=%2Fwp%2Fv2%2Ftags&post=12419"}],"curies":[{"name":"wp","href":"https:\/\/api.w.org\/{rel}","templated":true}]}}