{"id":12416,"date":"2024-10-17T16:16:15","date_gmt":"2024-10-17T19:16:15","guid":{"rendered":"https:\/\/www.paparazzinews.com.br\/?p=12416"},"modified":"2024-10-17T16:16:16","modified_gmt":"2024-10-17T19:16:16","slug":"defesa-civil-notifica-concessionarias-de-energia-de-sp-sobre-risco-meteorologico-e-cobra-plano-contra-as-chuvas","status":"publish","type":"post","link":"https:\/\/www.paparazzinews.com.br\/?p=12416","title":{"rendered":"Defesa Civil notifica concession\u00e1rias de energia de SP sobre risco meteorol\u00f3gico e cobra plano contra as chuvas"},"content":{"rendered":"\n<p>A Defesa Civil do Estado de S\u00e3o Paulo notificou as concession\u00e1rias de energia el\u00e9trica em opera\u00e7\u00e3o no estado\u00a0<a href=\"https:\/\/www.agenciasp.sp.gov.br\/defesa-civil-do-estado-alerta-para-chuvas-e-ventos-intensos-entre-sexta-e-domingo-em-sp\/\">sobre o risco meteorol\u00f3gico previsto para este final de semana<\/a>. O \u00f3rg\u00e3o tamb\u00e9m convocou as empresas para uma reuni\u00e3o, nesta quinta-feira (17), para discutir medidas preparat\u00f3rias para os eventos clim\u00e1ticos. A informa\u00e7\u00e3o \u00e9 da Ag\u00eancia SP.<\/p>\n\n\n\n<p>Em of\u00edcio, o secret\u00e1rio chefe da Casa Militar e coordenador da Defesa Civil, coronel Henguel Ricardo Pereira, solicitou que as empresas apresentem um plano de conting\u00eancia e uma s\u00e9rie de a\u00e7\u00f5es de mitiga\u00e7\u00e3o de poss\u00edveis danos e interrup\u00e7\u00f5es no fornecimento de energia, al\u00e9m de refor\u00e7ar as equipes de atendimento \u00e0 popula\u00e7\u00e3o.<\/p>\n\n\n\n<p>A Defesa Civil pede tamb\u00e9m melhoria da comunica\u00e7\u00e3o com o Governo de S\u00e3o Paulo. \u201cSolicitamos ainda que, durante a vig\u00eancia do Aviso de Risco, seja estabelecido um canal de comunica\u00e7\u00e3o direto entre a concession\u00e1ria e o Gabinete de Crise da Coordenadoria Estadual de Prote\u00e7\u00e3o e Defesa Civil, a fim de fornecer informa\u00e7\u00f5es detalhadas sobre as pessoas afetadas pela interrup\u00e7\u00e3o de energia el\u00e9trica\u201d, informa o of\u00edcio.<\/p>\n\n\n\n<p>A reuni\u00e3o com todas as concession\u00e1rias de energia em opera\u00e7\u00e3o no Estado est\u00e1 marcada para as 10h desta quinta-feira (17) no Pal\u00e1cio dos Bandeirantes. O objetivo \u00e9 apresentar uma an\u00e1lise detalhada do cen\u00e1rio e discutir a\u00e7\u00f5es para o enfrentamento do evento clim\u00e1tico.<\/p>\n\n\n\n<h2 class=\"wp-block-heading\">Chuva e vento forte no fim de semana<\/h2>\n\n\n\n<p>A Defesa Civil do Estado de S\u00e3o Paulo emitiu um alerta para pancadas de chuva e rajadas de vento entre sexta-feira (18) e domingo (20). O alerta \u00e9 devido \u00e0 passagem de uma frente fria, que trar\u00e1 precipita\u00e7\u00f5es significativas, acompanhadas de raios, rajadas de vento podendo chegar a mais de 60km\/h e poss\u00edveis quedas de granizo em pontos isolados.&nbsp;<a href=\"https:\/\/www.agenciasp.sp.gov.br\/aviso-meteorologico-interior-de-sao-paulo-deve-ter-maior-volume-de-chuva-do-estado\/\">O acumulado de chuvas no final de semana pode chegar a 200 mil\u00edmetros em diversas regi\u00f5es do Estado.<\/a><\/p>\n\n\n\n<figure class=\"wp-block-image\"><img data-recalc-dims=\"1\" decoding=\"async\" src=\"https:\/\/i0.wp.com\/www.agenciasp.sp.gov.br\/wp-content\/uploads\/2024\/10\/Mapa-com-previsao-meteorologica-para-Sao-Paulo.png?w=708\" alt=\"\" class=\"wp-image-25231\"\/><\/figure>\n\n\n\n<h2 class=\"wp-block-heading\">Atua\u00e7\u00e3o da Enel durante as chuvas<\/h2>\n\n\n\n<p><a href=\"https:\/\/www.agenciasp.sp.gov.br\/tcu-acolhe-pedido-do-governo-de-sp-e-prefeitos-e-determina-abertura-de-dados-da-enel\/\">O Tribunal de Contas da Uni\u00e3o (TCU) determinou nesta quarta-feira (16) medida cautelar solicitando que a Enel d\u00ea acesso \u00e0s informa\u00e7\u00f5es de seu centro de controle operacional<\/a>&nbsp;\u00e0 Ag\u00eancia Reguladora de Servi\u00e7os P\u00fablicos do Estado de S\u00e3o Paulo (Arsesp). A medida ocorre ap\u00f3s pedido feito pelo&nbsp;<a href=\"https:\/\/www.agenciasp.sp.gov.br\/em-carta-com-prefeitos-governo-de-sp-pede-que-tcu-cobre-intervencao-na-concessao-da-enel-por-orgaos-federais\/\">Governo de S\u00e3o Paulo em conjunto com outras 16 prefeituras da Regi\u00e3o Metropolitana de S\u00e3o Paulo em reuni\u00e3o nesta ter\u00e7a-feira (15), no Pal\u00e1cio dos Bandeirantes.<\/a><\/p>\n\n\n\n<p>Em carta entregue ao ministro da corte Augusto Nardes, a gest\u00e3o estadual solicitou, entre as medidas que elevariam a capacidade de fiscaliza\u00e7\u00e3o dos servi\u00e7os de energia el\u00e9trica, que as concession\u00e1rias dessem acesso aos dados em tempo real \u201cpara que os servi\u00e7os possam ser continuamente monitorados, e, especialmente, para que os eventos de crise possam ser acompanhados e fiscalizados\u201d.<\/p>\n\n\n\n<figure class=\"wp-block-image\"><img data-recalc-dims=\"1\" height=\"472\" width=\"708\" decoding=\"async\" src=\"https:\/\/i0.wp.com\/www.agenciasp.sp.gov.br\/wp-content\/uploads\/2023\/11\/WhatsApp-Image-2024-10-16-at-18.14.00-1024x682.jpeg?resize=708%2C472\" alt=\"\" class=\"wp-image-25248\"\/><figcaption class=\"wp-element-caption\">Governador Tarc\u00edsio de Freitas e o ministro do TCU Augusto Nardes. Foto: Vin\u00edcius Rosa\/Governo de SP<br><br><strong>J\u00e1 se cadastrou para receber SMS ou Whatsapp sobre riscos de desastre?<\/strong><br><br>A Defesa Civil de S\u00e3o Paulo envia mensagem (SMS) diretamente para os cidad\u00e3os. Qualquer pessoa pode se cadastrar, de forma gratuita, para receber alertas de risco de desastres naturais, por mensagens de texto (SMS) ou Whatsapp, em seu celular.<br><br><strong>Como funciona<\/strong><br><br>Para receber alertas da Defesa Civil, envie um SMS com o CEP da regi\u00e3o para o n\u00famero 40199 ou cadastre-se no WhatsApp, iniciando uma intera\u00e7\u00e3o com o n\u00famero (61) 2034-4611.<\/figcaption><\/figure>\n\n\n\n<p><strong><em><strong><em><strong><em><strong><em><strong><em><strong><em><strong><em><strong><em><strong>Siga nossas redes sociais no\u00a0<a href=\"https:\/\/www.instagram.com\/ronipaparazzi\/\">Instagram\u00a0<\/a>e\u00a0<a href=\"https:\/\/www.facebook.com\/ronipaparazzicomvoce\">Facebook<\/a>\u00a0participe da nossa comunidade do Canal Roni Paparazzi no Whatsapp e receba as principais not\u00edcias da regi\u00e3o de Ara\u00e7atuba do dia direto no seu celular.<\/strong>\u00a0<a href=\"https:\/\/chat.whatsapp.com\/GsG1XKo0jPOEfjzudWQcml\" target=\"_blank\" rel=\"noreferrer noopener\">\u00a0Clique aqui e se inscreva.<\/a><\/em><\/strong><\/em><\/strong><\/em><\/strong><\/em><\/strong><\/em><\/strong><\/em><\/strong><\/em><\/strong><\/em><\/strong><\/p>\n","protected":false},"excerpt":{"rendered":"<p>A Defesa Civil do Estado de S\u00e3o Paulo notificou as concession\u00e1rias de energia el\u00e9trica em opera\u00e7\u00e3o no estado\u00a0sobre o risco meteorol\u00f3gico previsto para este final de semana. O \u00f3rg\u00e3o tamb\u00e9m convocou as empresas para uma reuni\u00e3o, nesta quinta-feira (17), para discutir medidas preparat\u00f3rias para os eventos clim\u00e1ticos. A informa\u00e7\u00e3o \u00e9 da Ag\u00eancia SP. Em of\u00edcio, &hellip;<\/p>\n","protected":false},"author":1,"featured_media":12417,"comment_status":"open","ping_status":"open","sticky":false,"template":"","format":"standard","meta":{"_jetpack_memberships_contains_paid_content":false,"footnotes":"","jetpack_publicize_message":"","jetpack_publicize_feature_enabled":true,"jetpack_social_post_already_shared":false,"jetpack_social_options":{"image_generator_settings":{"template":"highway","default_image_id":0,"enabled":false},"version":2}},"categories":[4],"tags":[],"class_list":["post-12416","post","type-post","status-publish","format-standard","has-post-thumbnail","hentry","category-regiao"],"jetpack_publicize_connections":[],"jetpack_featured_media_url":"https:\/\/i0.wp.com\/www.paparazzinews.com.br\/wp-content\/uploads\/2024\/10\/WhatsApp-Image-2024-10-17-at-08.28.00-1536x1024-1.jpeg?fit=1536%2C1024&ssl=1","views":"1497","jetpack_likes_enabled":true,"jetpack_sharing_enabled":true,"_links":{"self":[{"href":"https:\/\/www.paparazzinews.com.br\/index.php?rest_route=\/wp\/v2\/posts\/12416","targetHints":{"allow":["GET"]}}],"collection":[{"href":"https:\/\/www.paparazzinews.com.br\/index.php?rest_route=\/wp\/v2\/posts"}],"about":[{"href":"https:\/\/www.paparazzinews.com.br\/index.php?rest_route=\/wp\/v2\/types\/post"}],"author":[{"embeddable":true,"href":"https:\/\/www.paparazzinews.com.br\/index.php?rest_route=\/wp\/v2\/users\/1"}],"replies":[{"embeddable":true,"href":"https:\/\/www.paparazzinews.com.br\/index.php?rest_route=%2Fwp%2Fv2%2Fcomments&post=12416"}],"version-history":[{"count":1,"href":"https:\/\/www.paparazzinews.com.br\/index.php?rest_route=\/wp\/v2\/posts\/12416\/revisions"}],"predecessor-version":[{"id":12418,"href":"https:\/\/www.paparazzinews.com.br\/index.php?rest_route=\/wp\/v2\/posts\/12416\/revisions\/12418"}],"wp:featuredmedia":[{"embeddable":true,"href":"https:\/\/www.paparazzinews.com.br\/index.php?rest_route=\/wp\/v2\/media\/12417"}],"wp:attachment":[{"href":"https:\/\/www.paparazzinews.com.br\/index.php?rest_route=%2Fwp%2Fv2%2Fmedia&parent=12416"}],"wp:term":[{"taxonomy":"category","embeddable":true,"href":"https:\/\/www.paparazzinews.com.br\/index.php?rest_route=%2Fwp%2Fv2%2Fcategories&post=12416"},{"taxonomy":"post_tag","embeddable":true,"href":"https:\/\/www.paparazzinews.com.br\/index.php?rest_route=%2Fwp%2Fv2%2Ftags&post=12416"}],"curies":[{"name":"wp","href":"https:\/\/api.w.org\/{rel}","templated":true}]}}