{"id":12413,"date":"2024-10-17T16:14:21","date_gmt":"2024-10-17T19:14:21","guid":{"rendered":"https:\/\/www.paparazzinews.com.br\/?p=12413"},"modified":"2024-10-17T16:14:22","modified_gmt":"2024-10-17T19:14:22","slug":"defesa-civil-de-sp-prepara-agentes-para-desastres-em-congresso-internacional","status":"publish","type":"post","link":"https:\/\/www.paparazzinews.com.br\/?p=12413","title":{"rendered":"Defesa Civil de SP prepara agentes para desastres em Congresso internacional"},"content":{"rendered":"\n<p>A Defesa Civil de S\u00e3o Paulo capacitou agentes do estado para\u00a0<a href=\"https:\/\/www.agenciasp.sp.gov.br\/defesa-civil-de-sp-capacita-outros-estados-para-resiliencia-climatica-e-combate-a-incendios\/\">preven\u00e7\u00e3o e resposta a desastres clim\u00e1ticos<\/a>. Durante o Congresso Internacional de Resili\u00eancia Clim\u00e1tica, ocorrido entre os dias 15 e 16 de outubro no Pal\u00e1cio dos Bandeirantes, convidados nacionais e internacionais compartilharam experi\u00eancias e fortaleceram a prepara\u00e7\u00e3o para os impactos das mudan\u00e7as clim\u00e1ticas. A informa\u00e7\u00e3o \u00e9 da Ag\u00eancia SP.<\/p>\n\n\n\n<p>Nas \u00faltimas semanas, S\u00e3o Paulo enfrentou os&nbsp;<a href=\"https:\/\/www.agenciasp.sp.gov.br\/entenda-como-o-governo-de-sp-vai-ajudar-municipios-no-enfrentamento-a-estiagem\/\">efeitos da seca<\/a>&nbsp;e dos&nbsp;<a href=\"https:\/\/www.agenciasp.sp.gov.br\/limpeza-de-margens-e-resfriamento-do-asfalto-sp-investe-r-65-milhoes-na-prevencao-de-incendios-na-beira-de-rodovias\/\">inc\u00eandios no interior<\/a>&nbsp;e dos temporais na capital. Os dois eventos extremos exigiram mobiliza\u00e7\u00e3o de agentes da Defesa Civil no atendimento a ocorr\u00eancias.<\/p>\n\n\n\n<p>\u201cMuita coisa j\u00e1 \u00e9 feita no estado de S\u00e3o Paulo, mas temos entendemos que os eventos extremos est\u00e3o cada vez mais recorrentes. A partir disso, trabalhamos com fortalecimento do sistema da Defesa Civil\u201d, diz o Coronel Henguel Ricardo Pereira, coordenador da Defesa Civil do Estado.<\/p>\n\n\n\n<p>O&nbsp;<a href=\"https:\/\/www.agenciasp.sp.gov.br\/defesa-civil-promove-1o-congresso-internacional-de-resiliencia-climatica-e-amplia-acoes-de-prevencao-a-desastres-no-estado\/\">1\u00ba Congresso Internacional de Resili\u00eancia Clim\u00e1tica<\/a>&nbsp;trouxe pain\u00e9is sobre temas diversos. Os participantes tiveram contato com estrat\u00e9gias para reconstru\u00e7\u00e3o ap\u00f3s desastres e comunica\u00e7\u00e3o em meio a eventos extremos. As palestras orientam sobre como garantir informa\u00e7\u00e3o e seguran\u00e7a \u00e0 popula\u00e7\u00e3o em meio a desastres, desenvolver treinamentos e garantir abastecimento de \u00e1gua e energia.<\/p>\n\n\n\n<figure class=\"wp-block-image\"><img data-recalc-dims=\"1\" height=\"473\" width=\"708\" decoding=\"async\" src=\"https:\/\/i0.wp.com\/www.agenciasp.sp.gov.br\/wp-content\/uploads\/2024\/10\/54069652580_448e63b598_k-1024x684.jpg?resize=708%2C473\" alt=\"\" class=\"wp-image-25106\"\/><figcaption class=\"wp-element-caption\">Agentes da Defesa Civil assistem a palestras sobre resili\u00eancia clim\u00e1tica. Foto: M\u00f4nica Andrade\/Governo do Estado de SP<\/figcaption><\/figure>\n\n\n\n<p>Al\u00e9m de ge\u00f3logos, meteorologistas e professores universit\u00e1rios, o evento trouxe chefes de for\u00e7as de seguran\u00e7a internacionais para trazer suas experi\u00eancias. Oficiais de Israel, por exemplo, revelaram t\u00e9cnicas usadas em seus territ\u00f3rios para reagir a desastres, sejam eles naturais ou n\u00e3o.<\/p>\n\n\n\n<p>\u201cO nosso objetivo \u00e9 reunir e trazer boas pr\u00e1ticas de outros estados e pa\u00edses para debater e, a partir da\u00ed, usar em boas pol\u00edticas p\u00fablicas aplicando a prote\u00e7\u00e3o \u00e0s pessoas\u201d, diz o Coronel Henguel .<\/p>\n\n\n\n<p><strong><em><strong><em><strong><em><strong><em><strong><em><strong><em><strong><em><strong><em><strong>Siga nossas redes sociais no\u00a0<a href=\"https:\/\/www.instagram.com\/ronipaparazzi\/\">Instagram\u00a0<\/a>e\u00a0<a href=\"https:\/\/www.facebook.com\/ronipaparazzicomvoce\">Facebook<\/a>\u00a0participe da nossa comunidade do Canal Roni Paparazzi no Whatsapp e receba as principais not\u00edcias da regi\u00e3o de Ara\u00e7atuba do dia direto no seu celular.<\/strong>\u00a0<a href=\"https:\/\/chat.whatsapp.com\/GsG1XKo0jPOEfjzudWQcml\" target=\"_blank\" rel=\"noreferrer noopener\">\u00a0Clique aqui e se inscreva.<\/a><\/em><\/strong><\/em><\/strong><\/em><\/strong><\/em><\/strong><\/em><\/strong><\/em><\/strong><\/em><\/strong><\/em><\/strong><\/p>\n","protected":false},"excerpt":{"rendered":"<p>A Defesa Civil de S\u00e3o Paulo capacitou agentes do estado para\u00a0preven\u00e7\u00e3o e resposta a desastres clim\u00e1ticos. Durante o Congresso Internacional de Resili\u00eancia Clim\u00e1tica, ocorrido entre os dias 15 e 16 de outubro no Pal\u00e1cio dos Bandeirantes, convidados nacionais e internacionais compartilharam experi\u00eancias e fortaleceram a prepara\u00e7\u00e3o para os impactos das mudan\u00e7as clim\u00e1ticas. A informa\u00e7\u00e3o \u00e9 &hellip;<\/p>\n","protected":false},"author":1,"featured_media":12414,"comment_status":"open","ping_status":"open","sticky":false,"template":"","format":"standard","meta":{"_jetpack_memberships_contains_paid_content":false,"footnotes":"","jetpack_publicize_message":"","jetpack_publicize_feature_enabled":true,"jetpack_social_post_already_shared":false,"jetpack_social_options":{"image_generator_settings":{"template":"highway","default_image_id":0,"enabled":false},"version":2}},"categories":[4],"tags":[],"class_list":["post-12413","post","type-post","status-publish","format-standard","has-post-thumbnail","hentry","category-regiao"],"jetpack_publicize_connections":[],"jetpack_featured_media_url":"https:\/\/i0.wp.com\/www.paparazzinews.com.br\/wp-content\/uploads\/2024\/10\/54069527264_88c949cb4c_k-1536x1025-1.jpg?fit=1536%2C1025&ssl=1","views":"1567","jetpack_likes_enabled":true,"jetpack_sharing_enabled":true,"_links":{"self":[{"href":"https:\/\/www.paparazzinews.com.br\/index.php?rest_route=\/wp\/v2\/posts\/12413","targetHints":{"allow":["GET"]}}],"collection":[{"href":"https:\/\/www.paparazzinews.com.br\/index.php?rest_route=\/wp\/v2\/posts"}],"about":[{"href":"https:\/\/www.paparazzinews.com.br\/index.php?rest_route=\/wp\/v2\/types\/post"}],"author":[{"embeddable":true,"href":"https:\/\/www.paparazzinews.com.br\/index.php?rest_route=\/wp\/v2\/users\/1"}],"replies":[{"embeddable":true,"href":"https:\/\/www.paparazzinews.com.br\/index.php?rest_route=%2Fwp%2Fv2%2Fcomments&post=12413"}],"version-history":[{"count":1,"href":"https:\/\/www.paparazzinews.com.br\/index.php?rest_route=\/wp\/v2\/posts\/12413\/revisions"}],"predecessor-version":[{"id":12415,"href":"https:\/\/www.paparazzinews.com.br\/index.php?rest_route=\/wp\/v2\/posts\/12413\/revisions\/12415"}],"wp:featuredmedia":[{"embeddable":true,"href":"https:\/\/www.paparazzinews.com.br\/index.php?rest_route=\/wp\/v2\/media\/12414"}],"wp:attachment":[{"href":"https:\/\/www.paparazzinews.com.br\/index.php?rest_route=%2Fwp%2Fv2%2Fmedia&parent=12413"}],"wp:term":[{"taxonomy":"category","embeddable":true,"href":"https:\/\/www.paparazzinews.com.br\/index.php?rest_route=%2Fwp%2Fv2%2Fcategories&post=12413"},{"taxonomy":"post_tag","embeddable":true,"href":"https:\/\/www.paparazzinews.com.br\/index.php?rest_route=%2Fwp%2Fv2%2Ftags&post=12413"}],"curies":[{"name":"wp","href":"https:\/\/api.w.org\/{rel}","templated":true}]}}