{"id":12404,"date":"2024-10-17T16:06:17","date_gmt":"2024-10-17T19:06:17","guid":{"rendered":"https:\/\/www.paparazzinews.com.br\/?p=12404"},"modified":"2024-10-17T16:06:18","modified_gmt":"2024-10-17T19:06:18","slug":"no-dia-mundial-do-pao-procon-sp-divulga-pesquisa-sobre-precos-e-informa-direitos-do-consumidor","status":"publish","type":"post","link":"https:\/\/www.paparazzinews.com.br\/?p=12404","title":{"rendered":"No Dia Mundial do P\u00e3o, Procon-SP divulga pesquisa sobre pre\u00e7os e informa direitos do consumidor"},"content":{"rendered":"\n<p>O Procon-SP fez uma pesquisa in\u00e9dita sobre pre\u00e7os de uma das prefer\u00eancias nacionais \u2013 o p\u00e3o. Os especialistas coletaram os dados de algumas variedades junto com outros produtos de padaria e combinados como caf\u00e9 (coado\/tradicional, expresso e com leite), misto quente, bauru e cappuccino, que s\u00e3o largamente consumidos nas padarias. A informa\u00e7\u00e3o \u00e9 da Ag\u00eancia SP.<\/p>\n\n\n\n<p>A iniciativa marca o Dia Mundial do P\u00e3o, comemorado em 16 de outubro, e tem o objetivo de oferecer aos consumidores do estado de S\u00e3o Paulo refer\u00eancias de pre\u00e7os para planejar os gastos e procurar alternativas. Al\u00e9m disso, os dados desta pesquisa poder\u00e3o ser utilizados em estudos e atividades de orienta\u00e7\u00e3o realizados pelos especialistas da Funda\u00e7\u00e3o Procon-SP.<\/p>\n\n\n\n<p>Os pre\u00e7os foram coletados em padarias das 5 regi\u00f5es da cidade de S\u00e3o Paulo (centro, norte, sul, leste e oeste) e em todas as oito cidades do interior e do litoral onde o Procon-SP possui escrit\u00f3rio regional (Bauru, Campinas, Presidente Prudente, Ribeir\u00e3o Preto, Santos, S\u00e3o Jos\u00e9 dos Campos, S\u00e3o Jos\u00e9 do Rio Preto e Sorocaba).<\/p>\n\n\n\n<h2 class=\"wp-block-heading\">Capital<\/h2>\n\n\n\n<p>Na cidade de S\u00e3o Paulo, onde a pesquisa foi realizada presencialmente entre os dias 25 e 26 de setembro, a maior diferen\u00e7a percentual foi no sonho pequeno, de 228,40%, tendo o pre\u00e7o m\u00e9dio na zona norte a R$ 8,21 e na zona leste a R$ 2,50. J\u00e1 a menor varia\u00e7\u00e3o ocorreu justamente com o p\u00e3o franc\u00eas, a 5,09%. Enquanto na zona leste \u00e9 poss\u00edvel comprar o quilo a R$ 22,00, no Centro paulistano ele \u00e9 adquirido a R$ 23,12.<\/p>\n\n\n\n<p>Entre os lanches dispon\u00edveis na capital, a maior diferen\u00e7a encontrada, de 23,10%, foi no p\u00e3o franc\u00eas integral na chapa com manteiga: na zona oeste o pre\u00e7o m\u00e9dio era de R$ 8,42 e, na leste, a R$ 6,84. J\u00e1 nas bebidas, como caf\u00e9s (incluindo o pingado), cappuccinos e suco de laranja, os valores diferiram em at\u00e9 78,75% no copo de caf\u00e9 coado tradicional. Na zona oeste, o pre\u00e7o m\u00e9dio era de R$ 8,58, enquanto no centro, de R$ 4,80.<\/p>\n\n\n\n<p>Na lista dos produtos mais consumidos no caf\u00e9 da manh\u00e3 tamb\u00e9m houve levantamento de valores de itens combinados, como bauru e suco de laranja ou o p\u00e3o de queijo acompanhado de um caf\u00e9. Das combina\u00e7\u00f5es, a varia\u00e7\u00e3o maior foi de 48,29% no p\u00e3o com manteiga na chapa junto de caf\u00e9 coado tradicional (copo): a zona oeste era de R$ 15,20 e, no centro, era comercializado a R$ 10,25.<\/p>\n\n\n\n<h2 class=\"wp-block-heading\">Pre\u00e7o m\u00e9dio<\/h2>\n\n\n\n<p>Ao todo, o Procon-SP pesquisou 108 padarias em nove munic\u00edpios do interior e do litoral, al\u00e9m de estabelecimentos na capital, entre 25 e 30 de setembro. Na cidade de S\u00e3o Paulo, a compara\u00e7\u00e3o foi feita entre os pre\u00e7os m\u00e9dios encontrados nas 50 padarias distribu\u00eddas igualmente pelas cinco regi\u00f5es da cidade (centro, norte, sul, leste e oeste).<\/p>\n\n\n\n<p>Ou seja, para cada regi\u00e3o, o pre\u00e7o m\u00e9dio foi formado com o valor levantado nos 10 estabelecimentos visitados e depois consolidados para encontrar o pre\u00e7o m\u00e9dio geral da cidade. J\u00e1 no levantamento feito nos munic\u00edpios do interior e litoral, foram comparados os pre\u00e7os praticados por cada uma das padarias visitadas para se chegar ao pre\u00e7o m\u00e9dio.<\/p>\n\n\n\n<h2 class=\"wp-block-heading\">Compara\u00e7\u00e3o com outras cidades<\/h2>\n\n\n\n<p>Em compara\u00e7\u00e3o com a capital (R$ 22,54), o tradicional p\u00e3o franc\u00eas na cidade de Bauru, por exemplo, \u00e9 8,74% mais barato. Ali\u00e1s, ele \u00e9 um pouco acima da m\u00e9dia entre as cidades consultadas pelo interior e litoral paulista (R$ 20,44).<\/p>\n\n\n\n<p>Tamb\u00e9m a t\u00edtulo de compara\u00e7\u00e3o, enquanto na capital o caf\u00e9 expresso pequeno e o p\u00e3o na chapa com manteiga custam cerca de R$ 7,32 e R$ 6,19, respectivamente, nos demais munic\u00edpios elencados as m\u00e9dias s\u00e3o, respectivamente, de R$ 6,20 e R$ 5,97.<\/p>\n\n\n\n<p>Entre outros itens do levantamento, a unidade do sonho \u00e9 o alimento com a maior varia\u00e7\u00e3o de pre\u00e7os, seja na capital (228,4%), seja no interior, como em Sorocaba (400%) e em S\u00e3o Jos\u00e9 dos Campos (364,29%).<\/p>\n\n\n\n<p>Ao mesmo tempo, um misto quente com caf\u00e9 expresso pequeno pode ser comercializado de R$ 11,00 a R$ 30,89 em Ribeir\u00e3o Preto (diferen\u00e7a de 180,82%). A mesma combina\u00e7\u00e3o tem valores bem aproximados em Campinas: entre R$ 24,00 e R$ 27,80 (15,83%).<\/p>\n\n\n\n<h2 class=\"wp-block-heading\">Direitos do consumidor<\/h2>\n\n\n\n<p>Os consumidores devem ficar atentos a alguns direitos ao consumir em padarias. Veja abaixo:<\/p>\n\n\n\n<ul class=\"wp-block-list\">\n<li>O p\u00e3o franc\u00eas deve ser vendido por quilo.<\/li>\n\n\n\n<li>Os pre\u00e7os dos produtos devem estar afixados de forma clara e de f\u00e1cil visualiza\u00e7\u00e3o e os itens fabricados e embalados pelo estabelecimento (tortas, bolos, salgados etc.) devem ter informa\u00e7\u00f5es sobre data de validade, peso, ingredientes e se cont\u00eam gl\u00faten e alerg\u00eanicos.<\/li>\n\n\n\n<li>O comerciante n\u00e3o pode determinar peso m\u00ednimo para a venda de frios, e balas e chicletes n\u00e3o podem ser usados como troco.<\/li>\n\n\n\n<li>Com rela\u00e7\u00e3o ao pagamento, \u00e9 importante que o consumidor saiba que os estabelecimentos podem diferenciar os pre\u00e7os em fun\u00e7\u00e3o da forma de pagamento utilizada, oferecendo descontos para, por exemplo, modalidades como dinheiro ou PIX.<\/li>\n\n\n\n<li>Os estabelecimentos n\u00e3o s\u00e3o obrigados a aceitar vale-refei\u00e7\u00e3o; no entanto, se houver adesivos ou outra forma de comunica\u00e7\u00e3o sugerindo sua aceita\u00e7\u00e3o, n\u00e3o poder\u00e1 ser recusado.<\/li>\n\n\n\n<li>Al\u00e9m disso, para aceitar vale-refei\u00e7\u00e3o, o estabelecimento n\u00e3o pode condicionar ao valor consumido nem restringir seu uso a determinado dia, data ou hor\u00e1rio.<\/li>\n<\/ul>\n\n\n\n<p><strong><em><strong><em><strong><em><strong><em><strong><em><strong><em><strong><em><strong><em><strong>Siga nossas redes sociais no\u00a0<a href=\"https:\/\/www.instagram.com\/ronipaparazzi\/\">Instagram\u00a0<\/a>e\u00a0<a href=\"https:\/\/www.facebook.com\/ronipaparazzicomvoce\">Facebook<\/a>\u00a0participe da nossa comunidade do Canal Roni Paparazzi no Whatsapp e receba as principais not\u00edcias da regi\u00e3o de Ara\u00e7atuba do dia direto no seu celular.<\/strong>\u00a0<a href=\"https:\/\/chat.whatsapp.com\/GsG1XKo0jPOEfjzudWQcml\" target=\"_blank\" rel=\"noreferrer noopener\">\u00a0Clique aqui e se inscreva.<\/a><\/em><\/strong><\/em><\/strong><\/em><\/strong><\/em><\/strong><\/em><\/strong><\/em><\/strong><\/em><\/strong><\/em><\/strong><\/p>\n","protected":false},"excerpt":{"rendered":"<p>O Procon-SP fez uma pesquisa in\u00e9dita sobre pre\u00e7os de uma das prefer\u00eancias nacionais \u2013 o p\u00e3o. Os especialistas coletaram os dados de algumas variedades junto com outros produtos de padaria e combinados como caf\u00e9 (coado\/tradicional, expresso e com leite), misto quente, bauru e cappuccino, que s\u00e3o largamente consumidos nas padarias. A informa\u00e7\u00e3o \u00e9 da Ag\u00eancia &hellip;<\/p>\n","protected":false},"author":1,"featured_media":12405,"comment_status":"open","ping_status":"open","sticky":false,"template":"","format":"standard","meta":{"_jetpack_memberships_contains_paid_content":false,"footnotes":"","jetpack_publicize_message":"","jetpack_publicize_feature_enabled":true,"jetpack_social_post_already_shared":false,"jetpack_social_options":{"image_generator_settings":{"template":"highway","default_image_id":0,"enabled":false},"version":2}},"categories":[4],"tags":[],"class_list":["post-12404","post","type-post","status-publish","format-standard","has-post-thumbnail","hentry","category-regiao"],"jetpack_publicize_connections":[],"jetpack_featured_media_url":"https:\/\/i0.wp.com\/www.paparazzinews.com.br\/wp-content\/uploads\/2024\/10\/53662441129_01e7eee679_k-1536x1024-1.jpg?fit=1536%2C1024&ssl=1","views":"1523","jetpack_likes_enabled":true,"jetpack_sharing_enabled":true,"_links":{"self":[{"href":"https:\/\/www.paparazzinews.com.br\/index.php?rest_route=\/wp\/v2\/posts\/12404","targetHints":{"allow":["GET"]}}],"collection":[{"href":"https:\/\/www.paparazzinews.com.br\/index.php?rest_route=\/wp\/v2\/posts"}],"about":[{"href":"https:\/\/www.paparazzinews.com.br\/index.php?rest_route=\/wp\/v2\/types\/post"}],"author":[{"embeddable":true,"href":"https:\/\/www.paparazzinews.com.br\/index.php?rest_route=\/wp\/v2\/users\/1"}],"replies":[{"embeddable":true,"href":"https:\/\/www.paparazzinews.com.br\/index.php?rest_route=%2Fwp%2Fv2%2Fcomments&post=12404"}],"version-history":[{"count":1,"href":"https:\/\/www.paparazzinews.com.br\/index.php?rest_route=\/wp\/v2\/posts\/12404\/revisions"}],"predecessor-version":[{"id":12406,"href":"https:\/\/www.paparazzinews.com.br\/index.php?rest_route=\/wp\/v2\/posts\/12404\/revisions\/12406"}],"wp:featuredmedia":[{"embeddable":true,"href":"https:\/\/www.paparazzinews.com.br\/index.php?rest_route=\/wp\/v2\/media\/12405"}],"wp:attachment":[{"href":"https:\/\/www.paparazzinews.com.br\/index.php?rest_route=%2Fwp%2Fv2%2Fmedia&parent=12404"}],"wp:term":[{"taxonomy":"category","embeddable":true,"href":"https:\/\/www.paparazzinews.com.br\/index.php?rest_route=%2Fwp%2Fv2%2Fcategories&post=12404"},{"taxonomy":"post_tag","embeddable":true,"href":"https:\/\/www.paparazzinews.com.br\/index.php?rest_route=%2Fwp%2Fv2%2Ftags&post=12404"}],"curies":[{"name":"wp","href":"https:\/\/api.w.org\/{rel}","templated":true}]}}