{"id":12371,"date":"2024-10-15T15:59:11","date_gmt":"2024-10-15T18:59:11","guid":{"rendered":"https:\/\/www.paparazzinews.com.br\/?p=12371"},"modified":"2024-10-15T15:59:12","modified_gmt":"2024-10-15T18:59:12","slug":"sp-promove-mostra-de-cinema-para-83-cidades-participantes-do-programa-municipio-verde-azul-ilha-solteira-esta-na-lista","status":"publish","type":"post","link":"https:\/\/www.paparazzinews.com.br\/?p=12371","title":{"rendered":"SP promove mostra de cinema para 83 cidades participantes do Programa Munic\u00edpio Verde Azul, Ilha Solteira est\u00e1 na lista"},"content":{"rendered":"\n<p>A\u00a0Secretaria de Meio Ambiente, Infraestrutura e Log\u00edstica do Estado de S\u00e3o Paulo (Semil)\u00a0levar\u00e1 nesta quarta-feira (16) a \u201cMostra Ecofalante de Cinema Ambiental\u201d para 83 cidades participantes do Programa Munic\u00edpio Verde Azul. O filme a ser exibido \u00e9 \u201cSolo F\u00e9rtil\u201d, com a brasileira Gisele B\u00fcndchen e os atores americanos Woody Harrelson e Patr\u00edcia Arquette. Al\u00e9m da exibi\u00e7\u00e3o da pel\u00edcula, haver\u00e1 um debate sobre o tema. A informa\u00e7\u00e3o \u00e9 da Ag\u00eancia SP.<\/p>\n\n\n\n<p>Lan\u00e7ado em 2007, o programa tem o prop\u00f3sito de medir e apoiar a efici\u00eancia da gest\u00e3o ambiental, com a descentraliza\u00e7\u00e3o e valoriza\u00e7\u00e3o da agenda ambiental nos munic\u00edpios. Dessa forma, ajudar as prefeituras paulistas na elabora\u00e7\u00e3o e execu\u00e7\u00e3o de pol\u00edticas p\u00fablicas estrat\u00e9gicas para o desenvolvimento sustent\u00e1vel do estado.<\/p>\n\n\n\n<p>O evento \u00e9 em comemora\u00e7\u00e3o ao Dia da Alimenta\u00e7\u00e3o, por isso, a escolha pelo filme \u201cSolo F\u00e9rtil\u201d, seguido de palestras e um debate. A entrada \u00e9 gratuita e aberta ao p\u00fablico, incentivando todos que se interessam por quest\u00f5es ambientais. Na capital, a exibi\u00e7\u00e3o e o debate ser\u00e3o no audit\u00f3rio Augusto Ruschi, na sede da&nbsp;Semil. A organiza\u00e7\u00e3o da \u201cMostra Ecofalante de Cinema Ambiental\u201d \u00e9 da Coordenadoria de Educa\u00e7\u00e3o Ambiental da secretaria.<\/p>\n\n\n\n<p>Os filmes da mostra de cinema s\u00e3o exibidos semestralmente desde 2016. Nesta edi\u00e7\u00e3o, a transmiss\u00e3o nos munic\u00edpios do Programa Munic\u00edpio Verde Azul amplia o debate e aumenta o n\u00famero de telespectadores. Na abordagem, temas relevantes como conserva\u00e7\u00e3o do solo, mudan\u00e7as clim\u00e1ticas, emerg\u00eancia clim\u00e1tica, ativismo, agricultura regenerativa, agroflorestal e alimentos org\u00e2nicos. Quem participar\u00e1 das palestras e debates pela Semil ser\u00e3o v\u00e1rios especialistas de institui\u00e7\u00f5es renomadas, entre elas o Instituto de Pesquisas Ambientais (IPA).<\/p>\n\n\n\n<p>A recomenda\u00e7\u00e3o \u00e9 que os munic\u00edpios&nbsp;realizem uma palestra seguida de debate ap\u00f3s a exibi\u00e7\u00e3o do filme, com convidados locais. Alternativamente, o debate realizado na Semil ser\u00e1 transmitido ao vivo pelo Portal de Educa\u00e7\u00e3o Ambiental da Coordenadoria de Educa\u00e7\u00e3o Ambiental.<\/p>\n\n\n\n<p>\u201cA Mostra Ecofalante \u00e9 uma oportunidade \u00fanica para ampliarmos a discuss\u00e3o sobre a sustentabilidade e a conserva\u00e7\u00e3o do meio ambiente. Ao levar o cinema ambiental para mais munic\u00edpios, buscamos inspirar a\u00e7\u00f5es concretas no estado\u201d, destaca&nbsp;J\u00f4natas Trindade, subsecret\u00e1rio de Meio Ambiente da Semil.<\/p>\n\n\n\n<h2 class=\"wp-block-heading\"><strong>Sobre o Filme \u201cSolo F\u00e9rtil\u201d<\/strong><\/h2>\n\n\n\n<p>O filme exibido nessa edi\u00e7\u00e3o ser\u00e1 \u201cSolo F\u00e9rtil\u201d, com narra\u00e7\u00e3o do ator e ativista ambiental Woody Harrelson. No elenco est\u00e3o estrelas como a brasileira&nbsp;Gisele B\u00fcndchen, Patr\u00edcia Arquette, Tom Brady, entre outras. O filme re\u00fane agricultores, cientistas e pol\u00edticos em busca de um modelo sustent\u00e1vel que visa equilibrar o clima, reabastecer os recursos h\u00eddricos e alimentar a popula\u00e7\u00e3o mundial. O destaque \u00e9 a import\u00e2ncia da utiliza\u00e7\u00e3o consciente do solo. A obra prop\u00f5e um novo paradigma, em contraste com a realidade da extra\u00e7\u00e3o e descarte, alertando sobre a finitude dos recursos e apresentando alternativas para a reutiliza\u00e7\u00e3o programada.<\/p>\n\n\n\n<h2 class=\"wp-block-heading\"><strong>Confira a lista das cidades participantes<\/strong><\/h2>\n\n\n\n<ul class=\"wp-block-list\">\n<li>\u00c1guas de S\u00e3o Pedro<\/li>\n\n\n\n<li>Americana<\/li>\n\n\n\n<li>Angatuba<\/li>\n\n\n\n<li>Arape\u00ed<\/li>\n\n\n\n<li>Ara\u00e7ariguama<\/li>\n\n\n\n<li>Araraquara<\/li>\n\n\n\n<li>Aruj\u00e1<\/li>\n\n\n\n<li>Barretos<\/li>\n\n\n\n<li>Bauru<\/li>\n\n\n\n<li>Bernardino de Campos<\/li>\n\n\n\n<li>Boituva<\/li>\n\n\n\n<li>Botucatu<\/li>\n\n\n\n<li>Bragan\u00e7a Paulista<\/li>\n\n\n\n<li>Campo Limpo Paulista<\/li>\n\n\n\n<li>Campos Novos Paulista<\/li>\n\n\n\n<li>Cap\u00e3o Bonito<\/li>\n\n\n\n<li>Caraguatatuba<\/li>\n\n\n\n<li>Catanduva<\/li>\n\n\n\n<li>Dois C\u00f3rregos<\/li>\n\n\n\n<li>Est\u00e2ncia Tur\u00edstica de Avar\u00e9<\/li>\n\n\n\n<li>Fernand\u00f3polis<\/li>\n\n\n\n<li>Fern\u00e3o<\/li>\n\n\n\n<li>Flora Rica<\/li>\n\n\n\n<li>Floreal<\/li>\n\n\n\n<li>Gast\u00e3o Vidigal<\/li>\n\n\n\n<li>Guaraci<\/li>\n\n\n\n<li>Igara\u00e7u do Tiet\u00ea<\/li>\n\n\n\n<li>Ilha Solteira<\/li>\n\n\n\n<li>In\u00fabia Paulista<\/li>\n\n\n\n<li>Ipaussu<\/li>\n\n\n\n<li>Itaber\u00e1<\/li>\n\n\n\n<li>Itanha\u00e9m<\/li>\n\n\n\n<li>Itapecerica da Serra<\/li>\n\n\n\n<li>Itaquaquecetuba<\/li>\n\n\n\n<li>Itapetininga<\/li>\n\n\n\n<li>Itirapina<\/li>\n\n\n\n<li>Itupeva<\/li>\n\n\n\n<li>Igarat\u00e1<\/li>\n\n\n\n<li>Jacare\u00ed<\/li>\n\n\n\n<li>Limeira<\/li>\n\n\n\n<li>Lins<\/li>\n\n\n\n<li>Lourdes<\/li>\n\n\n\n<li>Macaubal<\/li>\n\n\n\n<li>Mairipor\u00e3<\/li>\n\n\n\n<li>Marab\u00e1 Paulista<\/li>\n\n\n\n<li>Marin\u00f3polis<\/li>\n\n\n\n<li>Mendon\u00e7a<\/li>\n\n\n\n<li>Mogi Mirim<\/li>\n\n\n\n<li>Mon\u00e7\u00f5es<\/li>\n\n\n\n<li>Monte Alto<\/li>\n\n\n\n<li>Monteiro Lobato<\/li>\n\n\n\n<li>Mongagu\u00e1<\/li>\n\n\n\n<li>Nipo\u00e3<\/li>\n\n\n\n<li>Nova Luzit\u00e2nia<\/li>\n\n\n\n<li>Osasco<\/li>\n\n\n\n<li>Osvaldo Cruz<\/li>\n\n\n\n<li>Pacaembu<\/li>\n\n\n\n<li>Paraibuna<\/li>\n\n\n\n<li>Parapu\u00e3<\/li>\n\n\n\n<li>Piracaia<\/li>\n\n\n\n<li>Piraju<\/li>\n\n\n\n<li>Piquerobi<\/li>\n\n\n\n<li>Pindamonhangaba<\/li>\n\n\n\n<li>Pongai<\/li>\n\n\n\n<li>Praia Grande<\/li>\n\n\n\n<li>Presidente Bernardes<\/li>\n\n\n\n<li>Presidente Prudente<\/li>\n\n\n\n<li>Rancharia<\/li>\n\n\n\n<li>Reden\u00e7\u00e3o da Serra<\/li>\n\n\n\n<li>Ribeir\u00e3o Pires<\/li>\n\n\n\n<li>Registro<\/li>\n\n\n\n<li>Riversul<\/li>\n\n\n\n<li>Santa F\u00e9 do Sul<\/li>\n\n\n\n<li>Santa L\u00facia<\/li>\n\n\n\n<li>Santo Andr\u00e9<\/li>\n\n\n\n<li>Santo Ant\u00f4nio do Aracangu\u00e1<\/li>\n\n\n\n<li>S\u00e3o Manuel<\/li>\n\n\n\n<li>S\u00e3o Paulo<\/li>\n\n\n\n<li>S\u00e3o Sim\u00e3o<\/li>\n\n\n\n<li>Sorocaba<\/li>\n\n\n\n<li>Uchoa<\/li>\n\n\n\n<li>Valinhos<\/li>\n\n\n\n<li>Vinhedo<\/li>\n<\/ul>\n\n\n\n<h2 class=\"wp-block-heading\"><strong>Exibi\u00e7\u00e3o do filme \u201cSolo F\u00e9rtil\u201d em comemora\u00e7\u00e3o ao Dia da Alimenta\u00e7\u00e3o<\/strong><\/h2>\n\n\n\n<ul class=\"wp-block-list\">\n<li><strong>Local:<\/strong>\u00a0Secretaria de Meio Ambiente, Infraestrutura e Log\u00edstica do Estado de S\u00e3o Paulo<\/li>\n\n\n\n<li><strong>Endere\u00e7o:<\/strong>\u00a0Av. Prof. Frederico Hermann J\u00fanior, 345, Alto de Pinheiros \u2013 S\u00e3o Paulo\/SP<\/li>\n\n\n\n<li><strong>Hor\u00e1rio:<\/strong>\u00a09h \u2013 Filme \/ 10h30 \u2013 Palestras e debate<\/li>\n\n\n\n<li><strong>Para mais informa\u00e7\u00f5es, acesse:<\/strong>\u00a0<a href=\"https:\/\/semil.sp.gov.br\/educacaoambiental\/prateleira-ambiental\/debate-mostra-ecofalante-filme-solo-fertil\/\">Link<\/a><\/li>\n<\/ul>\n\n\n\n<p><strong><em><strong><em><strong><em><strong><em><strong><em><strong><em><strong><em><strong><em><strong>Siga nossas redes sociais no\u00a0<a href=\"https:\/\/www.instagram.com\/ronipaparazzi\/\">Instagram\u00a0<\/a>e\u00a0<a href=\"https:\/\/www.facebook.com\/ronipaparazzicomvoce\">Facebook<\/a>\u00a0participe da nossa comunidade do Canal Roni Paparazzi no Whatsapp e receba as principais not\u00edcias da regi\u00e3o de Ara\u00e7atuba do dia direto no seu celular.<\/strong>\u00a0<a href=\"https:\/\/chat.whatsapp.com\/GsG1XKo0jPOEfjzudWQcml\" target=\"_blank\" rel=\"noreferrer noopener\">\u00a0Clique aqui e se inscreva.<\/a><\/em><\/strong><\/em><\/strong><\/em><\/strong><\/em><\/strong><\/em><\/strong><\/em><\/strong><\/em><\/strong><\/em><\/strong><\/p>\n","protected":false},"excerpt":{"rendered":"<p>A\u00a0Secretaria de Meio Ambiente, Infraestrutura e Log\u00edstica do Estado de S\u00e3o Paulo (Semil)\u00a0levar\u00e1 nesta quarta-feira (16) a \u201cMostra Ecofalante de Cinema Ambiental\u201d para 83 cidades participantes do Programa Munic\u00edpio Verde Azul. O filme a ser exibido \u00e9 \u201cSolo F\u00e9rtil\u201d, com a brasileira Gisele B\u00fcndchen e os atores americanos Woody Harrelson e Patr\u00edcia Arquette. Al\u00e9m da &hellip;<\/p>\n","protected":false},"author":1,"featured_media":12372,"comment_status":"open","ping_status":"open","sticky":false,"template":"","format":"standard","meta":{"_jetpack_memberships_contains_paid_content":false,"footnotes":"","jetpack_publicize_message":"","jetpack_publicize_feature_enabled":true,"jetpack_social_post_already_shared":false,"jetpack_social_options":{"image_generator_settings":{"template":"highway","default_image_id":0,"enabled":false},"version":2}},"categories":[4],"tags":[],"class_list":["post-12371","post","type-post","status-publish","format-standard","has-post-thumbnail","hentry","category-regiao"],"jetpack_publicize_connections":[],"jetpack_featured_media_url":"https:\/\/i0.wp.com\/www.paparazzinews.com.br\/wp-content\/uploads\/2024\/10\/Cinema.jpeg?fit=1024%2C682&ssl=1","views":"1581","jetpack_likes_enabled":true,"jetpack_sharing_enabled":true,"_links":{"self":[{"href":"https:\/\/www.paparazzinews.com.br\/index.php?rest_route=\/wp\/v2\/posts\/12371","targetHints":{"allow":["GET"]}}],"collection":[{"href":"https:\/\/www.paparazzinews.com.br\/index.php?rest_route=\/wp\/v2\/posts"}],"about":[{"href":"https:\/\/www.paparazzinews.com.br\/index.php?rest_route=\/wp\/v2\/types\/post"}],"author":[{"embeddable":true,"href":"https:\/\/www.paparazzinews.com.br\/index.php?rest_route=\/wp\/v2\/users\/1"}],"replies":[{"embeddable":true,"href":"https:\/\/www.paparazzinews.com.br\/index.php?rest_route=%2Fwp%2Fv2%2Fcomments&post=12371"}],"version-history":[{"count":1,"href":"https:\/\/www.paparazzinews.com.br\/index.php?rest_route=\/wp\/v2\/posts\/12371\/revisions"}],"predecessor-version":[{"id":12373,"href":"https:\/\/www.paparazzinews.com.br\/index.php?rest_route=\/wp\/v2\/posts\/12371\/revisions\/12373"}],"wp:featuredmedia":[{"embeddable":true,"href":"https:\/\/www.paparazzinews.com.br\/index.php?rest_route=\/wp\/v2\/media\/12372"}],"wp:attachment":[{"href":"https:\/\/www.paparazzinews.com.br\/index.php?rest_route=%2Fwp%2Fv2%2Fmedia&parent=12371"}],"wp:term":[{"taxonomy":"category","embeddable":true,"href":"https:\/\/www.paparazzinews.com.br\/index.php?rest_route=%2Fwp%2Fv2%2Fcategories&post=12371"},{"taxonomy":"post_tag","embeddable":true,"href":"https:\/\/www.paparazzinews.com.br\/index.php?rest_route=%2Fwp%2Fv2%2Ftags&post=12371"}],"curies":[{"name":"wp","href":"https:\/\/api.w.org\/{rel}","templated":true}]}}