{"id":12355,"date":"2024-10-15T15:45:05","date_gmt":"2024-10-15T18:45:05","guid":{"rendered":"https:\/\/www.paparazzinews.com.br\/?p=12355"},"modified":"2024-10-15T15:45:06","modified_gmt":"2024-10-15T18:45:06","slug":"no-dia-do-professor-veja-oportunidades-de-qualificacao-do-governo-de-sp","status":"publish","type":"post","link":"https:\/\/www.paparazzinews.com.br\/?p=12355","title":{"rendered":"No Dia do Professor, veja oportunidades de qualifica\u00e7\u00e3o do Governo de SP"},"content":{"rendered":"\n<p>No Dia do Professor, comemorado nesta ter\u00e7a-feira (15), a Secretaria de Desenvolvimento Econ\u00f4mico (SDE), por meio do Programa Qualifica SP, destaca as oportunidades em qualifica\u00e7\u00e3o profissional gratuita dispon\u00edveis e celebra o papel transformador dos educadores nas diversas modalidades de capacita\u00e7\u00e3o do programa. Mais de 200 mil vagas para quem busca entrar ou retornar ao mercado de trabalho j\u00e1 foram oferecidas.\u00a0A informa\u00e7\u00e3o \u00e9 da Ag\u00eancia SP.<\/p>\n\n\n\n<p>Guilherme Moraes foi um dos participantes dos programas da pasta. Ele iniciou a trajet\u00f3ria nos cursos de Marketing Digital e Gest\u00e3o de Pequeno Neg\u00f3cio, oferecidos pela SDE, e hoje leciona o curso de Marketing Digital do Qualifica SP \u2013 Meu Primeiro Emprego, na Escola T\u00e9cnica Estadual (Etec) Uirapuru, localizada na zona oeste da capital.&nbsp;<\/p>\n\n\n\n<p>\u201cA forma\u00e7\u00e3o que recebi foi crucial para meu desenvolvimento profissional. Agora, tenho a satisfa\u00e7\u00e3o de contribuir para a capacita\u00e7\u00e3o de novos alunos, compartilhando o conhecimento que adquiri, ajudando-os a trilhar seus pr\u00f3prios caminhos de sucesso\u201d, conta Guilherme, que tamb\u00e9m \u00e9 propriet\u00e1rio de uma ag\u00eancia de marketing.<\/p>\n\n\n\n<h2 class=\"wp-block-heading\">Unidades m\u00f3veis<\/h2>\n\n\n\n<p>Al\u00e9m das aulas presenciais em unidades de institui\u00e7\u00f5es parceiras, o programa possui diversas unidades m\u00f3veis de ensino que percorrem todo o estado com equipamentos especializados para cada tipo de qualifica\u00e7\u00e3o.&nbsp;<\/p>\n\n\n\n<p>Com toda bagagem que adquiriu na sua carreira de quatro d\u00e9cadas no mercado automotivo, Agnaldo Doratiotto, 55 anos, de Caieiras, resolveu ensinar e se tornou professor da unidade m\u00f3vel de ensino de manuten\u00e7\u00e3o automotiva. \u201cTudo que conquistei foi por ter tido grandes mestres. Ent\u00e3o, senti a necessidade de que era o momento de transmitir o conhecimento e experi\u00eancias adquiridas a cada dia para me dedicar na forma\u00e7\u00e3o de outros\u201d, conta.<\/p>\n\n\n\n<p>LEIA TAMB\u00c9M:&nbsp;<a href=\"https:\/\/www.agenciasp.sp.gov.br\/qualifica-sp-empreenda-oferece-curso-gratuito-para-empreendedores-em-sao-paulo-e-ribeirao-preto\/\">Qualifica SP \u2013 Empreenda: inscri\u00e7\u00f5es para curso gratuito encerram no dia 18<\/a><\/p>\n\n\n\n<p>Agnaldo j\u00e1 viajou para mais de 10 cidades para dar aula e afirma que a forma\u00e7\u00e3o abre portas para que os alunos possam atuar em grandes montadoras de ve\u00edculos. \u201cO setor automotivo \u00e9 um mercado em franco crescimento. O diferencial desse curso \u00e9 que o aluno desenvolve a parte pr\u00e1tica junto da te\u00f3rica no mesmo local\u201d, explica.<\/p>\n\n\n\n<h2 class=\"wp-block-heading\">Cursos remotos<\/h2>\n\n\n\n<p>Moradora de Sorocaba, M\u00f4nica de Souza, de 40 anos, descobriu a paix\u00e3o pela doc\u00eancia h\u00e1 cerca de quatro anos ap\u00f3s sofrer uma fraude digital. \u201cMe senti totalmente desamparada e resolvi aprender sobre seguran\u00e7a digital. Ap\u00f3s o curso percebi que aprender n\u00e3o era o suficiente, eu precisava ensinar para que isso n\u00e3o acontecesse com outras pessoas\u201d, declara.<\/p>\n\n\n\n<p>Hoje, M\u00f4nica leciona a segunda oferta do curso Google Cloud do Qualifica SP para quatro turmas online. \u201cTer acesso a um conte\u00fado gratuito e de qualidade sobre big techs \u00e9 uma \u00f3tima oportunidade para os alunos aplicarem as ferramentas diretamente no mercado de trabalho.\u201d<\/p>\n\n\n\n<p>Outro destaque \u00e9 Luciana Tofanelli, 50 anos, professora h\u00e1 cinco anos e que atualmente d\u00e1 aula no curso remoto de assistente administrativo do Qualifica SP \u2013 Novo Emprego. Foi com o incentivo de professores de um curso livre que decidiu seguir na profiss\u00e3o. \u201cEu tive aula com dois professores excelentes que me motivaram dizendo que eu seria capaz de assumir salas de aulas e c\u00e1 estou\u201d.&nbsp;<\/p>\n\n\n\n<p>LEIA TAMB\u00c9M:&nbsp;<a href=\"https:\/\/www.agenciasp.sp.gov.br\/governo-de-sp-abre-15-mil-vagas-para-curso-gratuito-de-computacao-em-nuvem-da-microsoft\/\">Governo de SP abre 1,5 mil vagas para curso gratuito de computa\u00e7\u00e3o em nuvem da Microsoft<\/a><\/p>\n\n\n\n<p>Ela relata que \u00e9 muito gratificante quando recebe a not\u00edcia de que um aluno foi aprovado em algum processo seletivo. \u201cComo professora, tenho a oportunidade de compartilhar todo o meu conhecimento dentro do mercado de trabalho e busco transmitir aos alunos um treinamento al\u00e9m do conte\u00fado do curso, como postura profissional, valores \u00e9ticos e o preparo da intelig\u00eancia emocional, aflorando tamb\u00e9m ideias empreendedoras.\u201d<\/p>\n\n\n\n<h2 class=\"wp-block-heading\">Inscri\u00e7\u00f5es abertas para o Qualifica SP<\/h2>\n\n\n\n<p>O&nbsp;<a href=\"https:\/\/www.agenciasp.sp.gov.br\/governo-de-sp-abre-15-mil-vagas-para-curso-gratuito-de-computacao-em-nuvem-da-microsoft\/\">Qualifica SP \u2013 Novo Emprego est\u00e1 com inscri\u00e7\u00f5es abertas at\u00e9 o dia 30 de outubro<\/a>&nbsp;para 1,5 mil vagas no curso gratuito sobre computa\u00e7\u00e3o em nuvem, em parceria com a Microsoft e a Funda\u00e7\u00e3o Apoio \u00e0 Tecnologia (FAT).<\/p>\n\n\n\n<p>Al\u00e9m disso, nas unidades m\u00f3veis h\u00e1 180 vagas para os cursos Comandos Hidr\u00e1ulicos e Pneum\u00e1ticos, na regi\u00e3o de Ara\u00e7atuba,&nbsp;Corte e Costura, na regi\u00e3o de Presidente Prudente, Instala\u00e7\u00e3o e Manuten\u00e7\u00e3o de Equipamentos de Refrigera\u00e7\u00e3o e Climatiza\u00e7\u00e3o, na regi\u00e3o de S\u00e3o Jos\u00e9 do Rio Preto. As inscri\u00e7\u00f5es encerram entre outubro e novembro.<\/p>\n\n\n\n<p>O Qualifica SP \u2013 Empreenda est\u00e1 com&nbsp;<a href=\"https:\/\/www.agenciasp.sp.gov.br\/qualifica-sp-empreenda-oferece-curso-gratuito-para-empreendedores-em-sao-paulo-e-ribeirao-preto\/\">135 vagas dispon\u00edveis para o curso presencial de Alta Performance do seu Neg\u00f3cio<\/a>, sendo 70 para S\u00e3o Paulo e 65 para Ribeir\u00e3o Preto. Na sexta-feira (18), termina o prazo de inscri\u00e7\u00e3o.<\/p>\n\n\n\n<p>Para se inscrever, os interessados devem acessar o site&nbsp;<a href=\"https:\/\/www.qualificasp.sp.gov.br\/\">www.qualificasp.sp.gov.br.<\/a><\/p>\n\n\n\n<p><strong><em><strong><em><strong><em><strong><em><strong><em><strong><em><strong><em><strong><em><strong>Siga nossas redes sociais no&nbsp;<a href=\"https:\/\/www.instagram.com\/ronipaparazzi\/\">Instagram&nbsp;<\/a>e&nbsp;<a href=\"https:\/\/www.facebook.com\/ronipaparazzicomvoce\">Facebook<\/a>&nbsp;participe da nossa comunidade do Canal Roni Paparazzi no Whatsapp e receba as principais not\u00edcias da regi\u00e3o de Ara\u00e7atuba do dia direto no seu celular.<\/strong>&nbsp;<a href=\"https:\/\/chat.whatsapp.com\/GsG1XKo0jPOEfjzudWQcml\" target=\"_blank\" rel=\"noreferrer noopener\">&nbsp;Clique aqui e se inscreva.<\/a><\/em><\/strong><\/em><\/strong><\/em><\/strong><\/em><\/strong><\/em><\/strong><\/em><\/strong><\/em><\/strong><\/em><\/strong><\/p>\n","protected":false},"excerpt":{"rendered":"<p>No Dia do Professor, comemorado nesta ter\u00e7a-feira (15), a Secretaria de Desenvolvimento Econ\u00f4mico (SDE), por meio do Programa Qualifica SP, destaca as oportunidades em qualifica\u00e7\u00e3o profissional gratuita dispon\u00edveis e celebra o papel transformador dos educadores nas diversas modalidades de capacita\u00e7\u00e3o do programa. Mais de 200 mil vagas para quem busca entrar ou retornar ao mercado &hellip;<\/p>\n","protected":false},"author":1,"featured_media":12360,"comment_status":"open","ping_status":"open","sticky":false,"template":"","format":"standard","meta":{"_jetpack_memberships_contains_paid_content":false,"footnotes":"","jetpack_publicize_message":"","jetpack_publicize_feature_enabled":true,"jetpack_social_post_already_shared":false,"jetpack_social_options":{"image_generator_settings":{"template":"highway","default_image_id":0,"enabled":false},"version":2}},"categories":[4],"tags":[],"class_list":["post-12355","post","type-post","status-publish","format-standard","has-post-thumbnail","hentry","category-regiao"],"jetpack_publicize_connections":[],"jetpack_featured_media_url":"https:\/\/i0.wp.com\/www.paparazzinews.com.br\/wp-content\/uploads\/2024\/10\/53350642371_ec317e3201_c.jpg?fit=799%2C533&ssl=1","views":"1541","jetpack_likes_enabled":true,"jetpack_sharing_enabled":true,"_links":{"self":[{"href":"https:\/\/www.paparazzinews.com.br\/index.php?rest_route=\/wp\/v2\/posts\/12355","targetHints":{"allow":["GET"]}}],"collection":[{"href":"https:\/\/www.paparazzinews.com.br\/index.php?rest_route=\/wp\/v2\/posts"}],"about":[{"href":"https:\/\/www.paparazzinews.com.br\/index.php?rest_route=\/wp\/v2\/types\/post"}],"author":[{"embeddable":true,"href":"https:\/\/www.paparazzinews.com.br\/index.php?rest_route=\/wp\/v2\/users\/1"}],"replies":[{"embeddable":true,"href":"https:\/\/www.paparazzinews.com.br\/index.php?rest_route=%2Fwp%2Fv2%2Fcomments&post=12355"}],"version-history":[{"count":1,"href":"https:\/\/www.paparazzinews.com.br\/index.php?rest_route=\/wp\/v2\/posts\/12355\/revisions"}],"predecessor-version":[{"id":12361,"href":"https:\/\/www.paparazzinews.com.br\/index.php?rest_route=\/wp\/v2\/posts\/12355\/revisions\/12361"}],"wp:featuredmedia":[{"embeddable":true,"href":"https:\/\/www.paparazzinews.com.br\/index.php?rest_route=\/wp\/v2\/media\/12360"}],"wp:attachment":[{"href":"https:\/\/www.paparazzinews.com.br\/index.php?rest_route=%2Fwp%2Fv2%2Fmedia&parent=12355"}],"wp:term":[{"taxonomy":"category","embeddable":true,"href":"https:\/\/www.paparazzinews.com.br\/index.php?rest_route=%2Fwp%2Fv2%2Fcategories&post=12355"},{"taxonomy":"post_tag","embeddable":true,"href":"https:\/\/www.paparazzinews.com.br\/index.php?rest_route=%2Fwp%2Fv2%2Ftags&post=12355"}],"curies":[{"name":"wp","href":"https:\/\/api.w.org\/{rel}","templated":true}]}}