{"id":12293,"date":"2024-10-10T18:19:03","date_gmt":"2024-10-10T21:19:03","guid":{"rendered":"https:\/\/www.paparazzinews.com.br\/?p=12293"},"modified":"2024-10-10T18:19:04","modified_gmt":"2024-10-10T21:19:04","slug":"9-radares-de-transito-em-tres-lagoas-comecarao-a-multar-motoristas-veja-locais","status":"publish","type":"post","link":"https:\/\/www.paparazzinews.com.br\/?p=12293","title":{"rendered":"9 radares de Tr\u00e2nsito em Tr\u00eas Lagoas come\u00e7ar\u00e3o a multar motoristas, veja locais"},"content":{"rendered":"\n<p>A Prefeitura de Tr\u00eas Lagoas, em parceria com o Departamento Estadual de Tr\u00e2nsito de Mato Grosso do Sul (Detran MS), anunciou que a partir do dia 16 de outubro, os radares instalados em diversos pontos estrat\u00e9gicos da cidade come\u00e7ar\u00e3o a emitir multas para motoristas que excederem os limites de velocidade.&nbsp;<strong>At\u00e9 o dia 15 de outubro, os equipamentos estar\u00e3o em fase educativa, sem gerar penalidades.<\/strong><\/p>\n\n\n\n<p>A medida, coordenada pela Secretaria Municipal Geral (SEG) e a Secretaria Municipal de Infraestrutura, Transporte e Tr\u00e2nsito (SEINTRA), tem como objetivo principal aumentar a seguran\u00e7a nas vias e reduzir o n\u00famero de acidentes causados por imprud\u00eancia.&nbsp;<strong>\u201cO respeito aos limites de velocidade \u00e9 essencial para a seguran\u00e7a de todos. Pedimos a colabora\u00e7\u00e3o dos motoristas para que sigam as regras e evitem multas\u201d,<\/strong>&nbsp;destacou a prefeitura em comunicado.<\/p>\n\n\n\n<p>Os radares est\u00e3o instalados em pontos considerados cr\u00edticos para a fluidez e seguran\u00e7a do tr\u00e2nsito.&nbsp;<strong>Confira os locais onde os equipamentos j\u00e1 est\u00e3o operando:<\/strong><\/p>\n\n\n\n<ul class=\"wp-block-list\">\n<li>Av. Cust\u00f3dio Andrews, pr\u00f3ximo ao Est\u00e1dio da ADEN<\/li>\n\n\n\n<li>Av. Ros\u00e1rio Congro, na baixada do Jardim Alvorada, pr\u00f3ximo ao Detran<\/li>\n\n\n\n<li>Rua Maria Guilhermina Esteves, pr\u00f3ximo \u00e0 Banda Marcial<\/li>\n\n\n\n<li>Av. Elviro M\u00e1rio Mancini, pr\u00f3ximo ao n\u00famero 1685<\/li>\n\n\n\n<li>Av. Elviro M\u00e1rio Mancini, pr\u00f3ximo ao F\u00f3rum<\/li>\n\n\n\n<li>Av. Aldair Rosa de Oliveira (Circular da Lagoa Maior), pr\u00f3ximo \u00e0 Delegacia da PRF<\/li>\n\n\n\n<li>Av. Olinto Mancini, junto \u00e0 Cl\u00ednica da Mulher<\/li>\n\n\n\n<li>Rua Eg\u00eddio Thom\u00e9, pr\u00f3ximo ao Jupi\u00e1<\/li>\n\n\n\n<li>Av. Jamil Jorge Salom\u00e3o, perto do Balne\u00e1rio<\/li>\n<\/ul>\n\n\n\n<p>Com a efetiva\u00e7\u00e3o da fiscaliza\u00e7\u00e3o, os condutores que ultrapassarem os limites de velocidade estabelecidos nas vias ser\u00e3o autuados, e as multas seguir\u00e3o os valores definidos pela legisla\u00e7\u00e3o de tr\u00e2nsito.&nbsp;<strong>A prefeitura refor\u00e7a que o foco da a\u00e7\u00e3o \u00e9 preservar vidas e melhorar a conviv\u00eancia nas ruas da cidade.<\/strong><a href=\"https:\/\/www.facebook.com\/sharer.php?u=https:\/\/fatosms.net\/destaque-2\/radares-de-transito-em-tres-lagoas-comecarao-a-multar-motoristas-a-partir-de-16-de-outubro\/\" target=\"_blank\" rel=\"noreferrer noopener\"><\/a><\/p>\n\n\n\n<p><strong><em><strong><em><strong><em><strong><em><strong><em><strong><em><strong><em><strong><em><strong>Siga nossas redes sociais no\u00a0<a href=\"https:\/\/www.instagram.com\/ronipaparazzi\/\">Instagram\u00a0<\/a>e\u00a0<a href=\"https:\/\/www.facebook.com\/ronipaparazzicomvoce\">Facebook<\/a>\u00a0participe da nossa comunidade do Canal Roni Paparazzi no Whatsapp e receba as principais not\u00edcias da regi\u00e3o de Ara\u00e7atuba do dia direto no seu celular.<\/strong>\u00a0<a href=\"https:\/\/chat.whatsapp.com\/GsG1XKo0jPOEfjzudWQcml\" target=\"_blank\" rel=\"noreferrer noopener\">\u00a0Clique aqui e se inscreva.<\/a><\/em><\/strong><\/em><\/strong><\/em><\/strong><\/em><\/strong><\/em><\/strong><\/em><\/strong><\/em><\/strong><\/em><\/strong><\/p>\n","protected":false},"excerpt":{"rendered":"<p>A Prefeitura de Tr\u00eas Lagoas, em parceria com o Departamento Estadual de Tr\u00e2nsito de Mato Grosso do Sul (Detran MS), anunciou que a partir do dia 16 de outubro, os radares instalados em diversos pontos estrat\u00e9gicos da cidade come\u00e7ar\u00e3o a emitir multas para motoristas que excederem os limites de velocidade.&nbsp;At\u00e9 o dia 15 de outubro, &hellip;<\/p>\n","protected":false},"author":1,"featured_media":12294,"comment_status":"open","ping_status":"open","sticky":false,"template":"","format":"standard","meta":{"_jetpack_memberships_contains_paid_content":false,"footnotes":"","jetpack_publicize_message":"","jetpack_publicize_feature_enabled":true,"jetpack_social_post_already_shared":false,"jetpack_social_options":{"image_generator_settings":{"template":"highway","default_image_id":0,"enabled":false},"version":2}},"categories":[4],"tags":[],"class_list":["post-12293","post","type-post","status-publish","format-standard","has-post-thumbnail","hentry","category-regiao"],"jetpack_publicize_connections":[],"jetpack_featured_media_url":"https:\/\/i0.wp.com\/www.paparazzinews.com.br\/wp-content\/uploads\/2024\/10\/radares-de-velocidade-do-detran-comecam-a-operar-oficialmente-no-dia-16-de-outubro.jpg?fit=900%2C600&ssl=1","views":"1713","jetpack_likes_enabled":true,"jetpack_sharing_enabled":true,"_links":{"self":[{"href":"https:\/\/www.paparazzinews.com.br\/index.php?rest_route=\/wp\/v2\/posts\/12293","targetHints":{"allow":["GET"]}}],"collection":[{"href":"https:\/\/www.paparazzinews.com.br\/index.php?rest_route=\/wp\/v2\/posts"}],"about":[{"href":"https:\/\/www.paparazzinews.com.br\/index.php?rest_route=\/wp\/v2\/types\/post"}],"author":[{"embeddable":true,"href":"https:\/\/www.paparazzinews.com.br\/index.php?rest_route=\/wp\/v2\/users\/1"}],"replies":[{"embeddable":true,"href":"https:\/\/www.paparazzinews.com.br\/index.php?rest_route=%2Fwp%2Fv2%2Fcomments&post=12293"}],"version-history":[{"count":1,"href":"https:\/\/www.paparazzinews.com.br\/index.php?rest_route=\/wp\/v2\/posts\/12293\/revisions"}],"predecessor-version":[{"id":12295,"href":"https:\/\/www.paparazzinews.com.br\/index.php?rest_route=\/wp\/v2\/posts\/12293\/revisions\/12295"}],"wp:featuredmedia":[{"embeddable":true,"href":"https:\/\/www.paparazzinews.com.br\/index.php?rest_route=\/wp\/v2\/media\/12294"}],"wp:attachment":[{"href":"https:\/\/www.paparazzinews.com.br\/index.php?rest_route=%2Fwp%2Fv2%2Fmedia&parent=12293"}],"wp:term":[{"taxonomy":"category","embeddable":true,"href":"https:\/\/www.paparazzinews.com.br\/index.php?rest_route=%2Fwp%2Fv2%2Fcategories&post=12293"},{"taxonomy":"post_tag","embeddable":true,"href":"https:\/\/www.paparazzinews.com.br\/index.php?rest_route=%2Fwp%2Fv2%2Ftags&post=12293"}],"curies":[{"name":"wp","href":"https:\/\/api.w.org\/{rel}","templated":true}]}}