{"id":12242,"date":"2024-10-10T13:19:39","date_gmt":"2024-10-10T16:19:39","guid":{"rendered":"https:\/\/www.paparazzinews.com.br\/?p=12242"},"modified":"2024-10-10T13:19:40","modified_gmt":"2024-10-10T16:19:40","slug":"governo-de-sp-abre-inscricoes-para-novo-curso-basico-de-libras","status":"publish","type":"post","link":"https:\/\/www.paparazzinews.com.br\/?p=12242","title":{"rendered":"Governo de SP abre inscri\u00e7\u00f5es para novo Curso B\u00e1sico de Libras"},"content":{"rendered":"\n<p>A Secretaria de Estado dos Direitos da Pessoa com Defici\u00eancia (SEDPcD) abriu nesta quinta-feira (10) as inscri\u00e7\u00f5es para o novo Curso B\u00e1sico de Libras on-line e gratuito. Ser\u00e3o 1.120 vagas distribu\u00eddas em tr\u00eas turmas: \u00e0s segundas, quartas e sextas-feiras; \u00e0s ter\u00e7as e quintas-feiras; e aos s\u00e1bados. As aulas s\u00e3o ministradas por professores surdos. A informa\u00e7\u00e3o \u00e9 da Ag\u00eancia SP.<\/p>\n\n\n\n<p>O conte\u00fado program\u00e1tico contempla os seguintes temas: O que \u00e9 libras; Identidade surda; Cultura surda; Comunica\u00e7\u00e3o: surdo x ouvinte; Regionalismos na libras; Sistema de nota\u00e7\u00e3o da libras; Alfabeto manual; Sinais pessoais; Cumprimentos\/sauda\u00e7\u00f5es; Condi\u00e7\u00f5es clim\u00e1ticas; Adv\u00e9rbios de tempo e calend\u00e1rio; Singular e plural; Animais; Express\u00f5es faciais; Materiais escolares e de escrit\u00f3rio; Pronomes pessoais, possessivos, demonstrativos e interrogativos; N\u00fameros: cardinais e quantidades; Dias da semana; Fam\u00edlia; Sentimentos; Horas\/dura\u00e7\u00e3o; Ambientes da resid\u00eancia; Localidades; Dire\u00e7\u00e3o\/perspectiva; Meios de transporte; Profiss\u00f5es; Documentos; Verbos; Configura\u00e7\u00f5es de m\u00e3o.<\/p>\n\n\n\n<p>O curso tem o total de 40 horas, divididas em 30 horas ao vivo pela plataforma Zoom, e 10 horas de atividades extras. \u00c9 necess\u00e1rio o uso de c\u00e2mera durante as aulas. Para obter o certificado de participa\u00e7\u00e3o, \u00e9 preciso ter frequ\u00eancia m\u00ednima de 75% das aulas ao vivo e atingir m\u00e9dia final 5,0 ou superior.<\/p>\n\n\n\n<p>Os cursos de Libras acontecem mensalmente e t\u00eam vagas limitadas. O p\u00fablico em geral, a partir dos 18 anos, pode se inscrever. A iniciativa tem o objetivo de ensinar Libras a pessoas sem defici\u00eancia auditiva para que estejam habilitadas a se comunicar com as mais de 592 mil pessoas surdas no estado de S\u00e3o Paulo, de acordo com estimativa do Observat\u00f3rio dos Direitos da Pessoa com Defici\u00eancia.<\/p>\n\n\n\n<h2 class=\"wp-block-heading\"><strong>Servi\u00e7o<\/strong><\/h2>\n\n\n\n<p><strong>Inscri\u00e7\u00f5es para o Curso de Libras B\u00e1sico de outubro<\/strong><br>Formul\u00e1rios de inscri\u00e7\u00e3o por turma ser\u00e3o abertos ao p\u00fablico em 10 de outubro, \u00e0s 10h no&nbsp;<a href=\"http:\/\/pessoacomdeficiencia.sp.gov.br\/\">site da Secretaria<\/a>.<\/p>\n\n\n\n<p><strong><em><strong><em><strong><em><strong><em><strong><em><strong><em><strong><em><strong><em><strong>Siga nossas redes sociais no\u00a0<a href=\"https:\/\/www.instagram.com\/ronipaparazzi\/\">Instagram\u00a0<\/a>e\u00a0<a href=\"https:\/\/www.facebook.com\/ronipaparazzicomvoce\">Facebook<\/a>\u00a0participe da nossa comunidade do Canal Roni Paparazzi no Whatsapp e receba as principais not\u00edcias da regi\u00e3o de Ara\u00e7atuba do dia direto no seu celular.<\/strong>\u00a0<a href=\"https:\/\/chat.whatsapp.com\/GsG1XKo0jPOEfjzudWQcml\" target=\"_blank\" rel=\"noreferrer noopener\">\u00a0Clique aqui e se inscreva.<\/a><\/em><\/strong><\/em><\/strong><\/em><\/strong><\/em><\/strong><\/em><\/strong><\/em><\/strong><\/em><\/strong><\/em><\/strong><\/p>\n","protected":false},"excerpt":{"rendered":"<p>A Secretaria de Estado dos Direitos da Pessoa com Defici\u00eancia (SEDPcD) abriu nesta quinta-feira (10) as inscri\u00e7\u00f5es para o novo Curso B\u00e1sico de Libras on-line e gratuito. Ser\u00e3o 1.120 vagas distribu\u00eddas em tr\u00eas turmas: \u00e0s segundas, quartas e sextas-feiras; \u00e0s ter\u00e7as e quintas-feiras; e aos s\u00e1bados. As aulas s\u00e3o ministradas por professores surdos. A informa\u00e7\u00e3o &hellip;<\/p>\n","protected":false},"author":1,"featured_media":12243,"comment_status":"open","ping_status":"open","sticky":false,"template":"","format":"standard","meta":{"_jetpack_memberships_contains_paid_content":false,"footnotes":"","jetpack_publicize_message":"","jetpack_publicize_feature_enabled":true,"jetpack_social_post_already_shared":false,"jetpack_social_options":{"image_generator_settings":{"template":"highway","default_image_id":0,"enabled":false},"version":2}},"categories":[4],"tags":[],"class_list":["post-12242","post","type-post","status-publish","format-standard","has-post-thumbnail","hentry","category-regiao"],"jetpack_publicize_connections":[],"jetpack_featured_media_url":"https:\/\/i0.wp.com\/www.paparazzinews.com.br\/wp-content\/uploads\/2024\/10\/libras-e1728567372279.jpeg?fit=768%2C481&ssl=1","views":"1600","jetpack_likes_enabled":true,"jetpack_sharing_enabled":true,"_links":{"self":[{"href":"https:\/\/www.paparazzinews.com.br\/index.php?rest_route=\/wp\/v2\/posts\/12242","targetHints":{"allow":["GET"]}}],"collection":[{"href":"https:\/\/www.paparazzinews.com.br\/index.php?rest_route=\/wp\/v2\/posts"}],"about":[{"href":"https:\/\/www.paparazzinews.com.br\/index.php?rest_route=\/wp\/v2\/types\/post"}],"author":[{"embeddable":true,"href":"https:\/\/www.paparazzinews.com.br\/index.php?rest_route=\/wp\/v2\/users\/1"}],"replies":[{"embeddable":true,"href":"https:\/\/www.paparazzinews.com.br\/index.php?rest_route=%2Fwp%2Fv2%2Fcomments&post=12242"}],"version-history":[{"count":1,"href":"https:\/\/www.paparazzinews.com.br\/index.php?rest_route=\/wp\/v2\/posts\/12242\/revisions"}],"predecessor-version":[{"id":12244,"href":"https:\/\/www.paparazzinews.com.br\/index.php?rest_route=\/wp\/v2\/posts\/12242\/revisions\/12244"}],"wp:featuredmedia":[{"embeddable":true,"href":"https:\/\/www.paparazzinews.com.br\/index.php?rest_route=\/wp\/v2\/media\/12243"}],"wp:attachment":[{"href":"https:\/\/www.paparazzinews.com.br\/index.php?rest_route=%2Fwp%2Fv2%2Fmedia&parent=12242"}],"wp:term":[{"taxonomy":"category","embeddable":true,"href":"https:\/\/www.paparazzinews.com.br\/index.php?rest_route=%2Fwp%2Fv2%2Fcategories&post=12242"},{"taxonomy":"post_tag","embeddable":true,"href":"https:\/\/www.paparazzinews.com.br\/index.php?rest_route=%2Fwp%2Fv2%2Ftags&post=12242"}],"curies":[{"name":"wp","href":"https:\/\/api.w.org\/{rel}","templated":true}]}}