{"id":12224,"date":"2024-10-09T18:38:55","date_gmt":"2024-10-09T21:38:55","guid":{"rendered":"https:\/\/www.paparazzinews.com.br\/?p=12224"},"modified":"2024-10-09T18:38:56","modified_gmt":"2024-10-09T21:38:56","slug":"pm-prende-homem-que-provocou-ondas-de-crimes-de-roubo-e-furto-em-andradina","status":"publish","type":"post","link":"https:\/\/www.paparazzinews.com.br\/?p=12224","title":{"rendered":"PM prende homem que provocou ondas de crimes de roubo e furto em Andradina"},"content":{"rendered":"\n<p>Nesta quarta-feira, 09 de outubro de 2024, uma s\u00e9rie de crimes foi registrada na \u00e1rea central de Andradina, um suspeito foi detido ap\u00f3s uma sequ\u00eancia de furtos e uma tentativa de roubo em diversos estabelecimentos comerciais.<\/p>\n\n\n\n<p>O indiv\u00edduo foi abordado pela pol\u00edcia portando uma faca de cozinha e uma sacola contendo diversos itens furtados, incluindo bonecas, uma manta de viagem, um desodorante e um secador de cabelo.<\/p>\n\n\n\n<p>Investiga\u00e7\u00f5es revelaram que o suspeito havia furtado itens de uma livraria e de uma loja no terminal rodovi\u00e1rio. Tamb\u00e9m houve uma tentativa de furto de chocolates em uma padaria pr\u00f3xima \u00e0 rodovi\u00e1ria.<\/p>\n\n\n\n<p>Em um incidente mais grave, o propriet\u00e1rio de uma loja no terminal rodovi\u00e1rio relatou que o suspeito o amea\u00e7ou com uma faca, tentando cortar um cord\u00e3o para levar uma bolsa.<\/p>\n\n\n\n<p>Durante as dilig\u00eancias, foi recuperada uma m\u00e1quina de cart\u00e3o furtada de uma senhora na rodovi\u00e1ria.<\/p>\n\n\n\n<p>O suspeito recebeu voz de pris\u00e3o por tentativa de roubo e furto qualificado. Foi conduzido ao 1\u00ba DP, onde o flagrante foi ratificado. Os objetos foram restitu\u00eddos \u00e0s v\u00edtimas e o autor permaneceu detido \u00e0 disposi\u00e7\u00e3o da justi\u00e7a.<\/p>\n\n\n\n<p><strong><em><strong><em><strong><em><strong><em><strong><em><strong><em><strong><em><strong><em><strong>Siga nossas redes sociais no\u00a0<a href=\"https:\/\/www.instagram.com\/ronipaparazzi\/\">Instagram\u00a0<\/a>e\u00a0<a href=\"https:\/\/www.facebook.com\/ronipaparazzicomvoce\">Facebook<\/a>\u00a0participe da nossa comunidade do Canal Roni Paparazzi no Whatsapp e receba as principais not\u00edcias da regi\u00e3o de Ara\u00e7atuba do dia direto no seu celular.<\/strong>\u00a0<a href=\"https:\/\/chat.whatsapp.com\/GsG1XKo0jPOEfjzudWQcml\" target=\"_blank\" rel=\"noreferrer noopener\">\u00a0Clique aqui e se inscreva.<\/a><\/em><\/strong><\/em><\/strong><\/em><\/strong><\/em><\/strong><\/em><\/strong><\/em><\/strong><\/em><\/strong><\/em><\/strong><\/p>\n","protected":false},"excerpt":{"rendered":"<p>Nesta quarta-feira, 09 de outubro de 2024, uma s\u00e9rie de crimes foi registrada na \u00e1rea central de Andradina, um suspeito foi detido ap\u00f3s uma sequ\u00eancia de furtos e uma tentativa de roubo em diversos estabelecimentos comerciais. O indiv\u00edduo foi abordado pela pol\u00edcia portando uma faca de cozinha e uma sacola contendo diversos itens furtados, incluindo &hellip;<\/p>\n","protected":false},"author":1,"featured_media":12225,"comment_status":"open","ping_status":"open","sticky":false,"template":"","format":"standard","meta":{"_jetpack_memberships_contains_paid_content":false,"footnotes":"","jetpack_publicize_message":"","jetpack_publicize_feature_enabled":true,"jetpack_social_post_already_shared":false,"jetpack_social_options":{"image_generator_settings":{"template":"highway","default_image_id":0,"enabled":false},"version":2}},"categories":[3],"tags":[],"class_list":["post-12224","post","type-post","status-publish","format-standard","has-post-thumbnail","hentry","category-policial"],"jetpack_publicize_connections":[],"jetpack_featured_media_url":"https:\/\/i0.wp.com\/www.paparazzinews.com.br\/wp-content\/uploads\/2024\/10\/1443ea8d-5b0f-454f-8a27-7d4ceca1bb86.jpeg?fit=1080%2C1080&ssl=1","views":"1740","jetpack_likes_enabled":true,"jetpack_sharing_enabled":true,"_links":{"self":[{"href":"https:\/\/www.paparazzinews.com.br\/index.php?rest_route=\/wp\/v2\/posts\/12224","targetHints":{"allow":["GET"]}}],"collection":[{"href":"https:\/\/www.paparazzinews.com.br\/index.php?rest_route=\/wp\/v2\/posts"}],"about":[{"href":"https:\/\/www.paparazzinews.com.br\/index.php?rest_route=\/wp\/v2\/types\/post"}],"author":[{"embeddable":true,"href":"https:\/\/www.paparazzinews.com.br\/index.php?rest_route=\/wp\/v2\/users\/1"}],"replies":[{"embeddable":true,"href":"https:\/\/www.paparazzinews.com.br\/index.php?rest_route=%2Fwp%2Fv2%2Fcomments&post=12224"}],"version-history":[{"count":1,"href":"https:\/\/www.paparazzinews.com.br\/index.php?rest_route=\/wp\/v2\/posts\/12224\/revisions"}],"predecessor-version":[{"id":12226,"href":"https:\/\/www.paparazzinews.com.br\/index.php?rest_route=\/wp\/v2\/posts\/12224\/revisions\/12226"}],"wp:featuredmedia":[{"embeddable":true,"href":"https:\/\/www.paparazzinews.com.br\/index.php?rest_route=\/wp\/v2\/media\/12225"}],"wp:attachment":[{"href":"https:\/\/www.paparazzinews.com.br\/index.php?rest_route=%2Fwp%2Fv2%2Fmedia&parent=12224"}],"wp:term":[{"taxonomy":"category","embeddable":true,"href":"https:\/\/www.paparazzinews.com.br\/index.php?rest_route=%2Fwp%2Fv2%2Fcategories&post=12224"},{"taxonomy":"post_tag","embeddable":true,"href":"https:\/\/www.paparazzinews.com.br\/index.php?rest_route=%2Fwp%2Fv2%2Ftags&post=12224"}],"curies":[{"name":"wp","href":"https:\/\/api.w.org\/{rel}","templated":true}]}}