{"id":12203,"date":"2024-10-09T17:47:00","date_gmt":"2024-10-09T20:47:00","guid":{"rendered":"https:\/\/www.paparazzinews.com.br\/?p=12203"},"modified":"2024-10-09T17:47:01","modified_gmt":"2024-10-09T20:47:01","slug":"atencao-aguas-andradina-e-aguas-castilho-esclarecem-duvidas-dos-clientes-em-relacao-a-estiagem","status":"publish","type":"post","link":"https:\/\/www.paparazzinews.com.br\/?p=12203","title":{"rendered":"ATEN\u00c7\u00c3O: \u00c1guas Andradina e \u00c1guas Castilho esclarecem d\u00favidas dos clientes em rela\u00e7\u00e3o \u00e0 estiagem"},"content":{"rendered":"\n<p>Durante esses dias quentes e de chuva escassa, um assunto ganha destaque na imprensa, nas rodas de conversa, nos grupos de WhatsApp e nas redes sociais: a Estiagem.<\/p>\n\n\n\n<p>\u201cMesmo sendo t\u00e3o comentado, muitas pessoas desconhecem esse fen\u00f4meno, por este motivo decidimos esclarecer nesta reportagem as principais d\u00favidas relacionadas a este tema\u201d, explica a gerente operacional da \u00c1guas Andradina e da \u00c1guas Castilho, empresas do grupo Igu\u00e1 Saneamento e Sabesp, Alexandre Pardim.<\/p>\n\n\n\n<p><strong>Confira:<\/strong><\/p>\n\n\n\n<p><strong>1.O que \u00e9 estiagem e como ela afeta o abastecimento de \u00e1gua?<\/strong><\/p>\n\n\n\n<p>A estiagem \u00e9 um per\u00edodo prolongado de escassez de chuvas, que pode impactar diretamente os reservat\u00f3rios de \u00e1gua em v\u00e1rias cidades brasileiras.<\/p>\n\n\n\n<p><strong>2. Em Andradina e em Castilho, tem risco de racionamento devido \u00e0 estiagem?<\/strong><\/p>\n\n\n\n<p>Atualmente, o abastecimento est\u00e1 regular, no entanto as empresas t\u00eam emitido alertas para a popula\u00e7\u00e3o usar \u00e1gua de forma consciente para evitar desperd\u00edcio.<\/p>\n\n\n\n<p><strong>3. O que as concession\u00e1rias t\u00eam feito para garantir o abastecimento mesmo nesses dias de tanto calor, falta de chuva e queimadas na regi\u00e3o?<\/strong><\/p>\n\n\n\n<p>As empresas adotam medidas preventivas, como o monitoramento constante dos n\u00edveis dos reservat\u00f3rios, constru\u00e7\u00e3o de novos po\u00e7os, moderniza\u00e7\u00e3o dos sistemas, setoriza\u00e7\u00e3o das redes de distribui\u00e7\u00e3o entre os bairros e a implementa\u00e7\u00e3o de campanhas de conscientiza\u00e7\u00e3o sobre o uso respons\u00e1vel da \u00e1gua.<\/p>\n\n\n\n<p><strong>3. Durante a estiagem a tarifa de \u00e1gua dessas cidades muda o valor, como acontece nas companhias de energia que podem mudar de bandeira de acordo com a escassez h\u00eddrica?<\/strong><\/p>\n\n\n\n<p>N\u00c3O. A tarifa de \u00e1gua \u00e9 a mesma e a composi\u00e7\u00e3o do pre\u00e7o dessa tarifa est\u00e1 dentro dos contratos de concess\u00e3o e \u00e9 destinada para os investimentos realizados pelas concession\u00e1rias nessas cidades.<\/p>\n\n\n\n<p>Portanto, \u00e9 importante refor\u00e7ar que cada pessoa tem um custo de acordo com o seu h\u00e1bito. Al\u00e9m disso, tamb\u00e9m existe a classifica\u00e7\u00e3o das faixas de clientes dividida em: comercial, industrial, p\u00fablica, residencial e residencial social. Em todos os casos, existem tabelas com o detalhamento dos valores estabelecidos que podem ser checados no link&nbsp;<a href=\"https:\/\/igua.com.br\/andradina\/informacoes-para-voce\" target=\"_blank\" rel=\"noreferrer noopener\">https:\/\/igua.com.br\/andradina\/informacoes-para-voce<\/a>&nbsp;ou&nbsp;<a href=\"https:\/\/igua.com.br\/castilho\/informacoes-para-voce\" target=\"_blank\" rel=\"noreferrer noopener\">https:\/\/igua.com.br\/castilho\/informacoes-para-voce<\/a>.<\/p>\n\n\n\n<p><strong>4. Como \u00e9 poss\u00edvel adotar pr\u00e1ticas na hora de usar \u00e1gua para evitar desperd\u00edcio?<\/strong><\/p>\n\n\n\n<p>Para n\u00e3o ter surpresas, \u00e9 necess\u00e1rio ser consciente e decretar uma campanha em casa ou na empresa, como evitar o uso desenfreado com torneiras abertas ao escovar os dentes, lavar cal\u00e7adas e carros, regar plantas com mangueiras ou tomar banhos demorados e ficar atento aos vazamentos internos do im\u00f3vel, que \u00e9 um desperd\u00edcio de \u00e1gua contabilizado na conta de \u00e1gua. Se o consumo aumentou de forma dr\u00e1stica sem nenhuma mudan\u00e7a de h\u00e1bito, pode ter algo errado. No site&nbsp;<a href=\"http:\/\/www.igua.com.br\/esap\" target=\"_blank\" rel=\"noreferrer noopener\">www.igua.com.br\/esap<\/a>&nbsp;voc\u00ea encontra testes de vazamento. Se houver vazamentos, o cliente precisa entrar em contato com a \u00c1guas Andradina ou \u00c1guas Castilho imediatamente.<\/p>\n\n\n\n<p><strong>Alerta importante:<\/strong>&nbsp;a \u00c1guas Andradina registrou um aumento de 16 milh\u00f5es de litros de \u00e1gua de setembro de 2023 para setembro de 2024, e em Castilho esse crescimento foi de 2,2 milh\u00f5es de litros de \u00e1gua, o que somando, significa mais de sete piscinas ol\u00edmpicas cheias! E o consumo segue aumentando de forma desordenada, por isso, \u00e9 preciso uma mobiliza\u00e7\u00e3o coletiva para evitar desperd\u00edcios!<\/p>\n\n\n\n<p><strong>Quer saber mais? Acesse&nbsp;<\/strong><a href=\"http:\/\/www.igua.com.br\/andradina\" target=\"_blank\" rel=\"noreferrer noopener\"><strong>www.igua.com.br\/andradina<\/strong><\/a><strong>&nbsp;ou&nbsp;<\/strong><a href=\"http:\/\/www.igua.com.br\/castilho\" target=\"_blank\" rel=\"noreferrer noopener\"><strong>www.igua.com.br\/castilho<\/strong><\/a><strong>.<\/strong><\/p>\n\n\n\n<p><strong><em><strong><em><strong><em><strong><em><strong><em><strong><em><strong><em><strong><em><strong>Siga nossas redes sociais no&nbsp;<a href=\"https:\/\/www.instagram.com\/ronipaparazzi\/\">Instagram&nbsp;<\/a>e&nbsp;<a href=\"https:\/\/www.facebook.com\/ronipaparazzicomvoce\">Facebook<\/a>&nbsp;participe da nossa comunidade do Canal Roni Paparazzi no Whatsapp e receba as principais not\u00edcias da regi\u00e3o de Ara\u00e7atuba do dia direto no seu celular.<\/strong>&nbsp;<a href=\"https:\/\/chat.whatsapp.com\/GsG1XKo0jPOEfjzudWQcml\" target=\"_blank\" rel=\"noreferrer noopener\">&nbsp;Clique aqui e se inscreva.<\/a><\/em><\/strong><\/em><\/strong><\/em><\/strong><\/em><\/strong><\/em><\/strong><\/em><\/strong><\/em><\/strong><\/em><\/strong><\/p>\n","protected":false},"excerpt":{"rendered":"<p>Durante esses dias quentes e de chuva escassa, um assunto ganha destaque na imprensa, nas rodas de conversa, nos grupos de WhatsApp e nas redes sociais: a Estiagem. \u201cMesmo sendo t\u00e3o comentado, muitas pessoas desconhecem esse fen\u00f4meno, por este motivo decidimos esclarecer nesta reportagem as principais d\u00favidas relacionadas a este tema\u201d, explica a gerente operacional &hellip;<\/p>\n","protected":false},"author":1,"featured_media":12205,"comment_status":"open","ping_status":"open","sticky":false,"template":"","format":"standard","meta":{"_jetpack_memberships_contains_paid_content":false,"footnotes":"","jetpack_publicize_message":"","jetpack_publicize_feature_enabled":true,"jetpack_social_post_already_shared":false,"jetpack_social_options":{"image_generator_settings":{"template":"highway","default_image_id":0,"enabled":false},"version":2}},"categories":[4],"tags":[],"class_list":["post-12203","post","type-post","status-publish","format-standard","has-post-thumbnail","hentry","category-regiao"],"jetpack_publicize_connections":[],"jetpack_featured_media_url":"https:\/\/i0.wp.com\/www.paparazzinews.com.br\/wp-content\/uploads\/2024\/10\/9cd6d869-3704-4fef-b209-9e72eee872ee.jpeg?fit=1600%2C1066&ssl=1","views":"809","jetpack_likes_enabled":true,"jetpack_sharing_enabled":true,"_links":{"self":[{"href":"https:\/\/www.paparazzinews.com.br\/index.php?rest_route=\/wp\/v2\/posts\/12203","targetHints":{"allow":["GET"]}}],"collection":[{"href":"https:\/\/www.paparazzinews.com.br\/index.php?rest_route=\/wp\/v2\/posts"}],"about":[{"href":"https:\/\/www.paparazzinews.com.br\/index.php?rest_route=\/wp\/v2\/types\/post"}],"author":[{"embeddable":true,"href":"https:\/\/www.paparazzinews.com.br\/index.php?rest_route=\/wp\/v2\/users\/1"}],"replies":[{"embeddable":true,"href":"https:\/\/www.paparazzinews.com.br\/index.php?rest_route=%2Fwp%2Fv2%2Fcomments&post=12203"}],"version-history":[{"count":1,"href":"https:\/\/www.paparazzinews.com.br\/index.php?rest_route=\/wp\/v2\/posts\/12203\/revisions"}],"predecessor-version":[{"id":12206,"href":"https:\/\/www.paparazzinews.com.br\/index.php?rest_route=\/wp\/v2\/posts\/12203\/revisions\/12206"}],"wp:featuredmedia":[{"embeddable":true,"href":"https:\/\/www.paparazzinews.com.br\/index.php?rest_route=\/wp\/v2\/media\/12205"}],"wp:attachment":[{"href":"https:\/\/www.paparazzinews.com.br\/index.php?rest_route=%2Fwp%2Fv2%2Fmedia&parent=12203"}],"wp:term":[{"taxonomy":"category","embeddable":true,"href":"https:\/\/www.paparazzinews.com.br\/index.php?rest_route=%2Fwp%2Fv2%2Fcategories&post=12203"},{"taxonomy":"post_tag","embeddable":true,"href":"https:\/\/www.paparazzinews.com.br\/index.php?rest_route=%2Fwp%2Fv2%2Ftags&post=12203"}],"curies":[{"name":"wp","href":"https:\/\/api.w.org\/{rel}","templated":true}]}}