{"id":1220,"date":"2022-11-18T12:49:33","date_gmt":"2022-11-18T15:49:33","guid":{"rendered":"https:\/\/www.paparazzinews.com.br\/?p=1220"},"modified":"2022-11-18T12:49:34","modified_gmt":"2022-11-18T15:49:34","slug":"parque-acessivel-na-praca-do-teodoro-e-realidade-em-andradina","status":"publish","type":"post","link":"https:\/\/www.paparazzinews.com.br\/?p=1220","title":{"rendered":"Parque acess\u00edvel na Pra\u00e7a do Teodoro \u00e9 realidade em Andradina"},"content":{"rendered":"\n<p>J\u00e1 est\u00e1 funcionando o playground acess\u00edvel instalado na pra\u00e7a St\u00e9lio Machado Loureiro, popularmente conhecida como \u201cPra\u00e7a do Teodoro\u201d. A ideia do parque, uma iniciativa da secretaria de Assist\u00eancia Social, Silvana Silva, para levar divers\u00e3o a todos sem distin\u00e7\u00e3o, foi viabilizada atrav\u00e9s do Programa Cidade Acess\u00edvel, do Governo de S\u00e3o Paulo.<\/p>\n\n\n\n<p><br>Os brinquedos proporcionam alegria, integra\u00e7\u00e3o e desafios para todos, pois \u00e9 composto por recursos l\u00fadicos que propiciam \u00e0s pessoas com e sem defici\u00eancia a possibilidade de compartilharem experi\u00eancias.<br>Al\u00e9m do parque, a Secretaria de Obras do Governo de Andradina j\u00e1 preparou os mecanismos de acessibilidade para que crian\u00e7as com defici\u00eancia possam ter acesso a estrutura que est\u00e1 instalada no centro da pra\u00e7a.<\/p>\n\n\n\n<p>\u201cEstamos felizes porque agora a divers\u00e3o em parques p\u00fablicos est\u00e1 acess\u00edvel a todos. Estamos preparando a volta de um projeto destinado a pessoas com defici\u00eancia, o Criando Asas\u201d, disse Silvana.<br>A \u201cPra\u00e7a do Teodoro\u201d foi escolhida para receber o novo parquinho por conta da f\u00e1cil acessibilidade e quantidade de vagas de estacionamento para facilitar o deslocamento das crian\u00e7as com cadeiras de rodas.<\/p>\n\n\n\n<p>O Cidade Acess\u00edvel tem como objetivo oferecer aos munic\u00edpios equipamentos e obras de acessibilidade destinadas \u00e0 melhoria da qualidade de vida das pessoas com defici\u00eancia. As pra\u00e7as de Andradina j\u00e1 viraram ponto de parada obrigat\u00f3ria para as fam\u00edlias que passeiam pela cidade.<\/p>\n\n\n\n<p>A implanta\u00e7\u00e3o dos parquinhos revitalizaram os espa\u00e7os p\u00fablicos e agora essa divers\u00e3o tamb\u00e9m estar\u00e1 acess\u00edvel com a implanta\u00e7\u00e3o que v\u00e3o possibilitar que crian\u00e7as com dificuldades motoras possam brincar.<\/p>\n","protected":false},"excerpt":{"rendered":"<p>J\u00e1 est\u00e1 funcionando o playground acess\u00edvel instalado na pra\u00e7a St\u00e9lio Machado Loureiro, popularmente conhecida como \u201cPra\u00e7a do Teodoro\u201d. A ideia do parque, uma iniciativa da secretaria de Assist\u00eancia Social, Silvana Silva, para levar divers\u00e3o a todos sem distin\u00e7\u00e3o, foi viabilizada atrav\u00e9s do Programa Cidade Acess\u00edvel, do Governo de S\u00e3o Paulo. Os brinquedos proporcionam alegria, integra\u00e7\u00e3o &hellip;<\/p>\n","protected":false},"author":1,"featured_media":1221,"comment_status":"open","ping_status":"open","sticky":false,"template":"","format":"standard","meta":{"_jetpack_memberships_contains_paid_content":false,"footnotes":"","jetpack_publicize_message":"","jetpack_publicize_feature_enabled":true,"jetpack_social_post_already_shared":false,"jetpack_social_options":{"image_generator_settings":{"template":"highway","default_image_id":0,"enabled":false},"version":2}},"categories":[4],"tags":[],"class_list":["post-1220","post","type-post","status-publish","format-standard","has-post-thumbnail","hentry","category-regiao"],"jetpack_publicize_connections":[],"jetpack_featured_media_url":"https:\/\/i0.wp.com\/www.paparazzinews.com.br\/wp-content\/uploads\/2022\/11\/a1911b36-5738-473c-872d-2de8848f73aa-e1668786564442.jpg?fit=1000%2C666&ssl=1","views":"4470","jetpack_likes_enabled":true,"jetpack_sharing_enabled":true,"_links":{"self":[{"href":"https:\/\/www.paparazzinews.com.br\/index.php?rest_route=\/wp\/v2\/posts\/1220","targetHints":{"allow":["GET"]}}],"collection":[{"href":"https:\/\/www.paparazzinews.com.br\/index.php?rest_route=\/wp\/v2\/posts"}],"about":[{"href":"https:\/\/www.paparazzinews.com.br\/index.php?rest_route=\/wp\/v2\/types\/post"}],"author":[{"embeddable":true,"href":"https:\/\/www.paparazzinews.com.br\/index.php?rest_route=\/wp\/v2\/users\/1"}],"replies":[{"embeddable":true,"href":"https:\/\/www.paparazzinews.com.br\/index.php?rest_route=%2Fwp%2Fv2%2Fcomments&post=1220"}],"version-history":[{"count":1,"href":"https:\/\/www.paparazzinews.com.br\/index.php?rest_route=\/wp\/v2\/posts\/1220\/revisions"}],"predecessor-version":[{"id":1222,"href":"https:\/\/www.paparazzinews.com.br\/index.php?rest_route=\/wp\/v2\/posts\/1220\/revisions\/1222"}],"wp:featuredmedia":[{"embeddable":true,"href":"https:\/\/www.paparazzinews.com.br\/index.php?rest_route=\/wp\/v2\/media\/1221"}],"wp:attachment":[{"href":"https:\/\/www.paparazzinews.com.br\/index.php?rest_route=%2Fwp%2Fv2%2Fmedia&parent=1220"}],"wp:term":[{"taxonomy":"category","embeddable":true,"href":"https:\/\/www.paparazzinews.com.br\/index.php?rest_route=%2Fwp%2Fv2%2Fcategories&post=1220"},{"taxonomy":"post_tag","embeddable":true,"href":"https:\/\/www.paparazzinews.com.br\/index.php?rest_route=%2Fwp%2Fv2%2Ftags&post=1220"}],"curies":[{"name":"wp","href":"https:\/\/api.w.org\/{rel}","templated":true}]}}