{"id":12196,"date":"2024-10-09T17:29:53","date_gmt":"2024-10-09T20:29:53","guid":{"rendered":"https:\/\/www.paparazzinews.com.br\/?p=12196"},"modified":"2024-10-09T17:29:54","modified_gmt":"2024-10-09T20:29:54","slug":"pancadas-de-chuva-e-vento-forte-podem-chegar-com-a-mudanca-no-tempo","status":"publish","type":"post","link":"https:\/\/www.paparazzinews.com.br\/?p=12196","title":{"rendered":"Pancadas de chuva e vento forte podem chegar com a mudan\u00e7a no tempo"},"content":{"rendered":"\n<p>Uma mudan\u00e7a no tempo de S\u00e3o Paulo causada pela passagem de uma frente fria deve trazer pancadas de chuva intensas, acompanhadas de raios e fortes rajadas de vento em todo o estado. O aviso da Defesa Civil, que se estende de quarta-feira (9) at\u00e9 s\u00e1bado (12), destaca a import\u00e2ncia de estar preparado para condi\u00e7\u00f5es clim\u00e1ticas adversas. A informa\u00e7\u00e3o \u00e9 da Ag\u00eancia SP.<\/p>\n\n\n\n<h2 class=\"wp-block-heading\">Chuva para os pr\u00f3ximos dias<\/h2>\n\n\n\n<p>A previs\u00e3o de chuva varia entre as regi\u00f5es, com estimativas que incluem at\u00e9 100 mm na Serra da Mantiqueira, no Litoral Norte e nas regi\u00f5es de Presidente Prudente e Mar\u00edlia; de 90mm nas regi\u00f5es de Bauru e Araraquara; de 80 mm na Regi\u00e3o Metropolitana da Capital, na Baixada Santista e nas regi\u00f5es de Campinas, Itapeva e Sorocaba e Vale do Ribeira. Acumulados entre 70mm e 60mm podem ser registrados no Vale do Para\u00edba e nas regi\u00f5es de Franca, Barretos e Ribeir\u00e3o Preto; de 40mm nas regi\u00f5es de Ara\u00e7atuba e S\u00e3o Jos\u00e9 do Rio Preto.<\/p>\n\n\n\n<h2 class=\"wp-block-heading\">Mudan\u00e7a no tempo e de clima<\/h2>\n\n\n\n<p>As&nbsp;<a href=\"https:\/\/www.agenciasp.sp.gov.br\/mudancas-bruscas-de-temperatura-ameacam-sobrevivencia-humana\/\">mudan\u00e7as clim\u00e1ticas resultam em eventos extremos<\/a>, que exigem aten\u00e7\u00e3o especial da popula\u00e7\u00e3o. Por isso, fique atento \u00e0s recomenda\u00e7\u00f5es da Defesa Civil. Evite \u00e1reas arborizadas durante a tempestade, devido ao risco de quedas de \u00e1rvores. Jamais enfrente \u00e1reas alagadas ou com enxurradas. Uma l\u00e2mina com 15cm de \u00e1gua pode arrastar uma pessoa e com 30cm levar um autom\u00f3vel.<\/p>\n\n\n\n<p>Ao ouvir um trov\u00e3o, procure um local coberto. Para quem reside em \u00e1reas de encosta,&nbsp;<a href=\"https:\/\/www.agenciasp.sp.gov.br\/usp-desenvolve-modelo-com-imagens-de-alta-resolucao-para-prever-risco-de-deslizamento-no-litoral\/\">observe os sinais de movimenta\u00e7\u00e3o do solo<\/a>. Durante o processo de deslizamento \u00e9 comum surgirem rachaduras nas paredes dos im\u00f3veis, portas e janelas emperrarem, postes e \u00e1rvores se inclinarem e \u00e1gua lamacenta escorrer pelo morro.<\/p>\n\n\n\n<p>Em caso de rajadas de vento, fique atento. Ventos a partir de 60km\/h, galhos podem ser danificados e necessita aten\u00e7\u00e3o. Risco elevado, a partir de 75km\/h, h\u00e1 risco de queda de \u00e1rvores e danos em constru\u00e7\u00f5es. Cen\u00e1rio cr\u00edtico com rajadas de 90km\/h representam a possibilidade de \u00e1rvores arrancadas e danos estruturais em constru\u00e7\u00f5es. Por isso, nestes casos procure um abrigo seguro, evitando \u00e1rvores ou coberturas met\u00e1licas fr\u00e1geis.<\/p>\n\n\n\n<p>Mantenha dist\u00e2ncia de janelas, vidros e objetos perfurantes. N\u00e3o realize trabalhos com andaimes e encaixes met\u00e1licos e ao dirigir, evite se aproximar de cabos el\u00e9tricos, torres de transmiss\u00e3o, outdoors, andaimes e outras estruturas fr\u00e1geis.<\/p>\n\n\n\n<p>Caso um fio energizado caia sobre o ve\u00edculo, os ocupantes devem permanecer dentro do autom\u00f3vel e ligar para o servi\u00e7o de emerg\u00eancia. Se o carro come\u00e7ar a pegar fogo ele deve ser abandonado. Mas existe um modo correto de sair. N\u00e3o toque nas partes met\u00e1licas e pise com os dois p\u00e9s no ch\u00e3o. Depois, se afaste dando pulos, sempre pisando os dois p\u00e9s no ch\u00e3o ao mesmo tempo. Afaste-se por pelo menos 10 metros do local da queda do fio.<\/p>\n\n\n\n<p><strong><em><strong><em><strong><em><strong><em><strong><em><strong><em><strong><em><strong><em><strong>Siga nossas redes sociais no\u00a0<a href=\"https:\/\/www.instagram.com\/ronipaparazzi\/\">Instagram\u00a0<\/a>e\u00a0<a href=\"https:\/\/www.facebook.com\/ronipaparazzicomvoce\">Facebook<\/a>\u00a0participe da nossa comunidade do Canal Roni Paparazzi no Whatsapp e receba as principais not\u00edcias da regi\u00e3o de Ara\u00e7atuba do dia direto no seu celular.<\/strong>\u00a0<a href=\"https:\/\/chat.whatsapp.com\/GsG1XKo0jPOEfjzudWQcml\" target=\"_blank\" rel=\"noreferrer noopener\">\u00a0Clique aqui e se inscreva.<\/a><\/em><\/strong><\/em><\/strong><\/em><\/strong><\/em><\/strong><\/em><\/strong><\/em><\/strong><\/em><\/strong><\/em><\/strong><\/p>\n","protected":false},"excerpt":{"rendered":"<p>Uma mudan\u00e7a no tempo de S\u00e3o Paulo causada pela passagem de uma frente fria deve trazer pancadas de chuva intensas, acompanhadas de raios e fortes rajadas de vento em todo o estado. O aviso da Defesa Civil, que se estende de quarta-feira (9) at\u00e9 s\u00e1bado (12), destaca a import\u00e2ncia de estar preparado para condi\u00e7\u00f5es clim\u00e1ticas &hellip;<\/p>\n","protected":false},"author":1,"featured_media":12197,"comment_status":"open","ping_status":"open","sticky":false,"template":"","format":"standard","meta":{"_jetpack_memberships_contains_paid_content":false,"footnotes":"","jetpack_publicize_message":"","jetpack_publicize_feature_enabled":true,"jetpack_social_post_already_shared":false,"jetpack_social_options":{"image_generator_settings":{"template":"highway","default_image_id":0,"enabled":false},"version":2}},"categories":[4],"tags":[],"class_list":["post-12196","post","type-post","status-publish","format-standard","has-post-thumbnail","hentry","category-regiao"],"jetpack_publicize_connections":[],"jetpack_featured_media_url":"https:\/\/i0.wp.com\/www.paparazzinews.com.br\/wp-content\/uploads\/2024\/10\/chuva-pessoas-na-rua-1-1536x952-1.jpg?fit=1536%2C952&ssl=1","views":"1496","jetpack_likes_enabled":true,"jetpack_sharing_enabled":true,"_links":{"self":[{"href":"https:\/\/www.paparazzinews.com.br\/index.php?rest_route=\/wp\/v2\/posts\/12196","targetHints":{"allow":["GET"]}}],"collection":[{"href":"https:\/\/www.paparazzinews.com.br\/index.php?rest_route=\/wp\/v2\/posts"}],"about":[{"href":"https:\/\/www.paparazzinews.com.br\/index.php?rest_route=\/wp\/v2\/types\/post"}],"author":[{"embeddable":true,"href":"https:\/\/www.paparazzinews.com.br\/index.php?rest_route=\/wp\/v2\/users\/1"}],"replies":[{"embeddable":true,"href":"https:\/\/www.paparazzinews.com.br\/index.php?rest_route=%2Fwp%2Fv2%2Fcomments&post=12196"}],"version-history":[{"count":1,"href":"https:\/\/www.paparazzinews.com.br\/index.php?rest_route=\/wp\/v2\/posts\/12196\/revisions"}],"predecessor-version":[{"id":12198,"href":"https:\/\/www.paparazzinews.com.br\/index.php?rest_route=\/wp\/v2\/posts\/12196\/revisions\/12198"}],"wp:featuredmedia":[{"embeddable":true,"href":"https:\/\/www.paparazzinews.com.br\/index.php?rest_route=\/wp\/v2\/media\/12197"}],"wp:attachment":[{"href":"https:\/\/www.paparazzinews.com.br\/index.php?rest_route=%2Fwp%2Fv2%2Fmedia&parent=12196"}],"wp:term":[{"taxonomy":"category","embeddable":true,"href":"https:\/\/www.paparazzinews.com.br\/index.php?rest_route=%2Fwp%2Fv2%2Fcategories&post=12196"},{"taxonomy":"post_tag","embeddable":true,"href":"https:\/\/www.paparazzinews.com.br\/index.php?rest_route=%2Fwp%2Fv2%2Ftags&post=12196"}],"curies":[{"name":"wp","href":"https:\/\/api.w.org\/{rel}","templated":true}]}}