{"id":12179,"date":"2024-10-09T17:14:44","date_gmt":"2024-10-09T20:14:44","guid":{"rendered":"https:\/\/www.paparazzinews.com.br\/?p=12179"},"modified":"2024-10-09T17:17:48","modified_gmt":"2024-10-09T20:17:48","slug":"de-helicopteros-esquilo-a-avioes-de-asa-fixa-sp-conta-com-quase-40-aeronaves-para-combate-ao-fogo","status":"publish","type":"post","link":"https:\/\/www.paparazzinews.com.br\/?p=12179","title":{"rendered":"De helic\u00f3pteros esquilo a avi\u00f5es de asa fixa: SP conta com quase 40 aeronaves para combate ao fogo"},"content":{"rendered":"\n<p>As aeronaves se tornaram essenciais para o combate ao fogo em S\u00e3o Paulo, com opera\u00e7\u00f5es hist\u00f3ricas no m\u00eas de setembro em meio ao agravamento da situa\u00e7\u00e3o. Elas s\u00e3o utilizadas para conter focos em regi\u00f5es\u00a0 de dif\u00edcil acesso, como as \u00e1reas de preserva\u00e7\u00e3o ambiental. S\u00e3o at\u00e9 oito horas de voo com despejo de 2 mil litros de \u00e1gua em menos de um minuto. A informa\u00e7\u00e3o \u00e9 da Ag\u00eancia SP.<\/p>\n\n\n\n<p>O Governo de S\u00e3o Paulo conta com o apoio de 39 aeronaves, entre a frota pr\u00f3pria dos helic\u00f3pteros da Pol\u00edcia Militar e horas de voo contratadas com empresas particulares especialmente para o combate ao fogo.&nbsp;<\/p>\n\n\n\n<p>Helic\u00f3pteros e avi\u00f5es s\u00e3o utilizados com base em crit\u00e9rios espec\u00edficos.&nbsp;<a href=\"https:\/\/www.agenciasp.sp.gov.br\/governo-de-sp-amplia-em-135-mil-postos-o-efetivo-para-combater-os-incendios-florestais\/\">O Corpo de Bombeiros avalia o local do inc\u00eandio para depois acionar a aeronave mais adequada de combate ao fogo<\/a>.&nbsp;<\/p>\n\n\n\n<p>Para inc\u00eandios em \u00e1reas de unidades de conserva\u00e7\u00e3o ou reservas florestais localizadas em montanhas, que possuem dif\u00edcil acesso, os helic\u00f3pteros s\u00e3o as melhores op\u00e7\u00f5es. Esse tipo de aeronave consegue atuar com mais precis\u00e3o em locais onde o acesso terrestre \u00e9 limitado.<\/p>\n\n\n\n<figure class=\"wp-block-image\"><img data-recalc-dims=\"1\" height=\"472\" width=\"708\" decoding=\"async\" src=\"https:\/\/i0.wp.com\/www.agenciasp.sp.gov.br\/wp-content\/uploads\/2024\/10\/aviao-particular-de-asa-fixa-1024x683.jpg?resize=708%2C472\" alt=\"avi\u00e3o particular de asa fixa\" class=\"wp-image-23511\"\/><figcaption class=\"wp-element-caption\">Um dos oito avi\u00f5es particulares de asa fixa que passou por adapta\u00e7\u00e3o para ajudar no combate aos inc\u00eandios. Foto: Sandro Souza\/Governo de SP<\/figcaption><\/figure>\n\n\n\n<p>Por outro lado, os avi\u00f5es s\u00e3o mais eficazes em inc\u00eandios de grande extens\u00e3o, especialmente em \u00e1reas de plan\u00edcie. Al\u00e9m de controlar o fogo, os avi\u00f5es ajudam a reduzir as chamas, permitindo o acesso seguro dos bombeiros para ajudarem no combate por terra.<\/p>\n\n\n\n<p>Os helic\u00f3pteros utilizam o \u201cbambi bucket\u201d, um reservat\u00f3rio com capacidade para 600 litros de \u00e1gua, que \u00e9 abastecido em fontes pr\u00f3ximas, como lagos ou rios. Depois que essa \u00e1gua \u00e9 despejada nos focos de inc\u00eandio, cada reabastecimento leva at\u00e9 5 minutos.<\/p>\n\n\n\n<p>J\u00e1 os avi\u00f5es recebem \u00e1gua por meio de bombas conectadas a caminh\u00f5es-tanque ou reservat\u00f3rios, permitindo o carregamento r\u00e1pido de grandes volumes. Durante o combate, os avi\u00f5es despejam at\u00e9 dois mil litros de \u00e1gua em 50 segundos, a uma altura superior a 10 metros, exigindo precis\u00e3o por parte dos pilotos.<\/p>\n\n\n\n<p>Essas aeronaves s\u00e3o mobilizadas por 5 a 8 horas di\u00e1rias, dependendo da demanda. \u201c<a href=\"https:\/\/www.agenciasp.sp.gov.br\/sp-tem-maior-operacao-aerea-da-historia-no-combate-aos-incendios\/\">No dia 14 de setembro, realizamos a maior opera\u00e7\u00e3o a\u00e9rea de combate aos inc\u00eandios j\u00e1 vista no estado de S\u00e3o Paulo<\/a>, com 20 aeronaves simultaneamente em a\u00e7\u00e3o, extinguindo 22 focos de inc\u00eandio\u201d, conta o porta-voz da&nbsp;<a href=\"https:\/\/www.defesacivil.sp.gov.br\/\">Defesa Civil<\/a>, tenente Maxwell Souza.<\/p>\n\n\n\n<p>Atualmente, o Governo do Estado de S\u00e3o Paulo possui contrato de horas de voo com oito avi\u00f5es particulares de asa fixa, que originalmente s\u00e3o&nbsp;<a href=\"https:\/\/www.agenciasp.sp.gov.br\/incendios-florestais-pela-1a-vez-sp-capacita-agricultores-para-combate-a-queimadas\/\">usados na agricultura, mas foram adaptados para combate ao fogo<\/a>. Al\u00e9m disso, pela primeira vez, foram contratados dois helic\u00f3pteros modelo Esquilo de asa rotativa, tamb\u00e9m em regime de horas de voo, complementando os 29 helic\u00f3pteros \u00c1guia da Pol\u00edcia Militar dispon\u00edveis para emerg\u00eancias. Modelos como \u00c1guia 21, \u00c1guia 14 e \u00c1guia 16 t\u00eam sido essenciais nessas opera\u00e7\u00f5es.<\/p>\n\n\n\n<p>Entre 8 de agosto e 12 de setembro, mais de 760 mil litros de \u00e1gua foram lan\u00e7ados por 14 helic\u00f3pteros da PM em \u00e1reas de inc\u00eandio. No dia 12 de setembro, o \u00c1guia 21 sobrevoou a \u00e1rea por quase oito horas, realizando 108 lan\u00e7amentos com o \u201cbambi bucket\u201d.<\/p>\n\n\n\n<h2 class=\"wp-block-heading\"><strong>Contrata\u00e7\u00e3o das aeronaves<\/strong><\/h2>\n\n\n\n<p>A contrata\u00e7\u00e3o de aeronaves para combate \u00e0s queimadas \u00e9 realizada pela Defesa Civil e pela Secretaria do Meio Ambiente (Semil). O contrato \u00e9 feito por hora de voo e os pagamentos s\u00e3o realizados conforme os servi\u00e7os prestados.&nbsp;<a href=\"https:\/\/www.agenciasp.sp.gov.br\/entenda-como-os-helicopteros-da-pm-auxiliam-no-combate-aos-incendios-em-sp\/\">J\u00e1 os helic\u00f3pteros \u00c1guia da PM, por sua vez, s\u00e3o acionados pelos Bombeiros ou pela Defesa Civil, de acordo com a necessidade da situa\u00e7\u00e3o<\/a>.<\/p>\n\n\n\n<p>De acordo com a Semil, se h\u00e1 necessidade de contar com mais aeronaves al\u00e9m dos \u00c1guia da PM, \u00e9 feito o refor\u00e7o nos combates com aeronaves particulares contratadas, tanto de asa rotativa quanto fixa.<\/p>\n\n\n\n<p>Em ambos os casos, a contrata\u00e7\u00e3o \u00e9 planejada e realizada anualmente antes da estiagem, no sistema de Ata de Registro de Pre\u00e7os, com validade de 1 ano, sendo pagos somente os servi\u00e7os executados. No momento, o Estado conta com a contrata\u00e7\u00e3o de 1.200 horas de voo pela Secretaria do Meio Ambiente (Semil) e 200 horas pela Defesa Civil.<\/p>\n\n\n\n<p><a href=\"https:\/\/www.agenciasp.sp.gov.br\/governo-de-sp-libera-r-59-milhoes-para-combate-a-incendios-florestais-com-aeronaves\/\">Com os quase R$ 6 milh\u00f5es liberados no m\u00eas de setembro pelo Governo do Estado de S\u00e3o Paulo<\/a>, foram contratadas mais 120 horas de voo para monitoramento e 300 horas de combate a\u00e9reo, totalizando 1.820 horas. O uso dessas aeronaves est\u00e1 previsto na Opera\u00e7\u00e3o SP Sem Fogo.<\/p>\n\n\n\n<p><strong><em><strong><em><strong><em><strong><em><strong><em><strong><em><strong><em><strong><em><strong>Siga nossas redes sociais no&nbsp;<a href=\"https:\/\/www.instagram.com\/ronipaparazzi\/\">Instagram&nbsp;<\/a>e&nbsp;<a href=\"https:\/\/www.facebook.com\/ronipaparazzicomvoce\">Facebook<\/a>&nbsp;participe da nossa comunidade do Canal Roni Paparazzi no Whatsapp e receba as principais not\u00edcias da regi\u00e3o de Ara\u00e7atuba do dia direto no seu celular.<\/strong>&nbsp;<a href=\"https:\/\/chat.whatsapp.com\/GsG1XKo0jPOEfjzudWQcml\" target=\"_blank\" rel=\"noreferrer noopener\">&nbsp;Clique aqui e se inscreva.<\/a><\/em><\/strong><\/em><\/strong><\/em><\/strong><\/em><\/strong><\/em><\/strong><\/em><\/strong><\/em><\/strong><\/em><\/strong><\/p>\n\n\n\n<p><a href=\"https:\/\/www.paparazzinews.com.br\/wp-admin\/post.php?post=12177&amp;action=edit\"><\/a><\/p>\n","protected":false},"excerpt":{"rendered":"<p>As aeronaves se tornaram essenciais para o combate ao fogo em S\u00e3o Paulo, com opera\u00e7\u00f5es hist\u00f3ricas no m\u00eas de setembro em meio ao agravamento da situa\u00e7\u00e3o. Elas s\u00e3o utilizadas para conter focos em regi\u00f5es\u00a0 de dif\u00edcil acesso, como as \u00e1reas de preserva\u00e7\u00e3o ambiental. S\u00e3o at\u00e9 oito horas de voo com despejo de 2 mil litros &hellip;<\/p>\n","protected":false},"author":1,"featured_media":12184,"comment_status":"open","ping_status":"open","sticky":false,"template":"","format":"standard","meta":{"_jetpack_memberships_contains_paid_content":false,"footnotes":"","jetpack_publicize_message":"","jetpack_publicize_feature_enabled":true,"jetpack_social_post_already_shared":false,"jetpack_social_options":{"image_generator_settings":{"template":"highway","default_image_id":0,"enabled":false},"version":2}},"categories":[3],"tags":[],"class_list":["post-12179","post","type-post","status-publish","format-standard","has-post-thumbnail","hentry","category-policial"],"jetpack_publicize_connections":[],"jetpack_featured_media_url":"https:\/\/i0.wp.com\/www.paparazzinews.com.br\/wp-content\/uploads\/2024\/10\/Helicoptero-Aguia-16-da-PM-e1728071765851-1536x926-1.jpg?fit=1536%2C926&ssl=1","views":"1795","jetpack_likes_enabled":true,"jetpack_sharing_enabled":true,"_links":{"self":[{"href":"https:\/\/www.paparazzinews.com.br\/index.php?rest_route=\/wp\/v2\/posts\/12179","targetHints":{"allow":["GET"]}}],"collection":[{"href":"https:\/\/www.paparazzinews.com.br\/index.php?rest_route=\/wp\/v2\/posts"}],"about":[{"href":"https:\/\/www.paparazzinews.com.br\/index.php?rest_route=\/wp\/v2\/types\/post"}],"author":[{"embeddable":true,"href":"https:\/\/www.paparazzinews.com.br\/index.php?rest_route=\/wp\/v2\/users\/1"}],"replies":[{"embeddable":true,"href":"https:\/\/www.paparazzinews.com.br\/index.php?rest_route=%2Fwp%2Fv2%2Fcomments&post=12179"}],"version-history":[{"count":4,"href":"https:\/\/www.paparazzinews.com.br\/index.php?rest_route=\/wp\/v2\/posts\/12179\/revisions"}],"predecessor-version":[{"id":12189,"href":"https:\/\/www.paparazzinews.com.br\/index.php?rest_route=\/wp\/v2\/posts\/12179\/revisions\/12189"}],"wp:featuredmedia":[{"embeddable":true,"href":"https:\/\/www.paparazzinews.com.br\/index.php?rest_route=\/wp\/v2\/media\/12184"}],"wp:attachment":[{"href":"https:\/\/www.paparazzinews.com.br\/index.php?rest_route=%2Fwp%2Fv2%2Fmedia&parent=12179"}],"wp:term":[{"taxonomy":"category","embeddable":true,"href":"https:\/\/www.paparazzinews.com.br\/index.php?rest_route=%2Fwp%2Fv2%2Fcategories&post=12179"},{"taxonomy":"post_tag","embeddable":true,"href":"https:\/\/www.paparazzinews.com.br\/index.php?rest_route=%2Fwp%2Fv2%2Ftags&post=12179"}],"curies":[{"name":"wp","href":"https:\/\/api.w.org\/{rel}","templated":true}]}}