{"id":12134,"date":"2024-10-02T08:23:54","date_gmt":"2024-10-02T11:23:54","guid":{"rendered":"https:\/\/www.paparazzinews.com.br\/?p=12134"},"modified":"2024-10-02T08:23:55","modified_gmt":"2024-10-02T11:23:55","slug":"gerente-da-aguas-andradina-e-aguas-castilho-participa-de-evento-de-educacao-ambiental-em-birigui","status":"publish","type":"post","link":"https:\/\/www.paparazzinews.com.br\/?p=12134","title":{"rendered":"Gerente da \u00c1guas Andradina e \u00c1guas Castilho participa de evento de educa\u00e7\u00e3o ambiental em Birigui"},"content":{"rendered":"\n<p><strong>Andradina\/Castilho, 30 de setembro de 2024 &#8211;<\/strong>&nbsp;No \u00faltimo dia 23 de setembro, o gerente operacional da \u00c1guas Andradina e da \u00c1guas Castilho, empresas do grupo Igu\u00e1 Saneamento e Sabesp, Alexandre Pardim, foi convidado para o lan\u00e7amento do Comit\u00ea Mirim, um projeto de educa\u00e7\u00e3o ambiental em homenagem ao Dia do Rio Tiet\u00ea. Idealizado pelo Comit\u00ea da Bacia Hidrogr\u00e1fica do Baixo Tiet\u00ea, o evento foi realizado em Birigui, e contou com a presen\u00e7a de autoridades, empresas e institui\u00e7\u00f5es da regi\u00e3o.<\/p>\n\n\n\n<figure class=\"wp-block-image size-full\"><img data-recalc-dims=\"1\" loading=\"lazy\" decoding=\"async\" width=\"708\" height=\"654\" src=\"https:\/\/i0.wp.com\/www.paparazzinews.com.br\/wp-content\/uploads\/2024\/10\/image.jpeg?resize=708%2C654&#038;ssl=1\" alt=\"\" class=\"wp-image-12135\" srcset=\"https:\/\/i0.wp.com\/www.paparazzinews.com.br\/wp-content\/uploads\/2024\/10\/image.jpeg?w=891&amp;ssl=1 891w, https:\/\/i0.wp.com\/www.paparazzinews.com.br\/wp-content\/uploads\/2024\/10\/image.jpeg?resize=300%2C277&amp;ssl=1 300w, https:\/\/i0.wp.com\/www.paparazzinews.com.br\/wp-content\/uploads\/2024\/10\/image.jpeg?resize=768%2C709&amp;ssl=1 768w\" sizes=\"auto, (max-width: 708px) 100vw, 708px\" \/><\/figure>\n\n\n\n<p>Na ocasi\u00e3o, Pardim falou com o p\u00fablico sobre as iniciativas socioambientais realizadas pelas concession\u00e1rias como Voc\u00ea no Saneamento, em que alunos da rede p\u00fablica de ensino visitam as instala\u00e7\u00f5es de \u00e1gua e esgoto, al\u00e9m da participa\u00e7\u00e3o de colaboradores volunt\u00e1rios em palestras nas escolas, plantios de mudas nativas e projetos sociais de Andradina e Castilho.&nbsp;Nossos projetos sempre focam na import\u00e2ncia do uso consciente de \u00e1gua e na valoriza\u00e7\u00e3o do esgoto tratado para a preserva\u00e7\u00e3o do meio ambiente, em especial dos rios e c\u00f3rregos das cidades e, consequentemente, da regi\u00e3o\u201d, complementa Pardim.<\/p>\n\n\n\n<p>Confira as not\u00edcias da \u00c1guas Andradina e da \u00c1guas Castilho nos sites www.igua.com.br\/andradina e www.igua.com.br\/castilho.<\/p>\n\n\n\n<p><strong><em><strong><em><strong><em><strong><em><strong><em><strong><em><strong><em><strong><em><strong>Siga nossas redes sociais no\u00a0<a href=\"https:\/\/www.instagram.com\/ronipaparazzi\/\">Instagram\u00a0<\/a>e\u00a0<a href=\"https:\/\/www.facebook.com\/ronipaparazzicomvoce\">Facebook<\/a>\u00a0participe da nossa comunidade do Canal Roni Paparazzi no Whatsapp e receba as principais not\u00edcias da regi\u00e3o de Ara\u00e7atuba do dia direto no seu celular.<\/strong>\u00a0<a href=\"https:\/\/chat.whatsapp.com\/GsG1XKo0jPOEfjzudWQcml\" target=\"_blank\" rel=\"noreferrer noopener\">\u00a0Clique aqui e se inscreva.<\/a><\/em><\/strong><\/em><\/strong><\/em><\/strong><\/em><\/strong><\/em><\/strong><\/em><\/strong><\/em><\/strong><\/em><\/strong><\/p>\n","protected":false},"excerpt":{"rendered":"<p>Andradina\/Castilho, 30 de setembro de 2024 &#8211;&nbsp;No \u00faltimo dia 23 de setembro, o gerente operacional da \u00c1guas Andradina e da \u00c1guas Castilho, empresas do grupo Igu\u00e1 Saneamento e Sabesp, Alexandre Pardim, foi convidado para o lan\u00e7amento do Comit\u00ea Mirim, um projeto de educa\u00e7\u00e3o ambiental em homenagem ao Dia do Rio Tiet\u00ea. Idealizado pelo Comit\u00ea da &hellip;<\/p>\n","protected":false},"author":1,"featured_media":12136,"comment_status":"open","ping_status":"open","sticky":false,"template":"","format":"standard","meta":{"_jetpack_memberships_contains_paid_content":false,"footnotes":"","jetpack_publicize_message":"","jetpack_publicize_feature_enabled":true,"jetpack_social_post_already_shared":false,"jetpack_social_options":{"image_generator_settings":{"template":"highway","default_image_id":0,"enabled":false},"version":2}},"categories":[4],"tags":[],"class_list":["post-12134","post","type-post","status-publish","format-standard","has-post-thumbnail","hentry","category-regiao"],"jetpack_publicize_connections":[],"jetpack_featured_media_url":"https:\/\/i0.wp.com\/www.paparazzinews.com.br\/wp-content\/uploads\/2024\/10\/gerente-da-aguas-and-fnrlv.jpg?fit=1440%2C554&ssl=1","views":"1968","jetpack_likes_enabled":true,"jetpack_sharing_enabled":true,"_links":{"self":[{"href":"https:\/\/www.paparazzinews.com.br\/index.php?rest_route=\/wp\/v2\/posts\/12134","targetHints":{"allow":["GET"]}}],"collection":[{"href":"https:\/\/www.paparazzinews.com.br\/index.php?rest_route=\/wp\/v2\/posts"}],"about":[{"href":"https:\/\/www.paparazzinews.com.br\/index.php?rest_route=\/wp\/v2\/types\/post"}],"author":[{"embeddable":true,"href":"https:\/\/www.paparazzinews.com.br\/index.php?rest_route=\/wp\/v2\/users\/1"}],"replies":[{"embeddable":true,"href":"https:\/\/www.paparazzinews.com.br\/index.php?rest_route=%2Fwp%2Fv2%2Fcomments&post=12134"}],"version-history":[{"count":1,"href":"https:\/\/www.paparazzinews.com.br\/index.php?rest_route=\/wp\/v2\/posts\/12134\/revisions"}],"predecessor-version":[{"id":12137,"href":"https:\/\/www.paparazzinews.com.br\/index.php?rest_route=\/wp\/v2\/posts\/12134\/revisions\/12137"}],"wp:featuredmedia":[{"embeddable":true,"href":"https:\/\/www.paparazzinews.com.br\/index.php?rest_route=\/wp\/v2\/media\/12136"}],"wp:attachment":[{"href":"https:\/\/www.paparazzinews.com.br\/index.php?rest_route=%2Fwp%2Fv2%2Fmedia&parent=12134"}],"wp:term":[{"taxonomy":"category","embeddable":true,"href":"https:\/\/www.paparazzinews.com.br\/index.php?rest_route=%2Fwp%2Fv2%2Fcategories&post=12134"},{"taxonomy":"post_tag","embeddable":true,"href":"https:\/\/www.paparazzinews.com.br\/index.php?rest_route=%2Fwp%2Fv2%2Ftags&post=12134"}],"curies":[{"name":"wp","href":"https:\/\/api.w.org\/{rel}","templated":true}]}}