{"id":12131,"date":"2024-10-02T08:22:38","date_gmt":"2024-10-02T11:22:38","guid":{"rendered":"https:\/\/www.paparazzinews.com.br\/?p=12131"},"modified":"2024-10-02T08:22:39","modified_gmt":"2024-10-02T11:22:39","slug":"mais-calor-aguas-andradina-e-aguas-castilho-registram-aumento-de-16-milhoes-de-litros-no-consumo-de-agua","status":"publish","type":"post","link":"https:\/\/www.paparazzinews.com.br\/?p=12131","title":{"rendered":"MAIS CALOR: \u00c1guas Andradina e \u00c1guas Castilho registram aumento de 16 milh\u00f5es de litros no consumo de \u00e1gua"},"content":{"rendered":"\n<p>O tempo quente voltou com for\u00e7a total esta semana na regi\u00e3o de Andradina, segundo o site Climatempo, os term\u00f4metros podem marcar mais de 40 graus nos pr\u00f3ximos dias.<\/p>\n\n\n\n<p>Diante desse cen\u00e1rio de altas temperaturas, chuva escassa e queimadas, a \u00c1guas Andradina e a \u00c1guas Castilho, empresas do grupo Igu\u00e1 Saneamento e Sabesp,<strong>&nbsp;<\/strong>emitem um novo alerta para a popula\u00e7\u00e3o sobre a import\u00e2ncia do uso consciente de \u00e1gua para evitar desperd\u00edcio.<\/p>\n\n\n\n<p>Segundo o gerente operacional das concession\u00e1rias, Alexandre Pardim, em agosto o consumo subiu 9 milh\u00f5es de litros de \u00e1gua em Andradina e 7 milh\u00f5es em Castilho em rela\u00e7\u00e3o ao mesmo per\u00edodo do ano passado. Essa quantidade daria para encher seis piscinas ol\u00edmpicas e mais: o consumo segue alto durante esse m\u00eas de setembro.<\/p>\n\n\n\n<p>As empresas seguem monitorando diariamente os indicadores de abastecimento e devido aos investimentos realizados nos \u00faltimos anos como constru\u00e7\u00f5es de novos po\u00e7os, moderniza\u00e7\u00e3o e amplia\u00e7\u00e3o das redes de distribui\u00e7\u00e3o de \u00e1gua e setoriza\u00e7\u00e3o dos sistemas n\u00e3o h\u00e1 risco de racionamento, por\u00e9m a participa\u00e7\u00e3o da popula\u00e7\u00e3o \u00e9 essencial para o equil\u00edbrio do consumo.<\/p>\n\n\n\n<p>Quer saber mais? Acesse&nbsp;<a href=\"http:\/\/www.igua.com.br\/sanessol\" target=\"_blank\" rel=\"noreferrer noopener\">www.igua.com.br\/sanessol<\/a>.<\/p>\n\n\n\n<p><strong><em><strong><em><strong><em><strong><em><strong><em><strong><em><strong><em><strong><em><strong>Siga nossas redes sociais no\u00a0<a href=\"https:\/\/www.instagram.com\/ronipaparazzi\/\">Instagram\u00a0<\/a>e\u00a0<a href=\"https:\/\/www.facebook.com\/ronipaparazzicomvoce\">Facebook<\/a>\u00a0participe da nossa comunidade do Canal Roni Paparazzi no Whatsapp e receba as principais not\u00edcias da regi\u00e3o de Ara\u00e7atuba do dia direto no seu celular.<\/strong>\u00a0<a href=\"https:\/\/chat.whatsapp.com\/GsG1XKo0jPOEfjzudWQcml\" target=\"_blank\" rel=\"noreferrer noopener\">\u00a0Clique aqui e se inscreva.<\/a><\/em><\/strong><\/em><\/strong><\/em><\/strong><\/em><\/strong><\/em><\/strong><\/em><\/strong><\/em><\/strong><\/em><\/strong><\/p>\n","protected":false},"excerpt":{"rendered":"<p>O tempo quente voltou com for\u00e7a total esta semana na regi\u00e3o de Andradina, segundo o site Climatempo, os term\u00f4metros podem marcar mais de 40 graus nos pr\u00f3ximos dias. Diante desse cen\u00e1rio de altas temperaturas, chuva escassa e queimadas, a \u00c1guas Andradina e a \u00c1guas Castilho, empresas do grupo Igu\u00e1 Saneamento e Sabesp,&nbsp;emitem um novo alerta &hellip;<\/p>\n","protected":false},"author":1,"featured_media":12132,"comment_status":"open","ping_status":"open","sticky":false,"template":"","format":"standard","meta":{"_jetpack_memberships_contains_paid_content":false,"footnotes":"","jetpack_publicize_message":"","jetpack_publicize_feature_enabled":true,"jetpack_social_post_already_shared":false,"jetpack_social_options":{"image_generator_settings":{"template":"highway","default_image_id":0,"enabled":false},"version":2}},"categories":[4],"tags":[],"class_list":["post-12131","post","type-post","status-publish","format-standard","has-post-thumbnail","hentry","category-regiao"],"jetpack_publicize_connections":[],"jetpack_featured_media_url":"https:\/\/i0.wp.com\/www.paparazzinews.com.br\/wp-content\/uploads\/2024\/10\/mais-calor-aguas-an-mxdka.jpg?fit=1440%2C554&ssl=1","views":"1974","jetpack_likes_enabled":true,"jetpack_sharing_enabled":true,"_links":{"self":[{"href":"https:\/\/www.paparazzinews.com.br\/index.php?rest_route=\/wp\/v2\/posts\/12131","targetHints":{"allow":["GET"]}}],"collection":[{"href":"https:\/\/www.paparazzinews.com.br\/index.php?rest_route=\/wp\/v2\/posts"}],"about":[{"href":"https:\/\/www.paparazzinews.com.br\/index.php?rest_route=\/wp\/v2\/types\/post"}],"author":[{"embeddable":true,"href":"https:\/\/www.paparazzinews.com.br\/index.php?rest_route=\/wp\/v2\/users\/1"}],"replies":[{"embeddable":true,"href":"https:\/\/www.paparazzinews.com.br\/index.php?rest_route=%2Fwp%2Fv2%2Fcomments&post=12131"}],"version-history":[{"count":1,"href":"https:\/\/www.paparazzinews.com.br\/index.php?rest_route=\/wp\/v2\/posts\/12131\/revisions"}],"predecessor-version":[{"id":12133,"href":"https:\/\/www.paparazzinews.com.br\/index.php?rest_route=\/wp\/v2\/posts\/12131\/revisions\/12133"}],"wp:featuredmedia":[{"embeddable":true,"href":"https:\/\/www.paparazzinews.com.br\/index.php?rest_route=\/wp\/v2\/media\/12132"}],"wp:attachment":[{"href":"https:\/\/www.paparazzinews.com.br\/index.php?rest_route=%2Fwp%2Fv2%2Fmedia&parent=12131"}],"wp:term":[{"taxonomy":"category","embeddable":true,"href":"https:\/\/www.paparazzinews.com.br\/index.php?rest_route=%2Fwp%2Fv2%2Fcategories&post=12131"},{"taxonomy":"post_tag","embeddable":true,"href":"https:\/\/www.paparazzinews.com.br\/index.php?rest_route=%2Fwp%2Fv2%2Ftags&post=12131"}],"curies":[{"name":"wp","href":"https:\/\/api.w.org\/{rel}","templated":true}]}}