{"id":12127,"date":"2024-10-02T08:12:10","date_gmt":"2024-10-02T11:12:10","guid":{"rendered":"https:\/\/www.paparazzinews.com.br\/?p=12127"},"modified":"2024-10-02T08:12:11","modified_gmt":"2024-10-02T11:12:11","slug":"primeiros-animais-vitimas-de-incendios-florestais-comecam-a-voltar-a-natureza","status":"publish","type":"post","link":"https:\/\/www.paparazzinews.com.br\/?p=12127","title":{"rendered":"Primeiros animais v\u00edtimas de inc\u00eandios florestais come\u00e7am a voltar \u00e0 natureza"},"content":{"rendered":"\n<p>Os primeiros animais resgatados dos inc\u00eandios florestais que v\u00eam atingindo o interior paulista desde o dia 24 de agosto come\u00e7aram a retornar \u00e0 natureza. Na \u00faltima sexta-feira (25), um tamandu\u00e1-mirim foi solto na regi\u00e3o de Ribeir\u00e3o Preto. Ele \u00e9 o segundo. Um fur\u00e3o reabilitado em um centro de atendimento em S\u00e3o Roque tamb\u00e9m j\u00e1 voltou \u00e0 vida livre. A informa\u00e7\u00e3o \u00e9 da Ag\u00eancia SP.<\/p>\n\n\n\n<p>Desde o in\u00edcio das queimadas, 94 animais foram resgatados e levados a um dos centros de recupera\u00e7\u00e3o da rede de atendimento estruturada pelo Governo do Estado: 53 morreram, dois foram reabilitados e devolvidos ao seu habitat e o restante continua em tratamento.<\/p>\n\n\n\n<p>Como muitos dos bichinhos tiveram queimaduras graves, o tempo de recupera\u00e7\u00e3o \u00e9 lento. O tamandu\u00e1-mirim, por exemplo,&nbsp;<a href=\"https:\/\/www.agenciasp.sp.gov.br\/incendios-florestais-sp-monta-rede-de-atendimento-para-animais-silvestres-vitimas-das-queimadas\/\">ficou mais de um m\u00eas sendo tratado<\/a>. Infelizmente, em alguns casos, as les\u00f5es impedem que o animal volte \u00e0 natureza.<\/p>\n\n\n\n<p>Atualmente,&nbsp;<a href=\"https:\/\/www.agenciasp.sp.gov.br\/sp-tem-26-unidades-para-atender-animais-silvestres-vitimas-de-incendios-florestais\/\">26 unidades espalhadas pelo estado recebem animais queimados<\/a>, dentro da rede estruturada pelo Departamento de Fauna Silvestre da&nbsp;<a href=\"https:\/\/semil.sp.gov.br\/\">Secretaria de Meio Ambiente, Infraestrutura e Log\u00edstica do Estado de S\u00e3o Paulo (Semil)<\/a>. A medida faz parte de um conjunto de a\u00e7\u00f5es do gabinete de crise anunciado pelo governo para combater os inc\u00eandios.<\/p>\n\n\n\n<p>Isabella Saraiva, diretora do Departamento da Fauna Silvestre, destacou a import\u00e2ncia do esfor\u00e7o conjunto das unidades da rede: \u201cTodos os centros autorizados se prontificaram a colaborar. Os atendimentos feitos por profissionais especializados em fauna silvestre aumentam muito as chances de esses animais se recuperarem e voltarem para a natureza\u201d.<\/p>\n\n\n\n<p>O tamandu\u00e1-mirim solto na sexta-feira passada foi encontrado no dia 27 de agosto em uma estrada que liga Ribeir\u00e3o Preto a Dumond por uma pessoa que passava pelo local. Os primeiros socorros foram feitos em uma cl\u00ednica veterin\u00e1ria, que o encaminhou ao Centro de Triagem e Reabilita\u00e7\u00e3o de Animais Silvestres (Cetras) Morro de S\u00e3o Bento, em Ribeir\u00e3o. \u201cN\u00f3s vimos o sofrimento desse animal quando chegou aqui. Ele estava com as patas queimadas e muito desidratado. Poder recuperar um animal e devolv\u00ea-lo para a natureza \u00e9 a maior felicidade\u201d, revelou o zootecnista Alexandre Gouv\u00eaa<\/p>\n\n\n\n<p>Bentinho, como foi apelidado pela equipe em homenagem ao nome do Cetras, foi liberado \u00e0s margens do Rio Pardo, em uma \u00e1rea de preserva\u00e7\u00e3o. Assim que saiu da caixa de transporte, subiu em uma \u00e1rvore e olhou para baixo em dire\u00e7\u00e3o a seus cuidadores como se estivesse agradecendo. \u201cO que nos deixou mais emocionados foi observar que ele continua com o mesmo comportamento selvagem que antes\u201d, completou Gouv\u00eaa.<\/p>\n\n\n\n<p>Na pr\u00f3xima semana, um macaco-prego e uma paca, que chegou gravemente ferida ao Cetras-Ribeir\u00e3o, tamb\u00e9m ser\u00e3o soltos. Os dois est\u00e3o totalmente reabilitados para retornar \u00e0 natureza.<\/p>\n\n\n\n<p>As unidades integradas continuam em alerta, com profissionais prontos para resgatar e reabilitar esses animais, que incluem ainda cobras, lagartos, gamb\u00e1s, on\u00e7as-pardas, cachorros-do-mato, gatos-do-mato, gavi\u00f5es e outras aves. A colabora\u00e7\u00e3o entre os centros de triagem e a comunidade \u00e9 essencial para garantir o cuidado necess\u00e1rio.<\/p>\n\n\n\n<h2 class=\"wp-block-heading\"><strong>Recomenda\u00e7\u00f5es para a popula\u00e7\u00e3o<\/strong><\/h2>\n\n\n\n<p>A popula\u00e7\u00e3o \u00e9 orientada a n\u00e3o tentar resgatar animais feridos sozinha. O correto \u00e9 entrar em contato com a Pol\u00edcia Militar Ambiental (190), Corpo de Bombeiros (193) ou Guarda Municipal. Se uma cl\u00ednica veterin\u00e1ria n\u00e3o especializada receber um animal selvagem, deve encaminh\u00e1-lo para uma das unidades autorizadas do Cetras.<\/p>\n\n\n\n<p>Lista atualizada de Cetras e CRAS em funcionamento no estado podem ser verificados aqui:&nbsp;<a href=\"https:\/\/semil.sp.gov.br\/sma\/gestao-fauna\/\">https:\/\/semil.sp.gov.br\/sma\/gestao-fauna\/<\/a>.<\/p>\n\n\n\n<p><strong><em><strong><em><strong><em><strong><em><strong><em><strong><em><strong><em><strong><em><strong>Siga nossas redes sociais no\u00a0<a href=\"https:\/\/www.instagram.com\/ronipaparazzi\/\">Instagram\u00a0<\/a>e\u00a0<a href=\"https:\/\/www.facebook.com\/ronipaparazzicomvoce\">Facebook<\/a>\u00a0participe da nossa comunidade do Canal Roni Paparazzi no Whatsapp e receba as principais not\u00edcias da regi\u00e3o de Ara\u00e7atuba do dia direto no seu celular.<\/strong>\u00a0<a href=\"https:\/\/chat.whatsapp.com\/GsG1XKo0jPOEfjzudWQcml\" target=\"_blank\" rel=\"noreferrer noopener\">\u00a0Clique aqui e se inscreva.<\/a><\/em><\/strong><\/em><\/strong><\/em><\/strong><\/em><\/strong><\/em><\/strong><\/em><\/strong><\/em><\/strong><\/em><\/strong><\/p>\n","protected":false},"excerpt":{"rendered":"<p>Os primeiros animais resgatados dos inc\u00eandios florestais que v\u00eam atingindo o interior paulista desde o dia 24 de agosto come\u00e7aram a retornar \u00e0 natureza. Na \u00faltima sexta-feira (25), um tamandu\u00e1-mirim foi solto na regi\u00e3o de Ribeir\u00e3o Preto. Ele \u00e9 o segundo. Um fur\u00e3o reabilitado em um centro de atendimento em S\u00e3o Roque tamb\u00e9m j\u00e1 voltou &hellip;<\/p>\n","protected":false},"author":1,"featured_media":12128,"comment_status":"open","ping_status":"open","sticky":false,"template":"","format":"standard","meta":{"_jetpack_memberships_contains_paid_content":false,"footnotes":"","jetpack_publicize_message":"","jetpack_publicize_feature_enabled":true,"jetpack_social_post_already_shared":false,"jetpack_social_options":{"image_generator_settings":{"template":"highway","default_image_id":0,"enabled":false},"version":2}},"categories":[4],"tags":[],"class_list":["post-12127","post","type-post","status-publish","format-standard","has-post-thumbnail","hentry","category-regiao"],"jetpack_publicize_connections":[],"jetpack_featured_media_url":"https:\/\/i0.wp.com\/www.paparazzinews.com.br\/wp-content\/uploads\/2024\/10\/Imagem-do-WhatsApp-de-2024-09-03-as-15.45.22_088a2cb4-e1725389797157-1536x988-1.jpg?fit=1536%2C988&ssl=1","views":"1741","jetpack_likes_enabled":true,"jetpack_sharing_enabled":true,"_links":{"self":[{"href":"https:\/\/www.paparazzinews.com.br\/index.php?rest_route=\/wp\/v2\/posts\/12127","targetHints":{"allow":["GET"]}}],"collection":[{"href":"https:\/\/www.paparazzinews.com.br\/index.php?rest_route=\/wp\/v2\/posts"}],"about":[{"href":"https:\/\/www.paparazzinews.com.br\/index.php?rest_route=\/wp\/v2\/types\/post"}],"author":[{"embeddable":true,"href":"https:\/\/www.paparazzinews.com.br\/index.php?rest_route=\/wp\/v2\/users\/1"}],"replies":[{"embeddable":true,"href":"https:\/\/www.paparazzinews.com.br\/index.php?rest_route=%2Fwp%2Fv2%2Fcomments&post=12127"}],"version-history":[{"count":1,"href":"https:\/\/www.paparazzinews.com.br\/index.php?rest_route=\/wp\/v2\/posts\/12127\/revisions"}],"predecessor-version":[{"id":12129,"href":"https:\/\/www.paparazzinews.com.br\/index.php?rest_route=\/wp\/v2\/posts\/12127\/revisions\/12129"}],"wp:featuredmedia":[{"embeddable":true,"href":"https:\/\/www.paparazzinews.com.br\/index.php?rest_route=\/wp\/v2\/media\/12128"}],"wp:attachment":[{"href":"https:\/\/www.paparazzinews.com.br\/index.php?rest_route=%2Fwp%2Fv2%2Fmedia&parent=12127"}],"wp:term":[{"taxonomy":"category","embeddable":true,"href":"https:\/\/www.paparazzinews.com.br\/index.php?rest_route=%2Fwp%2Fv2%2Fcategories&post=12127"},{"taxonomy":"post_tag","embeddable":true,"href":"https:\/\/www.paparazzinews.com.br\/index.php?rest_route=%2Fwp%2Fv2%2Ftags&post=12127"}],"curies":[{"name":"wp","href":"https:\/\/api.w.org\/{rel}","templated":true}]}}