{"id":12097,"date":"2024-10-01T12:47:06","date_gmt":"2024-10-01T15:47:06","guid":{"rendered":"https:\/\/www.paparazzinews.com.br\/?p=12097"},"modified":"2024-10-01T12:47:07","modified_gmt":"2024-10-01T15:47:07","slug":"estado-de-sp-registra-o-menor-numero-de-roubos-em-24-anos-em-agosto","status":"publish","type":"post","link":"https:\/\/www.paparazzinews.com.br\/?p=12097","title":{"rendered":"Estado de SP registra o menor n\u00famero de roubos em 24 anos em agosto"},"content":{"rendered":"\n<p>O estado de S\u00e3o Paulo registrou em agosto o menor \u00edndice de roubos desde 2001, quando iniciou a contabiliza\u00e7\u00e3o das ocorr\u00eancias criminais. Os crimes seguem em queda, acompanhando a tend\u00eancia registrada mensalmente neste ano. Os dados s\u00e3o da Secretaria da Seguran\u00e7a P\u00fablica (SSP). A informa\u00e7\u00e3o \u00e9 da Ag\u00eancia SP.<\/p>\n\n\n\n<p>No m\u00eas passado, foram 15.185 ocorr\u00eancias de roubos, queda de 19,7% em compara\u00e7\u00e3o com agosto de 2023, quando foram registrados 18.901 casos. Em julho, essa modalidade de crime j\u00e1 havia tido a&nbsp;<a href=\"https:\/\/www.agenciasp.sp.gov.br\/estado-de-sp-tem-o-menor-no-de-roubos-da-serie-historica-em-julho\/\">menor marca desde o in\u00edcio da s\u00e9rie hist\u00f3rica em 2001<\/a>.<\/p>\n\n\n\n<p>Al\u00e9m disso, o estado teve queda nas ocorr\u00eancias de roubos de ve\u00edculos, de carga e de furtos no per\u00edodo.<\/p>\n\n\n\n<p>Os roubos de ve\u00edculos ca\u00edram 15% em compara\u00e7\u00e3o com agosto do ano passado, chegando a 2.398 boletins de ocorr\u00eancia. O n\u00famero \u00e9 o segundo menor para o m\u00eas em 24 anos. Os de carga ca\u00edram 21,8% na an\u00e1lise, de 486 para 380 \u2014 menor marca desde 2004.<\/p>\n\n\n\n<p>Os furtos em geral, que incluem os de carga (46.932), foram 5,5% menor em compara\u00e7\u00e3o aos casos registrados em agosto do ano passado. Os furtos de ve\u00edculos oscilaram 2,7%, de 7.901 para 8.118.<\/p>\n\n\n\n<p>Os dados em agosto reiteram o compromisso das pol\u00edcias no combate aos crimes patrimoniais no estado. As a\u00e7\u00f5es preventivas e ostensivas, com o uso da tecnologia e sistemas de intelig\u00eancia, impediram mais de 6,7 mil crimes patrimoniais no m\u00eas anterior.<\/p>\n\n\n\n<h2 class=\"wp-block-heading\">Pela 5\u00aa vez no ano, menor quantidade de homic\u00eddios<\/h2>\n\n\n\n<p>O n\u00famero de mortes intencionais registradas no estado de S\u00e3o Paulo em agosto foi o menor da s\u00e9rie hist\u00f3rica (iniciada em 2001).<\/p>\n\n\n\n<p>A Pol\u00edcia Civil contabilizou 196 homic\u00eddios dolosos em agosto, oito casos a menos na compara\u00e7\u00e3o com igual per\u00edodo de 2023. \u00c9 a primeira vez na hist\u00f3ria que o \u00edndice fica abaixo dos 200 casos para o m\u00eas no estado.<\/p>\n\n\n\n<p>Essa queda foi a quinta do ano para a modalidade criminosa. No comparativo, os meses de janeiro (215), mar\u00e7o (227), abril (188) e junho (189) j\u00e1 haviam registrado as menores marcas mensais em 24 anos.<\/p>\n\n\n\n<p>No primeiro semestre deste ano, 220 cidades do estado n\u00e3o tiveram ocorr\u00eancias de mortes intencionais, o que equivale a um ter\u00e7o dos munic\u00edpios.<\/p>\n\n\n\n<h2 class=\"wp-block-heading\">Estupros em queda<\/h2>\n\n\n\n<p>As delegacias paulistas elaboraram em agosto 1.250 boletins de ocorr\u00eancia de estupro, queda de 4,9% em compara\u00e7\u00e3o com o mesmo m\u00eas do ano passado. Em todo o estado de S\u00e3o Paulo, as Delegacias de Defesa da Mulher registraram 16 casos de feminic\u00eddios, tr\u00eas a menos em compara\u00e7\u00e3o com 2023.<\/p>\n\n\n\n<p>No per\u00edodo, foram nove registros de latroc\u00ednios \u2014 roubos seguidos de morte \u2014, o mesmo registrado na an\u00e1lise do ano anterior.<\/p>\n\n\n\n<h2 class=\"wp-block-heading\">Mais presos e menos armas nas ruas<\/h2>\n\n\n\n<p>A produtividade policial no m\u00eas de agosto em todo o estado de S\u00e3o Paulo resultou no aumento do n\u00famero de pris\u00f5es, ve\u00edculos recuperados e apreens\u00f5es de armas de fogo ilegais que estavam em circula\u00e7\u00e3o.<\/p>\n\n\n\n<p>O n\u00famero de infratores detidos, seja em flagrante ou por mandados judiciais, foi de 17.088 no per\u00edodo. As for\u00e7as policiais apreenderam em todo o estado 1.262 armas de fogo ilegais, sendo 17 fuzis.<\/p>\n\n\n\n<p>A pol\u00edcia tamb\u00e9m recuperou 4.491 ve\u00edculos no m\u00eas, alta de 17,4% na compara\u00e7\u00e3o com o mesmo per\u00edodo do ano anterior, e apreendeu 24,2 toneladas de drogas, entre maconha, coca\u00edna, crack, entre outras drogas, no territ\u00f3rio paulista.<\/p>\n\n\n\n<p><strong><em><strong><em><strong><em><strong><em><strong><em><strong><em><strong><em><strong><em><strong>Siga nossas redes sociais no\u00a0<a href=\"https:\/\/www.instagram.com\/ronipaparazzi\/\">Instagram\u00a0<\/a>e\u00a0<a href=\"https:\/\/www.facebook.com\/ronipaparazzicomvoce\">Facebook<\/a>\u00a0participe da nossa comunidade do Canal Roni Paparazzi no Whatsapp e receba as principais not\u00edcias da regi\u00e3o de Ara\u00e7atuba do dia direto no seu celular.<\/strong>\u00a0<a href=\"https:\/\/chat.whatsapp.com\/GsG1XKo0jPOEfjzudWQcml\" target=\"_blank\" rel=\"noreferrer noopener\">\u00a0Clique aqui e se inscreva.<\/a><\/em><\/strong><\/em><\/strong><\/em><\/strong><\/em><\/strong><\/em><\/strong><\/em><\/strong><\/em><\/strong><\/em><\/strong><\/p>\n","protected":false},"excerpt":{"rendered":"<p>O estado de S\u00e3o Paulo registrou em agosto o menor \u00edndice de roubos desde 2001, quando iniciou a contabiliza\u00e7\u00e3o das ocorr\u00eancias criminais. Os crimes seguem em queda, acompanhando a tend\u00eancia registrada mensalmente neste ano. Os dados s\u00e3o da Secretaria da Seguran\u00e7a P\u00fablica (SSP). A informa\u00e7\u00e3o \u00e9 da Ag\u00eancia SP. No m\u00eas passado, foram 15.185 ocorr\u00eancias &hellip;<\/p>\n","protected":false},"author":1,"featured_media":12098,"comment_status":"open","ping_status":"open","sticky":false,"template":"","format":"standard","meta":{"_jetpack_memberships_contains_paid_content":false,"footnotes":"","jetpack_publicize_message":"","jetpack_publicize_feature_enabled":true,"jetpack_social_post_already_shared":false,"jetpack_social_options":{"image_generator_settings":{"template":"highway","default_image_id":0,"enabled":false},"version":2}},"categories":[3],"tags":[],"class_list":["post-12097","post","type-post","status-publish","format-standard","has-post-thumbnail","hentry","category-policial"],"jetpack_publicize_connections":[],"jetpack_featured_media_url":"https:\/\/i0.wp.com\/www.paparazzinews.com.br\/wp-content\/uploads\/2024\/10\/Policiamento-no-Centro-Pablo-Jacob.jpg?fit=1024%2C683&ssl=1","views":"1578","jetpack_likes_enabled":true,"jetpack_sharing_enabled":true,"_links":{"self":[{"href":"https:\/\/www.paparazzinews.com.br\/index.php?rest_route=\/wp\/v2\/posts\/12097","targetHints":{"allow":["GET"]}}],"collection":[{"href":"https:\/\/www.paparazzinews.com.br\/index.php?rest_route=\/wp\/v2\/posts"}],"about":[{"href":"https:\/\/www.paparazzinews.com.br\/index.php?rest_route=\/wp\/v2\/types\/post"}],"author":[{"embeddable":true,"href":"https:\/\/www.paparazzinews.com.br\/index.php?rest_route=\/wp\/v2\/users\/1"}],"replies":[{"embeddable":true,"href":"https:\/\/www.paparazzinews.com.br\/index.php?rest_route=%2Fwp%2Fv2%2Fcomments&post=12097"}],"version-history":[{"count":1,"href":"https:\/\/www.paparazzinews.com.br\/index.php?rest_route=\/wp\/v2\/posts\/12097\/revisions"}],"predecessor-version":[{"id":12099,"href":"https:\/\/www.paparazzinews.com.br\/index.php?rest_route=\/wp\/v2\/posts\/12097\/revisions\/12099"}],"wp:featuredmedia":[{"embeddable":true,"href":"https:\/\/www.paparazzinews.com.br\/index.php?rest_route=\/wp\/v2\/media\/12098"}],"wp:attachment":[{"href":"https:\/\/www.paparazzinews.com.br\/index.php?rest_route=%2Fwp%2Fv2%2Fmedia&parent=12097"}],"wp:term":[{"taxonomy":"category","embeddable":true,"href":"https:\/\/www.paparazzinews.com.br\/index.php?rest_route=%2Fwp%2Fv2%2Fcategories&post=12097"},{"taxonomy":"post_tag","embeddable":true,"href":"https:\/\/www.paparazzinews.com.br\/index.php?rest_route=%2Fwp%2Fv2%2Ftags&post=12097"}],"curies":[{"name":"wp","href":"https:\/\/api.w.org\/{rel}","templated":true}]}}