{"id":1208,"date":"2022-11-17T17:58:21","date_gmt":"2022-11-17T20:58:21","guid":{"rendered":"https:\/\/www.paparazzinews.com.br\/?p=1208"},"modified":"2022-11-17T17:58:22","modified_gmt":"2022-11-17T20:58:22","slug":"andradina-vai-ampliar-vacinacao-contra-covid-19","status":"publish","type":"post","link":"https:\/\/www.paparazzinews.com.br\/?p=1208","title":{"rendered":"Andradina vai ampliar vacina\u00e7\u00e3o contra Covid-19"},"content":{"rendered":"\n<p>Andradina vai iniciar a vacina\u00e7\u00e3o contra a Covid-19 em crian\u00e7as na pr\u00f3xima quarta-feira (23). Al\u00e9m disso, a cidade ir\u00e1 realizar a intensifica\u00e7\u00e3o de vacina\u00e7\u00e3o entre adolescentes e aplica\u00e7\u00e3o da quarta dose para pessoas com 30 anos ou mais.<\/p>\n\n\n\n<p>Para explicar a atualiza\u00e7\u00e3o vacinal, crian\u00e7as a partir de 3 anos e adolescentes: de 12 a 17 anos 11 meses 29 dias tem que receber 2 doses e 1 refor\u00e7o. Adultos com 30 anos ou mais tem que receber 4 doses, sendo a 4\u00aa, 4 meses ap\u00f3s a 3\u00b0 dose.<\/p>\n\n\n\n<p>\u201cIniciaremos a Pfizer Baby, para crian\u00e7as de 6 meses a 2 anos 11 meses e 29 dias. Nossas equipes j\u00e1 foram capacitadas para essa aplica\u00e7\u00e3o\u201d, disse a coordenadora de Aten\u00e7\u00e3o B\u00e1sica, Carla Back.<\/p>\n\n\n\n<p>A vacina\u00e7\u00e3o acontece no Posto de Sa\u00fade, antigo PAM (Rua Paes Leme, n\u00b0175) de segunda a sexta-feira das 8h \u00e0s 18h. A vacina\u00e7\u00e3o \u00e9 importante para todas as idades, principalmente com a presen\u00e7a de comorbidades, entre elas a diabetes, s\u00edndrome de down, doen\u00e7as pulmonares cr\u00f4nicas graves, cardiopatias, doen\u00e7as renais e imunossuprimidos.<\/p>\n\n\n\n<p>Tamb\u00e9m existe a preocupa\u00e7\u00e3o de se atingir o p\u00fablico que est\u00e1 com doses atrasadas, inclusive a quarta dose.<\/p>\n","protected":false},"excerpt":{"rendered":"<p>Andradina vai iniciar a vacina\u00e7\u00e3o contra a Covid-19 em crian\u00e7as na pr\u00f3xima quarta-feira (23). Al\u00e9m disso, a cidade ir\u00e1 realizar a intensifica\u00e7\u00e3o de vacina\u00e7\u00e3o entre adolescentes e aplica\u00e7\u00e3o da quarta dose para pessoas com 30 anos ou mais. Para explicar a atualiza\u00e7\u00e3o vacinal, crian\u00e7as a partir de 3 anos e adolescentes: de 12 a 17 &hellip;<\/p>\n","protected":false},"author":1,"featured_media":1209,"comment_status":"open","ping_status":"open","sticky":false,"template":"","format":"standard","meta":{"_jetpack_memberships_contains_paid_content":false,"footnotes":"","jetpack_publicize_message":"","jetpack_publicize_feature_enabled":true,"jetpack_social_post_already_shared":false,"jetpack_social_options":{"image_generator_settings":{"template":"highway","default_image_id":0,"enabled":false},"version":2}},"categories":[4],"tags":[],"class_list":["post-1208","post","type-post","status-publish","format-standard","has-post-thumbnail","hentry","category-regiao"],"jetpack_publicize_connections":[],"jetpack_featured_media_url":"https:\/\/i0.wp.com\/www.paparazzinews.com.br\/wp-content\/uploads\/2022\/11\/c8e7fb0b-6c98-4da4-84ea-95060601ba75.jpg?fit=1024%2C683&ssl=1","views":"2410","jetpack_likes_enabled":true,"jetpack_sharing_enabled":true,"_links":{"self":[{"href":"https:\/\/www.paparazzinews.com.br\/index.php?rest_route=\/wp\/v2\/posts\/1208","targetHints":{"allow":["GET"]}}],"collection":[{"href":"https:\/\/www.paparazzinews.com.br\/index.php?rest_route=\/wp\/v2\/posts"}],"about":[{"href":"https:\/\/www.paparazzinews.com.br\/index.php?rest_route=\/wp\/v2\/types\/post"}],"author":[{"embeddable":true,"href":"https:\/\/www.paparazzinews.com.br\/index.php?rest_route=\/wp\/v2\/users\/1"}],"replies":[{"embeddable":true,"href":"https:\/\/www.paparazzinews.com.br\/index.php?rest_route=%2Fwp%2Fv2%2Fcomments&post=1208"}],"version-history":[{"count":1,"href":"https:\/\/www.paparazzinews.com.br\/index.php?rest_route=\/wp\/v2\/posts\/1208\/revisions"}],"predecessor-version":[{"id":1210,"href":"https:\/\/www.paparazzinews.com.br\/index.php?rest_route=\/wp\/v2\/posts\/1208\/revisions\/1210"}],"wp:featuredmedia":[{"embeddable":true,"href":"https:\/\/www.paparazzinews.com.br\/index.php?rest_route=\/wp\/v2\/media\/1209"}],"wp:attachment":[{"href":"https:\/\/www.paparazzinews.com.br\/index.php?rest_route=%2Fwp%2Fv2%2Fmedia&parent=1208"}],"wp:term":[{"taxonomy":"category","embeddable":true,"href":"https:\/\/www.paparazzinews.com.br\/index.php?rest_route=%2Fwp%2Fv2%2Fcategories&post=1208"},{"taxonomy":"post_tag","embeddable":true,"href":"https:\/\/www.paparazzinews.com.br\/index.php?rest_route=%2Fwp%2Fv2%2Ftags&post=1208"}],"curies":[{"name":"wp","href":"https:\/\/api.w.org\/{rel}","templated":true}]}}