{"id":12060,"date":"2024-09-23T16:39:02","date_gmt":"2024-09-23T19:39:02","guid":{"rendered":"https:\/\/www.paparazzinews.com.br\/?p=12060"},"modified":"2024-09-23T16:39:02","modified_gmt":"2024-09-23T19:39:02","slug":"policia-ambiental-resgata-mais-uma-anta-com-queimaduras-em-andradina","status":"publish","type":"post","link":"https:\/\/www.paparazzinews.com.br\/?p=12060","title":{"rendered":"Pol\u00edcia Ambiental resgata mais uma anta com queimaduras em Andradina"},"content":{"rendered":"\n<p>Est\u00e1 sendo tratada na ONG Mata Ciliar, em Jundia\u00ed, uma anta resgatada pela Pol\u00edcia Militar Ambiental no \u00faltimo s\u00e1bado (21), em Andradina. O animal de grande porte, que est\u00e1 em risco de extin\u00e7\u00e3o, foi encontrado por uma funcion\u00e1ria da Usina Ra\u00edzen em um canavial que sofreu um inc\u00eandio. A anta estava desorientada, debilitada e com queimaduras nas patas, al\u00e9m de apresentar sinais de cegueira. A informa\u00e7\u00e3o \u00e9 do Sbtinterior.<br><br>Este \u00e9 o segundo resgate de uma anta na mesma \u00e1rea em menos de duas semanas. No dia 12 de setembro, outro animal da mesma esp\u00e9cie foi encontrado na regi\u00e3o e tamb\u00e9m levado para a ONG Mata Ciliar, mas n\u00e3o resistiu aos ferimentos e acabou morrendo.<\/p>\n\n\n\n<p>A Pol\u00edcia Ambiental foi acionada rapidamente pela funcion\u00e1ria da usina e, ao chegar ao local, conseguiu capturar o animal em seguran\u00e7a. A anta foi ent\u00e3o transportada para a ONG Mata Ciliar, onde est\u00e1 recebendo atendimento veterin\u00e1rio especializado. No entanto, seu estado de sa\u00fade \u00e9 grave.<\/p>\n\n\n\n<p><strong>VULNER\u00c1VEL<\/strong><\/p>\n\n\n\n<p>A anta, maior mam\u00edfero terrestre da Am\u00e9rica do Sul, est\u00e1 listada como &#8220;vulner\u00e1vel&#8221; na Lista Vermelha de Esp\u00e9cies Amea\u00e7adas de Extin\u00e7\u00e3o, de acordo com o Instituto Chico Mendes de Conserva\u00e7\u00e3o da Biodiversidade (ICMBio\/MMA). Inc\u00eandios e a destrui\u00e7\u00e3o de seu habitat s\u00e3o fatores que t\u00eam contribu\u00eddo para o decl\u00ednio dessa esp\u00e9cie.<\/p>\n\n\n\n<p><strong><em><strong><em><strong><em><strong><em><strong><em><strong><em><strong><em><strong><em><strong>Siga nossas redes sociais no\u00a0<a href=\"https:\/\/www.instagram.com\/ronipaparazzi\/\">Instagram\u00a0<\/a>e\u00a0<a href=\"https:\/\/www.facebook.com\/ronipaparazzicomvoce\">Facebook<\/a>\u00a0participe da nossa comunidade do Canal Roni Paparazzi no Whatsapp e receba as principais not\u00edcias da regi\u00e3o de Ara\u00e7atuba do dia direto no seu celular.<\/strong>\u00a0<a href=\"https:\/\/chat.whatsapp.com\/GsG1XKo0jPOEfjzudWQcml\" target=\"_blank\" rel=\"noreferrer noopener\">\u00a0Clique aqui e se inscreva.<\/a><\/em><\/strong><\/em><\/strong><\/em><\/strong><\/em><\/strong><\/em><\/strong><\/em><\/strong><\/em><\/strong><\/em><\/strong><\/p>\n","protected":false},"excerpt":{"rendered":"<p>Est\u00e1 sendo tratada na ONG Mata Ciliar, em Jundia\u00ed, uma anta resgatada pela Pol\u00edcia Militar Ambiental no \u00faltimo s\u00e1bado (21), em Andradina. O animal de grande porte, que est\u00e1 em risco de extin\u00e7\u00e3o, foi encontrado por uma funcion\u00e1ria da Usina Ra\u00edzen em um canavial que sofreu um inc\u00eandio. A anta estava desorientada, debilitada e com &hellip;<\/p>\n","protected":false},"author":1,"featured_media":12061,"comment_status":"open","ping_status":"open","sticky":false,"template":"","format":"standard","meta":{"_jetpack_memberships_contains_paid_content":false,"footnotes":"","jetpack_publicize_message":"","jetpack_publicize_feature_enabled":true,"jetpack_social_post_already_shared":false,"jetpack_social_options":{"image_generator_settings":{"template":"highway","default_image_id":0,"enabled":false},"version":2}},"categories":[3],"tags":[],"class_list":["post-12060","post","type-post","status-publish","format-standard","has-post-thumbnail","hentry","category-policial"],"jetpack_publicize_connections":[],"jetpack_featured_media_url":"https:\/\/i0.wp.com\/www.paparazzinews.com.br\/wp-content\/uploads\/2024\/09\/policia-ambiental-resgata-mais-uma-anta-com-queimaduras-em-andradina-230924_115743.jpg?fit=589%2C400&ssl=1","views":"1985","jetpack_likes_enabled":true,"jetpack_sharing_enabled":true,"_links":{"self":[{"href":"https:\/\/www.paparazzinews.com.br\/index.php?rest_route=\/wp\/v2\/posts\/12060","targetHints":{"allow":["GET"]}}],"collection":[{"href":"https:\/\/www.paparazzinews.com.br\/index.php?rest_route=\/wp\/v2\/posts"}],"about":[{"href":"https:\/\/www.paparazzinews.com.br\/index.php?rest_route=\/wp\/v2\/types\/post"}],"author":[{"embeddable":true,"href":"https:\/\/www.paparazzinews.com.br\/index.php?rest_route=\/wp\/v2\/users\/1"}],"replies":[{"embeddable":true,"href":"https:\/\/www.paparazzinews.com.br\/index.php?rest_route=%2Fwp%2Fv2%2Fcomments&post=12060"}],"version-history":[{"count":1,"href":"https:\/\/www.paparazzinews.com.br\/index.php?rest_route=\/wp\/v2\/posts\/12060\/revisions"}],"predecessor-version":[{"id":12062,"href":"https:\/\/www.paparazzinews.com.br\/index.php?rest_route=\/wp\/v2\/posts\/12060\/revisions\/12062"}],"wp:featuredmedia":[{"embeddable":true,"href":"https:\/\/www.paparazzinews.com.br\/index.php?rest_route=\/wp\/v2\/media\/12061"}],"wp:attachment":[{"href":"https:\/\/www.paparazzinews.com.br\/index.php?rest_route=%2Fwp%2Fv2%2Fmedia&parent=12060"}],"wp:term":[{"taxonomy":"category","embeddable":true,"href":"https:\/\/www.paparazzinews.com.br\/index.php?rest_route=%2Fwp%2Fv2%2Fcategories&post=12060"},{"taxonomy":"post_tag","embeddable":true,"href":"https:\/\/www.paparazzinews.com.br\/index.php?rest_route=%2Fwp%2Fv2%2Ftags&post=12060"}],"curies":[{"name":"wp","href":"https:\/\/api.w.org\/{rel}","templated":true}]}}