{"id":12054,"date":"2024-09-23T16:32:25","date_gmt":"2024-09-23T19:32:25","guid":{"rendered":"https:\/\/www.paparazzinews.com.br\/?p=12054"},"modified":"2024-09-23T16:32:26","modified_gmt":"2024-09-23T19:32:26","slug":"primavera-comeca-com-alerta-da-defesa-civil-do-estado-de-sp-para-risco-de-incendio","status":"publish","type":"post","link":"https:\/\/www.paparazzinews.com.br\/?p=12054","title":{"rendered":"Primavera come\u00e7a com alerta da Defesa Civil do estado de SP para risco de inc\u00eandio"},"content":{"rendered":"\n<p>A Defesa Civil do Estado, por meio do CGE (Centro de Gerenciamento de Emerg\u00eancias), alerta para risco de inc\u00eandio entre segunda-feira, 23 e quinta-feira, 26, em todo estado de S\u00e3o Paulo, exceto o litoral paulista. A informa\u00e7\u00e3o \u00e9 da Ag\u00eancia SP.<\/p>\n\n\n\n<p>O Mapa de Risco de inc\u00eandio, que \u00e9 uma das ferramentas tecnol\u00f3gicas que auxiliam a Defesa Civil no monitoramento de queimadas em vegeta\u00e7\u00e3o durante o per\u00edodo da estiagem, indica grau m\u00e1ximo de risco em quase todas as faixas do estado.<\/p>\n\n\n\n<figure class=\"wp-block-image\"><img data-recalc-dims=\"1\" height=\"277\" width=\"708\" decoding=\"async\" src=\"https:\/\/i0.wp.com\/www.agenciasp.sp.gov.br\/wp-content\/uploads\/2024\/09\/mapa_proximosdias-1024x401.jpg?resize=708%2C277\" alt=\"\" class=\"wp-image-21122\"\/><figcaption class=\"wp-element-caption\">Alerta para risco de inc\u00eandio entre segunda-feira, 23 e quinta-feira, 26, em todo estado de SP (Foto: Divulga\u00e7\u00e3o)<\/figcaption><\/figure>\n\n\n\n<p>Nos pr\u00f3ximos dias, o Estado de S\u00e3o Paulo ser\u00e1 dominado por um clima seco e est\u00e1vel. Sem previs\u00e3o de chuvas, a aten\u00e7\u00e3o se volta para a eleva\u00e7\u00e3o gradual das temperaturas, que trar\u00e3o uma sensa\u00e7\u00e3o de calor e clima seco.<\/p>\n\n\n\n<p>Como o tempo estar\u00e1 seco, os \u00edndices de Umidade Relativa do Ar (URA) devem cair no per\u00edodo da tarde, exceto na faixa litor\u00e2nea. Por conta desse cen\u00e1rio, o risco de inc\u00eandios \u00e9 elevado e requer aten\u00e7\u00e3o especial em \u00e1reas de vegeta\u00e7\u00e3o.<\/p>\n\n\n\n<h2 class=\"wp-block-heading\"><strong>Previs\u00e3o do tempo<\/strong><\/h2>\n\n\n\n<p>As temperaturas podem chegar aos 34\u202f\u00b0C na Regi\u00e3o Metropolitana da Capital, no per\u00edodo mais quente do dia. Destaque para a umidade relativa do ar, que deve ficar abaixo dos 25%.<\/p>\n\n\n\n<p>Para S\u00e3o Jos\u00e9 do Rio Preto, Ara\u00e7atuba, Mar\u00edlia e Presidente Prudente, as temperaturas devem ficar na faixa dos 39\u00b0 C, com URA abaixo dos 20%. Em Franca, Barretos e Ribeiro Preto, os term\u00f4metros podem registrar temperaturas m\u00e1ximas de 38\u00b0C com URA abaixo dos 20%. Nas regi\u00f5es de Araraquara e Bauru, temperatura m\u00e1xima de 37 \u00b0C com URA abaixo dos 25%.<\/p>\n\n\n\n<p>J\u00e1 para a regi\u00e3o de Sorocaba e Campinas, a m\u00e1xima prevista \u00e9 de 36\u00b0C e URA abaixo dos 25%. Para a Regi\u00e3o de Itapeva, m\u00e1xima de 32\u00ba C e URA abaixo dos 40%.<\/p>\n\n\n\n<p>Na Regi\u00e3o do Vale do Para\u00edba, a temperatura m\u00e1xima alcan\u00e7a os 33\u00ba C com URA abaixo dos 30% e na Serra da Mantiqueira, a temperatura m\u00e1xima chega aos 32\u00ba C e a URA fica abaixo dos 30%.<\/p>\n\n\n\n<h2 class=\"wp-block-heading\"><strong>Recomenda\u00e7\u00f5es \u00e0 popula\u00e7\u00e3o<\/strong><\/h2>\n\n\n\n<p>Com risco elevado para queimadas e previs\u00e3o de tempo quente e seco, s\u00e3o recomendados cuidados com a sa\u00fade, que incluem hidrata\u00e7\u00e3o constante e prote\u00e7\u00e3o do sol. A pr\u00e1tica de atividade f\u00edsica ao ar livre deve ser evitada nos hor\u00e1rios mais cr\u00edticos do dia e \u00e9 recomendado o uso de soro nos olhos e nariz.<\/p>\n\n\n\n<p>A Defesa Civil do Estado, em colabora\u00e7\u00e3o com as Defesas Civis Municipais, implementa diversas medidas preventivas, incluindo vistorias nas \u00e1reas mais vulner\u00e1veis \u00e0s queimadas, a constru\u00e7\u00e3o de aceiros e o refor\u00e7o nas campanhas de conscientiza\u00e7\u00e3o direcionadas \u00e0 popula\u00e7\u00e3o.<\/p>\n\n\n\n<h2 class=\"wp-block-heading\"><strong>Combate aos inc\u00eandios<\/strong><\/h2>\n\n\n\n<p>Os cerca de 15 mil agentes e as 20 aeronaves seguem mobilizados para o enfrentamento aos focos de inc\u00eandio no estado de SP. Em caso de emerg\u00eancia, a popula\u00e7\u00e3o deve acionar a Defesa Civil pelo n\u00famero 199, Pol\u00edcia Militar 190 e Corpo de Bombeiros 193.<\/p>\n\n\n\n<p><strong><em><strong><em><strong><em><strong><em><strong><em><strong><em><strong><em><strong><em><strong>Siga nossas redes sociais no\u00a0<a href=\"https:\/\/www.instagram.com\/ronipaparazzi\/\">Instagram\u00a0<\/a>e\u00a0<a href=\"https:\/\/www.facebook.com\/ronipaparazzicomvoce\">Facebook<\/a>\u00a0participe da nossa comunidade do Canal Roni Paparazzi no Whatsapp e receba as principais not\u00edcias da regi\u00e3o de Ara\u00e7atuba do dia direto no seu celular.<\/strong>\u00a0<a href=\"https:\/\/chat.whatsapp.com\/GsG1XKo0jPOEfjzudWQcml\" target=\"_blank\" rel=\"noreferrer noopener\">\u00a0Clique aqui e se inscreva.<\/a><\/em><\/strong><\/em><\/strong><\/em><\/strong><\/em><\/strong><\/em><\/strong><\/em><\/strong><\/em><\/strong><\/em><\/strong><\/p>\n","protected":false},"excerpt":{"rendered":"<p>A Defesa Civil do Estado, por meio do CGE (Centro de Gerenciamento de Emerg\u00eancias), alerta para risco de inc\u00eandio entre segunda-feira, 23 e quinta-feira, 26, em todo estado de S\u00e3o Paulo, exceto o litoral paulista. A informa\u00e7\u00e3o \u00e9 da Ag\u00eancia SP. O Mapa de Risco de inc\u00eandio, que \u00e9 uma das ferramentas tecnol\u00f3gicas que auxiliam &hellip;<\/p>\n","protected":false},"author":1,"featured_media":12055,"comment_status":"open","ping_status":"open","sticky":false,"template":"","format":"standard","meta":{"_jetpack_memberships_contains_paid_content":false,"footnotes":"","jetpack_publicize_message":"","jetpack_publicize_feature_enabled":true,"jetpack_social_post_already_shared":false,"jetpack_social_options":{"image_generator_settings":{"template":"highway","default_image_id":0,"enabled":false},"version":2}},"categories":[4],"tags":[],"class_list":["post-12054","post","type-post","status-publish","format-standard","has-post-thumbnail","hentry","category-regiao"],"jetpack_publicize_connections":[],"jetpack_featured_media_url":"https:\/\/i0.wp.com\/www.paparazzinews.com.br\/wp-content\/uploads\/2024\/09\/incendio.jpg?fit=1152%2C864&ssl=1","views":"1932","jetpack_likes_enabled":true,"jetpack_sharing_enabled":true,"_links":{"self":[{"href":"https:\/\/www.paparazzinews.com.br\/index.php?rest_route=\/wp\/v2\/posts\/12054","targetHints":{"allow":["GET"]}}],"collection":[{"href":"https:\/\/www.paparazzinews.com.br\/index.php?rest_route=\/wp\/v2\/posts"}],"about":[{"href":"https:\/\/www.paparazzinews.com.br\/index.php?rest_route=\/wp\/v2\/types\/post"}],"author":[{"embeddable":true,"href":"https:\/\/www.paparazzinews.com.br\/index.php?rest_route=\/wp\/v2\/users\/1"}],"replies":[{"embeddable":true,"href":"https:\/\/www.paparazzinews.com.br\/index.php?rest_route=%2Fwp%2Fv2%2Fcomments&post=12054"}],"version-history":[{"count":1,"href":"https:\/\/www.paparazzinews.com.br\/index.php?rest_route=\/wp\/v2\/posts\/12054\/revisions"}],"predecessor-version":[{"id":12056,"href":"https:\/\/www.paparazzinews.com.br\/index.php?rest_route=\/wp\/v2\/posts\/12054\/revisions\/12056"}],"wp:featuredmedia":[{"embeddable":true,"href":"https:\/\/www.paparazzinews.com.br\/index.php?rest_route=\/wp\/v2\/media\/12055"}],"wp:attachment":[{"href":"https:\/\/www.paparazzinews.com.br\/index.php?rest_route=%2Fwp%2Fv2%2Fmedia&parent=12054"}],"wp:term":[{"taxonomy":"category","embeddable":true,"href":"https:\/\/www.paparazzinews.com.br\/index.php?rest_route=%2Fwp%2Fv2%2Fcategories&post=12054"},{"taxonomy":"post_tag","embeddable":true,"href":"https:\/\/www.paparazzinews.com.br\/index.php?rest_route=%2Fwp%2Fv2%2Ftags&post=12054"}],"curies":[{"name":"wp","href":"https:\/\/api.w.org\/{rel}","templated":true}]}}