{"id":12039,"date":"2024-09-23T16:18:49","date_gmt":"2024-09-23T19:18:49","guid":{"rendered":"https:\/\/www.paparazzinews.com.br\/?p=12039"},"modified":"2024-09-23T16:18:49","modified_gmt":"2024-09-23T19:18:49","slug":"pm-de-sp-recaptura-676-presos-em-cinco-dias-de-saidinha-temporaria","status":"publish","type":"post","link":"https:\/\/www.paparazzinews.com.br\/?p=12039","title":{"rendered":"PM de SP recaptura 676 presos em cinco dias de \u2018saidinha\u2019 tempor\u00e1ria"},"content":{"rendered":"\n<p>Em cinco dias de \u201csaidinha\u201d tempor\u00e1ria, a Pol\u00edcia Militar de S\u00e3o Paulo bateu o recorde de presos recapturados desde o in\u00edcio da gest\u00e3o. Foram 654 detentos presos por descumprimento de medidas judiciais, al\u00e9m de 22 que foram flagrados cometendo novos crimes. O per\u00edodo do benef\u00edcio come\u00e7ou na ter\u00e7a-feira (17) e termina nesta segunda (23).<\/p>\n\n\n\n<p>At\u00e9 a s\u00e1bado (21), do total de detentos recapturados, 254 estavam na cidade de S\u00e3o Paulo e na regi\u00e3o metropolitana, conforme o balan\u00e7o atualizado do Centro de Opera\u00e7\u00f5es da Pol\u00edcia Militar (Copom). No interior paulista, os policiais recapturaram 400 detentos: 112 na regi\u00e3o de Ribeir\u00e3o Preto; 43 em S\u00e3o Jos\u00e9 do Rio Preto; 43 em Sorocaba; 41 em Piracicaba; 40 em Bauru; 36 em S\u00e3o Jos\u00e9 dos Campos; 29 em Campinas; 25 em Presidente Prudente; 24 em Santos e e 7 em Ara\u00e7atuba.<\/p>\n\n\n\n<p>Dos presos em flagrante, foram 4 na capital e regi\u00e3o metropolitana e 18 no interior do estado, com destaque para a regi\u00e3o de Campinas, com 4. \u00a0Durante a \u201csaidinha\u201d, os detentos n\u00e3o podem violar as medidas impostas pela Justi\u00e7a para manter o benef\u00edcio. Eles precisam permanecer na cidade informada \u00e0 Justi\u00e7a, n\u00e3o podem ficar na rua no per\u00edodo noturno e nem frequentar bares, boates, envolver-se em brigas ou praticar qualquer outro ato considerado grave perante o Poder Judici\u00e1rio.<\/p>\n\n\n\n<p>O descumprimento resulta na pris\u00e3o e no retorno ao sistema prisional, conforme portaria publicada pela Secretaria da Seguran\u00e7a P\u00fablica (SSP), com anu\u00eancia da Secretaria de Administra\u00e7\u00e3o Penitenci\u00e1ria (SAP), no ano passado.<\/p>\n\n\n\n<p>Os detentos recapturados s\u00e3o encaminhados ao Instituto M\u00e9dico Legal (IML) para exame pericial e, em seguida, levados ao sistema prisional.<\/p>\n\n\n\n<p>Na \u00faltima sa\u00edda tempor\u00e1ria de presos, realizada entre 11 e 17 de junho, 677 detentos recapturados, sendo 654 pela PM, violando as medidas impostas pela Justi\u00e7a<\/p>\n\n\n\n<p><strong><em><strong><em><strong><em><strong><em><strong><em><strong><em><strong><em><strong><em><strong>Siga nossas redes sociais no\u00a0<a href=\"https:\/\/www.instagram.com\/ronipaparazzi\/\">Instagram\u00a0<\/a>e\u00a0<a href=\"https:\/\/www.facebook.com\/ronipaparazzicomvoce\">Facebook<\/a>\u00a0participe da nossa comunidade do Canal Roni Paparazzi no Whatsapp e receba as principais not\u00edcias da regi\u00e3o de Ara\u00e7atuba do dia direto no seu celular.<\/strong>\u00a0<a href=\"https:\/\/chat.whatsapp.com\/GsG1XKo0jPOEfjzudWQcml\" target=\"_blank\" rel=\"noreferrer noopener\">\u00a0Clique aqui e se inscreva.<\/a><\/em><\/strong><\/em><\/strong><\/em><\/strong><\/em><\/strong><\/em><\/strong><\/em><\/strong><\/em><\/strong><\/em><\/strong><\/p>\n","protected":false},"excerpt":{"rendered":"<p>Em cinco dias de \u201csaidinha\u201d tempor\u00e1ria, a Pol\u00edcia Militar de S\u00e3o Paulo bateu o recorde de presos recapturados desde o in\u00edcio da gest\u00e3o. Foram 654 detentos presos por descumprimento de medidas judiciais, al\u00e9m de 22 que foram flagrados cometendo novos crimes. O per\u00edodo do benef\u00edcio come\u00e7ou na ter\u00e7a-feira (17) e termina nesta segunda (23). At\u00e9 &hellip;<\/p>\n","protected":false},"author":1,"featured_media":12040,"comment_status":"open","ping_status":"open","sticky":false,"template":"","format":"standard","meta":{"_jetpack_memberships_contains_paid_content":false,"footnotes":"","jetpack_publicize_message":"","jetpack_publicize_feature_enabled":true,"jetpack_social_post_already_shared":false,"jetpack_social_options":{"image_generator_settings":{"template":"highway","default_image_id":0,"enabled":false},"version":2}},"categories":[3],"tags":[],"class_list":["post-12039","post","type-post","status-publish","format-standard","has-post-thumbnail","hentry","category-policial"],"jetpack_publicize_connections":[],"jetpack_featured_media_url":"https:\/\/i0.wp.com\/www.paparazzinews.com.br\/wp-content\/uploads\/2024\/09\/00056382.jpg?fit=1000%2C666&ssl=1","views":"1985","jetpack_likes_enabled":true,"jetpack_sharing_enabled":true,"_links":{"self":[{"href":"https:\/\/www.paparazzinews.com.br\/index.php?rest_route=\/wp\/v2\/posts\/12039","targetHints":{"allow":["GET"]}}],"collection":[{"href":"https:\/\/www.paparazzinews.com.br\/index.php?rest_route=\/wp\/v2\/posts"}],"about":[{"href":"https:\/\/www.paparazzinews.com.br\/index.php?rest_route=\/wp\/v2\/types\/post"}],"author":[{"embeddable":true,"href":"https:\/\/www.paparazzinews.com.br\/index.php?rest_route=\/wp\/v2\/users\/1"}],"replies":[{"embeddable":true,"href":"https:\/\/www.paparazzinews.com.br\/index.php?rest_route=%2Fwp%2Fv2%2Fcomments&post=12039"}],"version-history":[{"count":1,"href":"https:\/\/www.paparazzinews.com.br\/index.php?rest_route=\/wp\/v2\/posts\/12039\/revisions"}],"predecessor-version":[{"id":12041,"href":"https:\/\/www.paparazzinews.com.br\/index.php?rest_route=\/wp\/v2\/posts\/12039\/revisions\/12041"}],"wp:featuredmedia":[{"embeddable":true,"href":"https:\/\/www.paparazzinews.com.br\/index.php?rest_route=\/wp\/v2\/media\/12040"}],"wp:attachment":[{"href":"https:\/\/www.paparazzinews.com.br\/index.php?rest_route=%2Fwp%2Fv2%2Fmedia&parent=12039"}],"wp:term":[{"taxonomy":"category","embeddable":true,"href":"https:\/\/www.paparazzinews.com.br\/index.php?rest_route=%2Fwp%2Fv2%2Fcategories&post=12039"},{"taxonomy":"post_tag","embeddable":true,"href":"https:\/\/www.paparazzinews.com.br\/index.php?rest_route=%2Fwp%2Fv2%2Ftags&post=12039"}],"curies":[{"name":"wp","href":"https:\/\/api.w.org\/{rel}","templated":true}]}}